{"id":2053,"date":"2015-12-25T21:27:47","date_gmt":"2015-12-25T18:27:47","guid":{"rendered":"http:\/\/www.rukajarvensuunnanhistoriayhdistys.fi\/rukajarvikeskus\/?p=2053"},"modified":"2015-12-25T21:33:26","modified_gmt":"2015-12-25T18:33:26","slug":"102-vuotiaan-mikko-bergmanin-marskin-veneentekijan-joulutervehdys","status":"publish","type":"post","link":"https:\/\/www.rukajarvensuunnanhistoriayhdistys.fi\/rukajarvikeskus\/ajankohtaista\/102-vuotiaan-mikko-bergmanin-marskin-veneentekijan-joulutervehdys\/","title":{"rendered":"102 vuotiaan Mikko Bergmanin \u2013 \u201dMarskin veneentekij\u00e4n\u201d Joulutervehdys"},"content":{"rendered":"<div class=\"fcbkbttn_buttons_block\" id=\"fcbkbttn_left\"><div class=\"fcbkbttn_like \"><fb:like href=\"https:\/\/www.rukajarvensuunnanhistoriayhdistys.fi\/rukajarvikeskus\/ajankohtaista\/102-vuotiaan-mikko-bergmanin-marskin-veneentekijan-joulutervehdys\/\" action=\"like\" colorscheme=\"light\" layout=\"button_count\"  size=\"small\"><\/fb:like><\/div><\/div><p>Hyv\u00e4\u00e4 Joulua virke\u00e4n jo 102-vuotiaan Mikko Bergmanin, \u201dMarskin veneentekij\u00e4n seurassa. Haastattelun voitte katsoa <a href=\"https:\/\/www.facebook.com\/sotaveteraaniliitto\/videos\/660290600779801\/?video_source=pages_finch_main_video&amp;theater\"><u><span style=\"color: #6d441c;\">T\u00c4\u00c4LT\u00c4<\/span><\/u><\/a>.<\/p>\n<figure id=\"attachment_1983\" aria-describedby=\"caption-attachment-1983\" style=\"width: 4592px\" class=\"wp-caption alignnone\"><a href=\"http:\/\/www.rukajarvensuunnanhistoriayhdistys.fi\/rukajarvikeskus\/wp-content\/uploads\/2015\/09\/DSC01431.jpg\" rel=\"attachment wp-att-1983\"><img loading=\"lazy\" decoding=\"async\" class=\"wp-image-1983 size-full\" src=\"http:\/\/www.rukajarvensuunnanhistoriayhdistys.fi\/rukajarvikeskus\/wp-content\/uploads\/2015\/09\/DSC01431.jpg\" alt=\"Veteraani Mikko Bergman, sek\u00e4 RSHY:n hallituksen j\u00e4senet, Pentti K\u00e4rkk\u00e4inen, Aila Elo, Ossi Lainen, Antero Huttunen. Kuva Tenho Tikkanen.\" width=\"4592\" height=\"3056\" srcset=\"https:\/\/www.rukajarvensuunnanhistoriayhdistys.fi\/rukajarvikeskus\/wp-content\/uploads\/2015\/09\/DSC01431.jpg 4592w, https:\/\/www.rukajarvensuunnanhistoriayhdistys.fi\/rukajarvikeskus\/wp-content\/uploads\/2015\/09\/DSC01431-300x200.jpg 300w, https:\/\/www.rukajarvensuunnanhistoriayhdistys.fi\/rukajarvikeskus\/wp-content\/uploads\/2015\/09\/DSC01431-1024x681.jpg 1024w\" sizes=\"auto, (max-width: 4592px) 100vw, 4592px\" \/><\/a><figcaption id=\"caption-attachment-1983\" class=\"wp-caption-text\">Veteraani Mikko Bergman, sek\u00e4 RSHY:n hallituksen j\u00e4senet, Pentti K\u00e4rkk\u00e4inen, Aila Elo, Ossi Lainen, Antero Huttunen. Kuva Tenho Tikkanen, kuva otettu 27.9.2015.<\/figcaption><\/figure>\n<p>Mikko Bergman, 102-vuotias kahden sodan veteraani ja sotainvalidi asuu hoitokodissa Iisalmessa. Bergman toimi jatkosodassa puusepp\u00e4n\u00e4 Rukaj\u00e4rvell\u00e4. Komentaja R<span class=\"text_exposed_hide\">\u2026<\/span><span class=\"text_exposed_show\">aappana antoi Bermanin veljeksille Aatulle ja Mikolle erityisteht\u00e4v\u00e4n. He saivat teht\u00e4v\u00e4kseen veneen rakentamisen Rukaj\u00e4rven rintaman Marskille 75-vuotislahjaksi tekem\u00e4lle Marskin Majalle, joka sodan lopulla siirrettiin Lopelle. Bergman on vieraillut majalla 6 kertaa ja er\u00e4\u00e4n k\u00e4yntins\u00e4 yhteydess\u00e4 h\u00e4n lupasi lahjoittaa sinne viimeiseksi tekem\u00e4ns\u00e4 veneen. Lahjaveneen h\u00e4n luovutti Marskin Majalle 28.7.2004. Sen otti vastaan Suomen Marsalkka Mannerheimin Maja -yhdistyksen silloinen puheenjohtaja kenraali Sami Sihvo.<\/span><\/p>\n<div class=\"text_exposed_show\">\n<p>Mikko Bergman on kotoisin Sonkaj\u00e4rvelt\u00e4, jossa h\u00e4n toimi maanviljelij\u00e4n\u00e4 ja puusepp\u00e4n\u00e4. Sodan j\u00e4lkeen h\u00e4n teki satoja puuveneit\u00e4 ja my\u00f6s lasikuituveneit\u00e4. Komentaja Raappana pani merkille Mikko Bergmanin puusep\u00e4n taidot, joten h\u00e4n pyysi tekem\u00e4\u00e4n Marskin Majalle my\u00f6s huonekaluja ja k\u00e4ytt\u00f6esineit\u00e4 kuten tuohivirsut Marskin k\u00e4ytt\u00f6\u00f6n.<\/p>\n<p>Mikko Bergmanin yhden tunnin mittainen jo 24.11.2011 tehty haastattelu on n\u00e4ht\u00e4viss\u00e4 Rukaj\u00e4rvi-keskuksissa.<\/p>\n<\/div>\n","protected":false},"excerpt":{"rendered":"<p>Hyv\u00e4\u00e4 Joulua virke\u00e4n jo 102-vuotiaan Mikko Bergmanin, \u201dMarskin veneentekij\u00e4n seurassa. Haastattelun voitte katsoa T\u00c4\u00c4LT\u00c4. Mikko Bergman, 102-vuotias kahden sodan veteraani ja sotainvalidi asuu hoitokodissa Iisalmessa. Bergman toimi jatkosodassa puusepp\u00e4n\u00e4 Rukaj\u00e4rvell\u00e4. <a class=\"more-link\" href=\"https:\/\/www.rukajarvensuunnanhistoriayhdistys.fi\/rukajarvikeskus\/ajankohtaista\/102-vuotiaan-mikko-bergmanin-marskin-veneentekijan-joulutervehdys\/\">Lue lis\u00e4\u00e4&#8230;<span class=\"screen-reader-text\">102 vuotiaan Mikko Bergmanin \u2013 \u201dMarskin veneentekij\u00e4n\u201d Joulutervehdys<\/span><span class=\"meta-nav\">\u2192<\/span><\/a><\/p>\n","protected":false},"author":4,"featured_media":1983,"comment_status":"closed","ping_status":"open","sticky":false,"template":"","format":"standard","meta":{"ngg_post_thumbnail":0,"_jetpack_newsletter_access":"","_jetpack_dont_email_post_to_subs":false,"_jetpack_newsletter_tier_id":0,"_jetpack_memberships_contains_paywalled_content":false,"_jetpack_memberships_contains_paid_content":false,"footnotes":""},"categories":[26],"tags":[],"class_list":["post-2053","post","type-post","status-publish","format-standard","has-post-thumbnail","hentry","category-ajankohtaista"],"jetpack_featured_media_url":"https:\/\/www.rukajarvensuunnanhistoriayhdistys.fi\/rukajarvikeskus\/wp-content\/uploads\/2015\/09\/DSC01431.jpg","jetpack_sharing_enabled":true,"jetpack_shortlink":"https:\/\/wp.me\/p72N2f-x7","_links":{"self":[{"href":"https:\/\/www.rukajarvensuunnanhistoriayhdistys.fi\/rukajarvikeskus\/wp-json\/wp\/v2\/posts\/2053","targetHints":{"allow":["GET"]}}],"collection":[{"href":"https:\/\/www.rukajarvensuunnanhistoriayhdistys.fi\/rukajarvikeskus\/wp-json\/wp\/v2\/posts"}],"about":[{"href":"https:\/\/www.rukajarvensuunnanhistoriayhdistys.fi\/rukajarvikeskus\/wp-json\/wp\/v2\/types\/post"}],"author":[{"embeddable":true,"href":"https:\/\/www.rukajarvensuunnanhistoriayhdistys.fi\/rukajarvikeskus\/wp-json\/wp\/v2\/users\/4"}],"replies":[{"embeddable":true,"href":"https:\/\/www.rukajarvensuunnanhistoriayhdistys.fi\/rukajarvikeskus\/wp-json\/wp\/v2\/comments?post=2053"}],"version-history":[{"count":1,"href":"https:\/\/www.rukajarvensuunnanhistoriayhdistys.fi\/rukajarvikeskus\/wp-json\/wp\/v2\/posts\/2053\/revisions"}],"predecessor-version":[{"id":2054,"href":"https:\/\/www.rukajarvensuunnanhistoriayhdistys.fi\/rukajarvikeskus\/wp-json\/wp\/v2\/posts\/2053\/revisions\/2054"}],"wp:featuredmedia":[{"embeddable":true,"href":"https:\/\/www.rukajarvensuunnanhistoriayhdistys.fi\/rukajarvikeskus\/wp-json\/wp\/v2\/media\/1983"}],"wp:attachment":[{"href":"https:\/\/www.rukajarvensuunnanhistoriayhdistys.fi\/rukajarvikeskus\/wp-json\/wp\/v2\/media?parent=2053"}],"wp:term":[{"taxonomy":"category","embeddable":true,"href":"https:\/\/www.rukajarvensuunnanhistoriayhdistys.fi\/rukajarvikeskus\/wp-json\/wp\/v2\/categories?post=2053"},{"taxonomy":"post_tag","embeddable":true,"href":"https:\/\/www.rukajarvensuunnanhistoriayhdistys.fi\/rukajarvikeskus\/wp-json\/wp\/v2\/tags?post=2053"}],"curies":[{"name":"wp","href":"https:\/\/api.w.org\/{rel}","templated":true}]}}