{"id":2056,"date":"2015-12-26T21:43:55","date_gmt":"2015-12-26T18:43:55","guid":{"rendered":"http:\/\/www.rukajarvensuunnanhistoriayhdistys.fi\/rukajarvikeskus\/?p=2056"},"modified":"2015-12-26T22:05:02","modified_gmt":"2015-12-26T19:05:02","slug":"pian-100-vuotiaan-pentti-perttulin-joulu-rukajarven-rintamalla-1941","status":"publish","type":"post","link":"https:\/\/www.rukajarvensuunnanhistoriayhdistys.fi\/rukajarvikeskus\/ajankohtaista\/pian-100-vuotiaan-pentti-perttulin-joulu-rukajarven-rintamalla-1941\/","title":{"rendered":"Pian 100-vuotiaan Pentti Perttulin joulu Rukaj\u00e4rven rintamalla 1941."},"content":{"rendered":"<div class=\"fcbkbttn_buttons_block\" id=\"fcbkbttn_left\"><div class=\"fcbkbttn_like \"><fb:like href=\"https:\/\/www.rukajarvensuunnanhistoriayhdistys.fi\/rukajarvikeskus\/ajankohtaista\/pian-100-vuotiaan-pentti-perttulin-joulu-rukajarven-rintamalla-1941\/\" action=\"like\" colorscheme=\"light\" layout=\"button_count\"  size=\"small\"><\/fb:like><\/div><\/div><p>Pian 100 vuotta t\u00e4ytt\u00e4v\u00e4 veteraani Pentti Perttuli (s. 10.3.1916 ) kirjoittaa Rukaj\u00e4rven suunnan historiikkitoimikunnalle vuonna 1989 kirjoittamissaan muistelmissa Jatkosodan ensimm\u00e4isest\u00e4 rintamalla viett\u00e4m\u00e4st\u00e4\u00e4n joulusta vuonna 1941.<\/p>\n<figure id=\"attachment_2057\" aria-describedby=\"caption-attachment-2057\" style=\"width: 2092px\" class=\"wp-caption alignnone\"><a href=\"http:\/\/www.rukajarvensuunnanhistoriayhdistys.fi\/rukajarvikeskus\/wp-content\/uploads\/2015\/12\/kuva-93-Perttuli.jpg\" rel=\"attachment wp-att-2057\"><img loading=\"lazy\" decoding=\"async\" class=\"wp-image-2057 size-full\" src=\"http:\/\/www.rukajarvensuunnanhistoriayhdistys.fi\/rukajarvikeskus\/wp-content\/uploads\/2015\/12\/kuva-93-Perttuli.jpg\" alt=\"Pentti Perttuli Rukaj\u00e4rven rintamalla 4.9.1944, jolloin h\u00e4n oli juuri saanut tiedon aselevosta.\" width=\"2092\" height=\"3137\" srcset=\"https:\/\/www.rukajarvensuunnanhistoriayhdistys.fi\/rukajarvikeskus\/wp-content\/uploads\/2015\/12\/kuva-93-Perttuli.jpg 2092w, https:\/\/www.rukajarvensuunnanhistoriayhdistys.fi\/rukajarvikeskus\/wp-content\/uploads\/2015\/12\/kuva-93-Perttuli-200x300.jpg 200w, https:\/\/www.rukajarvensuunnanhistoriayhdistys.fi\/rukajarvikeskus\/wp-content\/uploads\/2015\/12\/kuva-93-Perttuli-768x1152.jpg 768w, https:\/\/www.rukajarvensuunnanhistoriayhdistys.fi\/rukajarvikeskus\/wp-content\/uploads\/2015\/12\/kuva-93-Perttuli-683x1024.jpg 683w\" sizes=\"auto, (max-width: 2092px) 100vw, 2092px\" \/><\/a><figcaption id=\"caption-attachment-2057\" class=\"wp-caption-text\">Pentti Perttuli Rukaj\u00e4rven rintamalla 4.9.1944, jolloin h\u00e4n oli juuri saanut tiedon aselevosta.<\/figcaption><\/figure>\n<p>Kuva on otettu 4.9.1944 juuri kun h\u00e4n oli saanut tiedon aselevosta. Kuvan on Perttulin mielest\u00e4 t\u00e4rkein h\u00e4nenJatkosodan valokuvistaan, joita h\u00e4nen arkistossaan on n. 2000.<\/p>\n<p>Perttulin kirjoituksen voi katsoa linkin takaa <a href=\"https:\/\/youtu.be\/U4ExoNbOA4o\"><u><span style=\"color: #6d441c;\">T\u00c4\u00c4LT\u00c4<\/span><\/u><\/a>.<\/p>\n<p>&nbsp;<\/p>\n","protected":false},"excerpt":{"rendered":"<p>Pian 100 vuotta t\u00e4ytt\u00e4v\u00e4 veteraani Pentti Perttuli (s. 10.3.1916 ) kirjoittaa Rukaj\u00e4rven suunnan historiikkitoimikunnalle vuonna 1989 kirjoittamissaan muistelmissa Jatkosodan ensimm\u00e4isest\u00e4 rintamalla viett\u00e4m\u00e4st\u00e4\u00e4n joulusta vuonna 1941. Kuva on otettu 4.9.1944 juuri <a class=\"more-link\" href=\"https:\/\/www.rukajarvensuunnanhistoriayhdistys.fi\/rukajarvikeskus\/ajankohtaista\/pian-100-vuotiaan-pentti-perttulin-joulu-rukajarven-rintamalla-1941\/\">Lue lis\u00e4\u00e4&#8230;<span class=\"screen-reader-text\">Pian 100-vuotiaan Pentti Perttulin joulu Rukaj\u00e4rven rintamalla 1941.<\/span><span class=\"meta-nav\">\u2192<\/span><\/a><\/p>\n","protected":false},"author":4,"featured_media":0,"comment_status":"closed","ping_status":"open","sticky":false,"template":"","format":"standard","meta":{"ngg_post_thumbnail":0,"_jetpack_newsletter_access":"","_jetpack_dont_email_post_to_subs":false,"_jetpack_newsletter_tier_id":0,"_jetpack_memberships_contains_paywalled_content":false,"_jetpack_memberships_contains_paid_content":false,"footnotes":""},"categories":[26],"tags":[],"class_list":["post-2056","post","type-post","status-publish","format-standard","hentry","category-ajankohtaista"],"jetpack_featured_media_url":"","jetpack_sharing_enabled":true,"jetpack_shortlink":"https:\/\/wp.me\/p72N2f-xa","_links":{"self":[{"href":"https:\/\/www.rukajarvensuunnanhistoriayhdistys.fi\/rukajarvikeskus\/wp-json\/wp\/v2\/posts\/2056","targetHints":{"allow":["GET"]}}],"collection":[{"href":"https:\/\/www.rukajarvensuunnanhistoriayhdistys.fi\/rukajarvikeskus\/wp-json\/wp\/v2\/posts"}],"about":[{"href":"https:\/\/www.rukajarvensuunnanhistoriayhdistys.fi\/rukajarvikeskus\/wp-json\/wp\/v2\/types\/post"}],"author":[{"embeddable":true,"href":"https:\/\/www.rukajarvensuunnanhistoriayhdistys.fi\/rukajarvikeskus\/wp-json\/wp\/v2\/users\/4"}],"replies":[{"embeddable":true,"href":"https:\/\/www.rukajarvensuunnanhistoriayhdistys.fi\/rukajarvikeskus\/wp-json\/wp\/v2\/comments?post=2056"}],"version-history":[{"count":1,"href":"https:\/\/www.rukajarvensuunnanhistoriayhdistys.fi\/rukajarvikeskus\/wp-json\/wp\/v2\/posts\/2056\/revisions"}],"predecessor-version":[{"id":2058,"href":"https:\/\/www.rukajarvensuunnanhistoriayhdistys.fi\/rukajarvikeskus\/wp-json\/wp\/v2\/posts\/2056\/revisions\/2058"}],"wp:attachment":[{"href":"https:\/\/www.rukajarvensuunnanhistoriayhdistys.fi\/rukajarvikeskus\/wp-json\/wp\/v2\/media?parent=2056"}],"wp:term":[{"taxonomy":"category","embeddable":true,"href":"https:\/\/www.rukajarvensuunnanhistoriayhdistys.fi\/rukajarvikeskus\/wp-json\/wp\/v2\/categories?post=2056"},{"taxonomy":"post_tag","embeddable":true,"href":"https:\/\/www.rukajarvensuunnanhistoriayhdistys.fi\/rukajarvikeskus\/wp-json\/wp\/v2\/tags?post=2056"}],"curies":[{"name":"wp","href":"https:\/\/api.w.org\/{rel}","templated":true}]}}