{"id":2071,"date":"2016-01-24T21:12:09","date_gmt":"2016-01-24T18:12:09","guid":{"rendered":"http:\/\/www.rukajarvensuunnanhistoriayhdistys.fi\/rukajarvikeskus\/?p=2071"},"modified":"2016-01-25T12:14:50","modified_gmt":"2016-01-25T09:14:50","slug":"raine-narvan-esitelma-muurmannin-radan-partioretki-kiinnostaa-tilaisuuksissa-jo-yli-1000-henkiloa","status":"publish","type":"post","link":"https:\/\/www.rukajarvensuunnanhistoriayhdistys.fi\/rukajarvikeskus\/ajankohtaista\/raine-narvan-esitelma-muurmannin-radan-partioretki-kiinnostaa-tilaisuuksissa-jo-yli-1000-henkiloa\/","title":{"rendered":"Raine Narvan esitelm\u00e4: Muurmannin radan partioretki kiinnostaa &#8211; tilaisuuksissa jo n. 1300 henkil\u00f6\u00e4."},"content":{"rendered":"<div class=\"fcbkbttn_buttons_block\" id=\"fcbkbttn_left\"><div class=\"fcbkbttn_like \"><fb:like href=\"https:\/\/www.rukajarvensuunnanhistoriayhdistys.fi\/rukajarvikeskus\/ajankohtaista\/raine-narvan-esitelma-muurmannin-radan-partioretki-kiinnostaa-tilaisuuksissa-jo-yli-1000-henkiloa\/\" action=\"like\" colorscheme=\"light\" layout=\"button_count\"  size=\"small\"><\/fb:like><\/div><\/div><p>Raine Narvan esitelm\u00e4n Is\u00e4ni Sotakirjeenvaihtaja &#8211; Muumannin radan partioretki on kuullut jo tuhatkolmesataa henkil\u00f6\u00e4. Partio aloitti matkansa 14.1.1942. Tasan 74 vuotta my\u00f6hemmin luentotilaisuus j\u00e4rjestettiin S\u00e4kyl\u00e4ss\u00e4 Pentti Perttulin kotipaikkakunnalla.\u00a0 Pentti Perttuli t\u00e4ytt\u00e4\u00e4 13.3.2016 100 vuotta. H\u00e4n toimi suuntapartion johtajana. S\u00e4kyl\u00e4n tilaisuudessa oli mukana veteraani Ilmari Koppinen (98 v.), joka osallistui partioretkelle joukkueensa kanssa. H\u00e4n k\u00e4ytti tuossa tilaisuudessa mielenkiintoisen puheenvuoron. Se on julkaistu yhdistyksemme nettisivulla.<\/p>\n<figure id=\"attachment_2077\" aria-describedby=\"caption-attachment-2077\" style=\"width: 4592px\" class=\"wp-caption alignnone\"><a href=\"http:\/\/www.rukajarvensuunnanhistoriayhdistys.fi\/rukajarvikeskus\/wp-content\/uploads\/2016\/01\/DSC01512.jpg\" rel=\"attachment wp-att-2077\"><img loading=\"lazy\" decoding=\"async\" class=\"wp-image-2077 size-full\" src=\"http:\/\/www.rukajarvensuunnanhistoriayhdistys.fi\/rukajarvikeskus\/wp-content\/uploads\/2016\/01\/DSC01512.jpg\" alt=\"Raine Narvan esitelm\u00e4n on n\u00e4hnyt jo yli 1000 henkil\u00f6\u00e4.\" width=\"4592\" height=\"3056\" srcset=\"https:\/\/www.rukajarvensuunnanhistoriayhdistys.fi\/rukajarvikeskus\/wp-content\/uploads\/2016\/01\/DSC01512.jpg 4592w, https:\/\/www.rukajarvensuunnanhistoriayhdistys.fi\/rukajarvikeskus\/wp-content\/uploads\/2016\/01\/DSC01512-300x200.jpg 300w, https:\/\/www.rukajarvensuunnanhistoriayhdistys.fi\/rukajarvikeskus\/wp-content\/uploads\/2016\/01\/DSC01512-768x511.jpg 768w, https:\/\/www.rukajarvensuunnanhistoriayhdistys.fi\/rukajarvikeskus\/wp-content\/uploads\/2016\/01\/DSC01512-1024x681.jpg 1024w\" sizes=\"auto, (max-width: 4592px) 100vw, 4592px\" \/><\/a><figcaption id=\"caption-attachment-2077\" class=\"wp-caption-text\">Raine Narvan esitelm\u00e4n on n\u00e4hnyt jo yli 1000 henkil\u00f6\u00e4.<\/figcaption><\/figure>\n<figure id=\"attachment_2076\" aria-describedby=\"caption-attachment-2076\" style=\"width: 4592px\" class=\"wp-caption alignnone\"><a href=\"http:\/\/www.rukajarvensuunnanhistoriayhdistys.fi\/rukajarvikeskus\/wp-content\/uploads\/2016\/01\/DSC01519.jpg\" rel=\"attachment wp-att-2076\"><img loading=\"lazy\" decoding=\"async\" class=\"wp-image-2076 size-full\" src=\"http:\/\/www.rukajarvensuunnanhistoriayhdistys.fi\/rukajarvikeskus\/wp-content\/uploads\/2016\/01\/DSC01519.jpg\" alt=\"Professori Ilmari Koppinen kertoi S\u00e4kyl\u00e4n tilaisuudessa partioretken kokemuksistaan.\" width=\"4592\" height=\"3056\" srcset=\"https:\/\/www.rukajarvensuunnanhistoriayhdistys.fi\/rukajarvikeskus\/wp-content\/uploads\/2016\/01\/DSC01519.jpg 4592w, https:\/\/www.rukajarvensuunnanhistoriayhdistys.fi\/rukajarvikeskus\/wp-content\/uploads\/2016\/01\/DSC01519-300x200.jpg 300w, https:\/\/www.rukajarvensuunnanhistoriayhdistys.fi\/rukajarvikeskus\/wp-content\/uploads\/2016\/01\/DSC01519-768x511.jpg 768w, https:\/\/www.rukajarvensuunnanhistoriayhdistys.fi\/rukajarvikeskus\/wp-content\/uploads\/2016\/01\/DSC01519-1024x681.jpg 1024w\" sizes=\"auto, (max-width: 4592px) 100vw, 4592px\" \/><\/a><figcaption id=\"caption-attachment-2076\" class=\"wp-caption-text\">Professori Ilmari Koppinen kertoi S\u00e4kyl\u00e4n tilaisuudessa partioretken kokemuksistaan.<\/figcaption><\/figure>\n<p>Tilaisuuden j\u00e4rjestelyist\u00e4 vastasi Pentti Perttulin poika Tapio Perttuli. T\u00edlaisuuden juontajana toimi Erika Perttuli-Borobio.<\/p>\n<p><strong><strong>Loimaalla 21.1.2016 luentotila t\u00e4yttyi \u00e4\u00e4ri\u00e4\u00e4n my\u00f6ten<\/strong><\/strong><\/p>\n<p>Raine Narvan kotipaikkakunnalla Loimaalla luento oli koonnut yli 200 henkil\u00f6\u00e4 ja kun luentosaliin ei mahtunut enemp\u00e4\u00e4. Loimaalla j\u00e4rjestet\u00e4\u00e4n toinen luentotilaisuus my\u00f6hemmin.<\/p>\n<p><strong><strong>Kiurvuden kultturikeskukseen tilaisuudessa \u00a0n. 250 kuulijaa<\/strong><\/strong><\/p>\n<p>Muurmannin partio palasi partioretkelt\u00e4 23.1.1942. Kiuruveden tilaisuus oli tarkoituksella j\u00e4rjestetty 23.1.2016, jolloin tuli kuluneeksi 74 vuotta partioretkelt\u00e4 palaamisesta. My\u00f6s Kiuruveden tilaisuudessa oli yksi partioretkelle osallistuneista veteraaneista paikalla. Tauno Tikkanen t\u00e4ytt\u00e4\u00e4 pian 100 vuotta. Narva onnitteli partioretkelle osallistuneita i\u00e4kk\u00e4it\u00e4 veteraaneja, Pentti Perttulia (13.3.1916), Tauno Tikkasta (10.3.1916) ja Ilmari Koppista (8.1.1918).<\/p>\n<p><a href=\"http:\/\/www.rukajarvensuunnanhistoriayhdistys.fi\/rukajarvikeskus\/wp-content\/uploads\/2016\/01\/Ikiveteraanit-jpg.jpg\" rel=\"attachment wp-att-2075\"><img loading=\"lazy\" decoding=\"async\" class=\"alignnone wp-image-2075 size-full\" src=\"http:\/\/www.rukajarvensuunnanhistoriayhdistys.fi\/rukajarvikeskus\/wp-content\/uploads\/2016\/01\/Ikiveteraanit-jpg.jpg\" alt=\"Ikiveteraanit-jpg\" width=\"1478\" height=\"1125\" srcset=\"https:\/\/www.rukajarvensuunnanhistoriayhdistys.fi\/rukajarvikeskus\/wp-content\/uploads\/2016\/01\/Ikiveteraanit-jpg.jpg 1478w, https:\/\/www.rukajarvensuunnanhistoriayhdistys.fi\/rukajarvikeskus\/wp-content\/uploads\/2016\/01\/Ikiveteraanit-jpg-300x228.jpg 300w, https:\/\/www.rukajarvensuunnanhistoriayhdistys.fi\/rukajarvikeskus\/wp-content\/uploads\/2016\/01\/Ikiveteraanit-jpg-768x585.jpg 768w, https:\/\/www.rukajarvensuunnanhistoriayhdistys.fi\/rukajarvikeskus\/wp-content\/uploads\/2016\/01\/Ikiveteraanit-jpg-1024x779.jpg 1024w\" sizes=\"auto, (max-width: 1478px) 100vw, 1478px\" \/><\/a><\/p>\n<figure id=\"attachment_2073\" aria-describedby=\"caption-attachment-2073\" style=\"width: 1920px\" class=\"wp-caption alignnone\"><a href=\"http:\/\/www.rukajarvensuunnanhistoriayhdistys.fi\/rukajarvikeskus\/wp-content\/uploads\/2016\/01\/P6570284-2.jpg\" rel=\"attachment wp-att-2073\"><img loading=\"lazy\" decoding=\"async\" class=\"wp-image-2073 size-full\" src=\"http:\/\/www.rukajarvensuunnanhistoriayhdistys.fi\/rukajarvikeskus\/wp-content\/uploads\/2016\/01\/P6570284-2.jpg\" alt=\"Kiuruveden tilaisuuteen oli saapunut n. 250 kuulijaa, jotka seurasivat yli 2 tuntia kest\u00e4v\u00e4n luennon hiirenhiljaa.\" width=\"1920\" height=\"1080\" srcset=\"https:\/\/www.rukajarvensuunnanhistoriayhdistys.fi\/rukajarvikeskus\/wp-content\/uploads\/2016\/01\/P6570284-2.jpg 1920w, https:\/\/www.rukajarvensuunnanhistoriayhdistys.fi\/rukajarvikeskus\/wp-content\/uploads\/2016\/01\/P6570284-2-300x169.jpg 300w, https:\/\/www.rukajarvensuunnanhistoriayhdistys.fi\/rukajarvikeskus\/wp-content\/uploads\/2016\/01\/P6570284-2-768x432.jpg 768w, https:\/\/www.rukajarvensuunnanhistoriayhdistys.fi\/rukajarvikeskus\/wp-content\/uploads\/2016\/01\/P6570284-2-1024x576.jpg 1024w\" sizes=\"auto, (max-width: 1920px) 100vw, 1920px\" \/><\/a><figcaption id=\"caption-attachment-2073\" class=\"wp-caption-text\">Kiuruveden tilaisuuteen oli saapunut n. 250 kuulijaa, jotka seurasivat yli 2 tuntia kest\u00e4v\u00e4n luennon hiirenhiljaa. Kuva Antero Huttunen.<\/figcaption><\/figure>\n<figure id=\"attachment_2072\" aria-describedby=\"caption-attachment-2072\" style=\"width: 1920px\" class=\"wp-caption alignnone\"><a href=\"http:\/\/www.rukajarvensuunnanhistoriayhdistys.fi\/rukajarvikeskus\/wp-content\/uploads\/2016\/01\/P6570281.jpg\" rel=\"attachment wp-att-2072\"><img loading=\"lazy\" decoding=\"async\" class=\"wp-image-2072 size-full\" src=\"http:\/\/www.rukajarvensuunnanhistoriayhdistys.fi\/rukajarvikeskus\/wp-content\/uploads\/2016\/01\/P6570281.jpg\" alt=\"Professori Ilmari Koppinen (8.1.1918) osallistui Muurmanskin radan partioretkelle. S\u00e4kyl\u00e4n tilaisuudessa 14.1.2016 h\u00e4n kertoi retken kokemuksistaan.\" width=\"1920\" height=\"1080\" srcset=\"https:\/\/www.rukajarvensuunnanhistoriayhdistys.fi\/rukajarvikeskus\/wp-content\/uploads\/2016\/01\/P6570281.jpg 1920w, https:\/\/www.rukajarvensuunnanhistoriayhdistys.fi\/rukajarvikeskus\/wp-content\/uploads\/2016\/01\/P6570281-300x169.jpg 300w, https:\/\/www.rukajarvensuunnanhistoriayhdistys.fi\/rukajarvikeskus\/wp-content\/uploads\/2016\/01\/P6570281-768x432.jpg 768w, https:\/\/www.rukajarvensuunnanhistoriayhdistys.fi\/rukajarvikeskus\/wp-content\/uploads\/2016\/01\/P6570281-1024x576.jpg 1024w\" sizes=\"auto, (max-width: 1920px) 100vw, 1920px\" \/><\/a><figcaption id=\"caption-attachment-2072\" class=\"wp-caption-text\">Veteraanit Tauno Tikkanen, Viljo Rantonen, Erkki Siponen ja Erkin poika Tuomo. Kuva Antero Huttunen.<\/figcaption><\/figure>\n<figure id=\"attachment_2074\" aria-describedby=\"caption-attachment-2074\" style=\"width: 1920px\" class=\"wp-caption alignnone\"><a href=\"http:\/\/www.rukajarvensuunnanhistoriayhdistys.fi\/rukajarvikeskus\/wp-content\/uploads\/2016\/01\/P6570301-Tauno-Pentti-ja-Niilo.jpg\" rel=\"attachment wp-att-2074\"><img loading=\"lazy\" decoding=\"async\" class=\"wp-image-2074 size-full\" src=\"http:\/\/www.rukajarvensuunnanhistoriayhdistys.fi\/rukajarvikeskus\/wp-content\/uploads\/2016\/01\/P6570301-Tauno-Pentti-ja-Niilo.jpg\" alt=\"Niilo Pietik\u00e4inen ja Pentti Partanen k\u00e4viv\u00e4t tervehtim\u00e4ss\u00e4 vanhaa tuttua veteraani Tauno Tikkasta.\" width=\"1920\" height=\"1080\" srcset=\"https:\/\/www.rukajarvensuunnanhistoriayhdistys.fi\/rukajarvikeskus\/wp-content\/uploads\/2016\/01\/P6570301-Tauno-Pentti-ja-Niilo.jpg 1920w, https:\/\/www.rukajarvensuunnanhistoriayhdistys.fi\/rukajarvikeskus\/wp-content\/uploads\/2016\/01\/P6570301-Tauno-Pentti-ja-Niilo-300x169.jpg 300w, https:\/\/www.rukajarvensuunnanhistoriayhdistys.fi\/rukajarvikeskus\/wp-content\/uploads\/2016\/01\/P6570301-Tauno-Pentti-ja-Niilo-768x432.jpg 768w, https:\/\/www.rukajarvensuunnanhistoriayhdistys.fi\/rukajarvikeskus\/wp-content\/uploads\/2016\/01\/P6570301-Tauno-Pentti-ja-Niilo-1024x576.jpg 1024w\" sizes=\"auto, (max-width: 1920px) 100vw, 1920px\" \/><\/a><figcaption id=\"caption-attachment-2074\" class=\"wp-caption-text\">Niilo Pietik\u00e4inen ja Pentti Partanen k\u00e4viv\u00e4t tervehtim\u00e4ss\u00e4 vanhaa tuttua veteraani Tauno Tikkasta.<\/figcaption><\/figure>\n<p>Narvan seuraava esitys on Porvoossa, jossa h\u00e4n pit\u00e4\u00e4 kev\u00e4\u00e4n aikana aiheesta kaksi esityst\u00e4. Turkuun on sovittu pidett\u00e4v\u00e4ksi seuraava esitys. Tarkemmat ajankohdat ilmoitetaan my\u00f6hemmin n\u00e4ill\u00e4 yhdistyksen nettisivuilla.<\/p>\n<p>Narvan esitelm\u00e4n l\u00e4hde on h\u00e4nen is\u00e4ns\u00e4 sota-arkku. Siihen is\u00e4 on sodan aikana tallentanut satoja valokuvia, kirjoittamiaan lehtijuttuja ja koko sodanaikaisen kirjeenvaihtonsa. Arkku on ollut avaamatta 25 vuotta is\u00e4n kuoleman j\u00e4lkeen. Kes\u00e4ll\u00e4 2013 Raine Narva oli mukana sotahistorian matkalla Rukaj\u00e4rvell\u00e4 ja kiinnostui is\u00e4ns\u00e4 sodanaikaisista jalanj\u00e4ljist\u00e4.<\/p>\n<p>T\u00e4m\u00e4n matkan j\u00e4lkeen h\u00e4n avasi arkun ja se osoittautuikin oikeaksi Rukaj\u00e4rven suunnan sotahistorian &#8221;aarrearkuksi\u201d. Arkkuun varastoidut valokuvat ja kirjeet eiv\u00e4t ole olleet aikaisemmin esill\u00e4 miss\u00e4\u00e4n.<\/p>\n<p>Luentotilaisuuksissa tulee lis\u00e4ksi koko ajan uutta tietoa ja tarinoita, mink\u00e4 Narva pyrkii hy\u00f6dynt\u00e4m\u00e4\u00e4n my\u00f6hemmiss\u00e4 luennoissaan.<\/p>\n<p>Narva k\u00e4ytt\u00e4\u00e4 esityksiss\u00e4\u00e4n uutta tietotekniikkaa. Esitelm\u00e4n v\u00e4liin h\u00e4n on sijoittanut my\u00f6s aiheeseen sopivaa musiikkia.<\/p>\n<figure id=\"attachment_2080\" aria-describedby=\"caption-attachment-2080\" style=\"width: 1920px\" class=\"wp-caption alignnone\"><a href=\"http:\/\/www.rukajarvensuunnanhistoriayhdistys.fi\/rukajarvikeskus\/wp-content\/uploads\/2016\/01\/P6570305-2.jpg\" rel=\"attachment wp-att-2080\"><img loading=\"lazy\" decoding=\"async\" class=\"wp-image-2080 size-full\" src=\"http:\/\/www.rukajarvensuunnanhistoriayhdistys.fi\/rukajarvikeskus\/wp-content\/uploads\/2016\/01\/P6570305-2.jpg\" alt=\"Raine Narva MTV3:n toimittaja Keimo Lehtiniemen haastateltavana.\" width=\"1920\" height=\"1080\" srcset=\"https:\/\/www.rukajarvensuunnanhistoriayhdistys.fi\/rukajarvikeskus\/wp-content\/uploads\/2016\/01\/P6570305-2.jpg 1920w, https:\/\/www.rukajarvensuunnanhistoriayhdistys.fi\/rukajarvikeskus\/wp-content\/uploads\/2016\/01\/P6570305-2-300x169.jpg 300w, https:\/\/www.rukajarvensuunnanhistoriayhdistys.fi\/rukajarvikeskus\/wp-content\/uploads\/2016\/01\/P6570305-2-768x432.jpg 768w, https:\/\/www.rukajarvensuunnanhistoriayhdistys.fi\/rukajarvikeskus\/wp-content\/uploads\/2016\/01\/P6570305-2-1024x576.jpg 1024w\" sizes=\"auto, (max-width: 1920px) 100vw, 1920px\" \/><\/a><figcaption id=\"caption-attachment-2080\" class=\"wp-caption-text\">Raine Narva MTV3:n toimittaja Keimo Lehtiniemen haastateltavana. Kuva Antero Huttunen.<\/figcaption><\/figure>\n<figure id=\"attachment_2081\" aria-describedby=\"caption-attachment-2081\" style=\"width: 1920px\" class=\"wp-caption alignnone\"><a href=\"http:\/\/www.rukajarvensuunnanhistoriayhdistys.fi\/rukajarvikeskus\/wp-content\/uploads\/2016\/01\/vlcsnap-2016-01-24-19h58m11s216-2.jpg\" rel=\"attachment wp-att-2081\"><img loading=\"lazy\" decoding=\"async\" class=\"wp-image-2081 size-full\" src=\"http:\/\/www.rukajarvensuunnanhistoriayhdistys.fi\/rukajarvikeskus\/wp-content\/uploads\/2016\/01\/vlcsnap-2016-01-24-19h58m11s216-2.jpg\" alt=\"Raine Narva Kiuruveden kulttuurikeskuksen Kiurusalissa 23.1.2016.\" width=\"1920\" height=\"1080\" srcset=\"https:\/\/www.rukajarvensuunnanhistoriayhdistys.fi\/rukajarvikeskus\/wp-content\/uploads\/2016\/01\/vlcsnap-2016-01-24-19h58m11s216-2.jpg 1920w, https:\/\/www.rukajarvensuunnanhistoriayhdistys.fi\/rukajarvikeskus\/wp-content\/uploads\/2016\/01\/vlcsnap-2016-01-24-19h58m11s216-2-300x169.jpg 300w, https:\/\/www.rukajarvensuunnanhistoriayhdistys.fi\/rukajarvikeskus\/wp-content\/uploads\/2016\/01\/vlcsnap-2016-01-24-19h58m11s216-2-768x432.jpg 768w, https:\/\/www.rukajarvensuunnanhistoriayhdistys.fi\/rukajarvikeskus\/wp-content\/uploads\/2016\/01\/vlcsnap-2016-01-24-19h58m11s216-2-1024x576.jpg 1024w\" sizes=\"auto, (max-width: 1920px) 100vw, 1920px\" \/><\/a><figcaption id=\"caption-attachment-2081\" class=\"wp-caption-text\">Raine Narva Kiuruveden kulttuurikeskuksen Kiurusalissa 23.1.2016. Kuva Antero Huttunen.<\/figcaption><\/figure>\n<p>S\u00e4kyl\u00e4n, Loimaan ja Kiuruveden tilaisuuksien j\u00e4lkeen meille on tullut useita tiedusteluja my\u00f6s muilta paikkakunnilta, joiden esitt\u00e4misaikataulusta k\u00e4yd\u00e4\u00e4n jatkoneuvotteluja.<\/p>\n<p>Lis\u00e4tietoa MTV3:n uutinen nettisivulta: <a href=\"http:\/\/www.mtv.fi\/uutiset\/kotimaa\/artikkeli\/satavuotias-kaukopartiomies-muistelee-valihousut-unohtuivat-40-asteen-pakkasessa\/5705006\">T\u00c4\u00c4LT\u00c4<\/a>.<\/p>\n<p>Lis\u00e4tietoa MTV3:n kympinuutiset 24.1.2016 (8:58 &#8211; 11:01): <a href=\"http:\/\/www.katsomo.fi\/#!\/jakso\/566074\">T\u00c4\u00c4LT\u00c4<\/a>.<\/p>\n","protected":false},"excerpt":{"rendered":"<p>Raine Narvan esitelm\u00e4n Is\u00e4ni Sotakirjeenvaihtaja &#8211; Muumannin radan partioretki on kuullut jo tuhatkolmesataa henkil\u00f6\u00e4. Partio aloitti matkansa 14.1.1942. Tasan 74 vuotta my\u00f6hemmin luentotilaisuus j\u00e4rjestettiin S\u00e4kyl\u00e4ss\u00e4 Pentti Perttulin kotipaikkakunnalla.\u00a0 Pentti Perttuli <a class=\"more-link\" href=\"https:\/\/www.rukajarvensuunnanhistoriayhdistys.fi\/rukajarvikeskus\/ajankohtaista\/raine-narvan-esitelma-muurmannin-radan-partioretki-kiinnostaa-tilaisuuksissa-jo-yli-1000-henkiloa\/\">Lue lis\u00e4\u00e4&#8230;<span class=\"screen-reader-text\">Raine Narvan esitelm\u00e4: Muurmannin radan partioretki kiinnostaa &#8211; tilaisuuksissa jo n. 1300 henkil\u00f6\u00e4.<\/span><span class=\"meta-nav\">\u2192<\/span><\/a><\/p>\n","protected":false},"author":4,"featured_media":2075,"comment_status":"closed","ping_status":"open","sticky":false,"template":"","format":"standard","meta":{"ngg_post_thumbnail":0,"_jetpack_newsletter_access":"","_jetpack_dont_email_post_to_subs":false,"_jetpack_newsletter_tier_id":0,"_jetpack_memberships_contains_paywalled_content":false,"_jetpack_memberships_contains_paid_content":false,"footnotes":""},"categories":[26],"tags":[],"class_list":["post-2071","post","type-post","status-publish","format-standard","has-post-thumbnail","hentry","category-ajankohtaista"],"jetpack_featured_media_url":"https:\/\/www.rukajarvensuunnanhistoriayhdistys.fi\/rukajarvikeskus\/wp-content\/uploads\/2016\/01\/Ikiveteraanit-jpg.jpg","jetpack_sharing_enabled":true,"jetpack_shortlink":"https:\/\/wp.me\/p72N2f-xp","_links":{"self":[{"href":"https:\/\/www.rukajarvensuunnanhistoriayhdistys.fi\/rukajarvikeskus\/wp-json\/wp\/v2\/posts\/2071","targetHints":{"allow":["GET"]}}],"collection":[{"href":"https:\/\/www.rukajarvensuunnanhistoriayhdistys.fi\/rukajarvikeskus\/wp-json\/wp\/v2\/posts"}],"about":[{"href":"https:\/\/www.rukajarvensuunnanhistoriayhdistys.fi\/rukajarvikeskus\/wp-json\/wp\/v2\/types\/post"}],"author":[{"embeddable":true,"href":"https:\/\/www.rukajarvensuunnanhistoriayhdistys.fi\/rukajarvikeskus\/wp-json\/wp\/v2\/users\/4"}],"replies":[{"embeddable":true,"href":"https:\/\/www.rukajarvensuunnanhistoriayhdistys.fi\/rukajarvikeskus\/wp-json\/wp\/v2\/comments?post=2071"}],"version-history":[{"count":16,"href":"https:\/\/www.rukajarvensuunnanhistoriayhdistys.fi\/rukajarvikeskus\/wp-json\/wp\/v2\/posts\/2071\/revisions"}],"predecessor-version":[{"id":2095,"href":"https:\/\/www.rukajarvensuunnanhistoriayhdistys.fi\/rukajarvikeskus\/wp-json\/wp\/v2\/posts\/2071\/revisions\/2095"}],"wp:featuredmedia":[{"embeddable":true,"href":"https:\/\/www.rukajarvensuunnanhistoriayhdistys.fi\/rukajarvikeskus\/wp-json\/wp\/v2\/media\/2075"}],"wp:attachment":[{"href":"https:\/\/www.rukajarvensuunnanhistoriayhdistys.fi\/rukajarvikeskus\/wp-json\/wp\/v2\/media?parent=2071"}],"wp:term":[{"taxonomy":"category","embeddable":true,"href":"https:\/\/www.rukajarvensuunnanhistoriayhdistys.fi\/rukajarvikeskus\/wp-json\/wp\/v2\/categories?post=2071"},{"taxonomy":"post_tag","embeddable":true,"href":"https:\/\/www.rukajarvensuunnanhistoriayhdistys.fi\/rukajarvikeskus\/wp-json\/wp\/v2\/tags?post=2071"}],"curies":[{"name":"wp","href":"https:\/\/api.w.org\/{rel}","templated":true}]}}