{"id":2354,"date":"2016-09-12T22:57:45","date_gmt":"2016-09-12T19:57:45","guid":{"rendered":"http:\/\/www.rukajarvensuunnanhistoriayhdistys.fi\/rukajarvikeskus\/?p=2354"},"modified":"2016-09-13T08:18:05","modified_gmt":"2016-09-13T05:18:05","slug":"puheenjohtaja-tenho-tikkanen-kiuruvedella-jarjestetyssa-perinnetilaisuudessa","status":"publish","type":"post","link":"https:\/\/www.rukajarvensuunnanhistoriayhdistys.fi\/rukajarvikeskus\/ajankohtaista\/puheenjohtaja-tenho-tikkanen-kiuruvedella-jarjestetyssa-perinnetilaisuudessa\/","title":{"rendered":"Puheenjohtaja Tenho Tikkanen Kiuruvedell\u00e4 j\u00e4rjestetyss\u00e4 perinnetilaisuudessa"},"content":{"rendered":"<div class=\"fcbkbttn_buttons_block\" id=\"fcbkbttn_left\"><div class=\"fcbkbttn_like \"><fb:like href=\"https:\/\/www.rukajarvensuunnanhistoriayhdistys.fi\/rukajarvikeskus\/ajankohtaista\/puheenjohtaja-tenho-tikkanen-kiuruvedella-jarjestetyssa-perinnetilaisuudessa\/\" action=\"like\" colorscheme=\"light\" layout=\"button_count\"  size=\"small\"><\/fb:like><\/div><\/div><p>Puheenjohtaja Tenho Tikkanen Kiuruvedell\u00e4 j\u00e4rjestetyss\u00e4 perinnetilaisuudessa: H\u00f6yryjunalla Lieksaan 2.6.2017 pidett\u00e4v\u00e4\u00e4n Suomi 100 vuotta E.J. Raappanan muistoseminaari-tapahtumaan.<\/p>\n<p>Kiuruvedell\u00e4 Rotaryklubin j\u00e4rjest\u00e4m\u00e4ss\u00e4 perinnety\u00f6t\u00e4 koskevassa tilaisuudessa RSHY:n puheenjohtaja Tenho Tikkanen alusti keskustelun aiheesta Rukaj\u00e4rven suunnan sodanj\u00e4lkeinen perinnety\u00f6.<\/p>\n<figure id=\"attachment_2355\" aria-describedby=\"caption-attachment-2355\" style=\"width: 1632px\" class=\"wp-caption alignnone\"><a href=\"http:\/\/www.rukajarvensuunnanhistoriayhdistys.fi\/rukajarvikeskus\/wp-content\/uploads\/2016\/09\/WP_20160912_19_10_11_Pro.jpg\"><img loading=\"lazy\" decoding=\"async\" class=\"wp-image-2355 size-full\" src=\"http:\/\/www.rukajarvensuunnanhistoriayhdistys.fi\/rukajarvikeskus\/wp-content\/uploads\/2016\/09\/WP_20160912_19_10_11_Pro.jpg\" alt=\"\u2014Osa Kiuruveden Rotaryklubin j\u00e4senist\u00e4 tilaisuuden jo p\u00e4\u00e4tytty\u00e4 klubin presidentin Seppo R\u00e4ih\u00e4n johdolla.\" width=\"1632\" height=\"918\" srcset=\"https:\/\/www.rukajarvensuunnanhistoriayhdistys.fi\/rukajarvikeskus\/wp-content\/uploads\/2016\/09\/WP_20160912_19_10_11_Pro.jpg 1632w, https:\/\/www.rukajarvensuunnanhistoriayhdistys.fi\/rukajarvikeskus\/wp-content\/uploads\/2016\/09\/WP_20160912_19_10_11_Pro-300x169.jpg 300w, https:\/\/www.rukajarvensuunnanhistoriayhdistys.fi\/rukajarvikeskus\/wp-content\/uploads\/2016\/09\/WP_20160912_19_10_11_Pro-768x432.jpg 768w, https:\/\/www.rukajarvensuunnanhistoriayhdistys.fi\/rukajarvikeskus\/wp-content\/uploads\/2016\/09\/WP_20160912_19_10_11_Pro-1024x576.jpg 1024w\" sizes=\"auto, (max-width: 1632px) 100vw, 1632px\" \/><\/a><figcaption id=\"caption-attachment-2355\" class=\"wp-caption-text\">\u2014Osa Kiuruveden Rotaryklubin j\u00e4senist\u00e4 tilaisuuden jo p\u00e4\u00e4tytty\u00e4 klubin presidentin Seppo R\u00e4ih\u00e4n johdolla. Vasemmala lukien Juha Saastamoinen, Hannu Autio, Leo Pihlajaharju, Erkki Tikkanen, Kalevi Komulainen ja Eino Nissinen sek\u00e4 istumassa Rataryklubin presidentti Seppo R\u00e4ih\u00e4.<\/figcaption><\/figure>\n<p>Liki tunnin kest\u00e4neen alustuksensa lopuksi Tikkanen esitti, ett\u00e4 Suomi 100 vuotta-tapahtumien tulisi erityisesti huomioida veteraanisukupolven ty\u00f6 maamme itsen\u00e4isyyden s\u00e4ilytt\u00e4misen hyv\u00e4ksi. Juhlia aina voidaan, mutta mit\u00e4 niist\u00e4 muistetaan juhlien j\u00e4lkeen, se on ratkaisevaa.<\/p>\n<p>Rukaj\u00e4rven suunnan historiayhdistys j\u00e4rjesti Kansalaisjuhlan 70 vuotta Jatkosodan p\u00e4\u00e4ttymisest\u00e4. Juhlallisuudet alkoivat Kiuruvedelt\u00e4, jossa julkistettiin Tauno Oksasen kirjoittama Raappanan nyrkki -teos 4.9.2014 Kiuruveden kulttuurikeskuksessa pidetyss\u00e4 tilaisuudessa. Juhlallisuuksiin liittyi rauhankyyhkyilmapallojen l\u00e4hett\u00e4minen ja h\u00f6yryjunamatka Kiuruvedelt\u00e4 Yl\u00e4-Savon, Kainuun ja Pielisen-Karjalan halki Lieksaan. Juhlat onnistuivat yht\u00e4 laakeririkkoa lukuun ottamatta. Nyt tied\u00e4mme, ett\u00e4 junayritt\u00e4j\u00e4 olisi halukas tuon vastaavan matkan j\u00e4rjest\u00e4miseen. Itsen\u00e4isyyden 100-vuotisjunan j\u00e4rjestelyt olisivat muutoin samat kuin vuonna 2014 sill\u00e4 erolla, ett\u00e4 juhlavieraat maksaisivat matkansa suoraan junayritt\u00e4j\u00e4lle. Toivon, ett\u00e4 t\u00e4m\u00e4 uudentyyppinen hanke toteutuisi. Yhdistyksemme voi avustaa tiedottamisessa. Yhdistyksemme ei voi ottaa j\u00e4rjest\u00e4misvastuuta eik\u00e4 kantaa taloudellista riski\u00e4, mik\u00e4 realisoitui vuonna 2014 ik\u00e4v\u00e4ll\u00e4 tavalla.<\/p>\n<p>Tikkanen kertoi vuoden 2013 lopulla saaneensa idean juhlajunan j\u00e4rjest\u00e4miseen keskell\u00e4 y\u00f6t\u00e4 klo 3.00. H\u00e4n oli her\u00e4nnyt, noussut s\u00e4ngyst\u00e4 v\u00e4litt\u00f6m\u00e4sti. Tikkasen vaimo oli her\u00e4nnyt ja tiedustellut, ett\u00e4 mihink\u00e4s sit\u00e4 taas ollaan menossa. Tikkanen ei ollut sarkastiseen kysymykseen vastannut, laittanut unissaan tulleen idean ty\u00f6p\u00f6yd\u00e4ll\u00e4\u00e4n olevaan muistioon: &#8221;Selvit\u00e4 huomenna h\u00f6yryjunan k\u00e4ytt\u00f6 veteraanijuhlien osana.&#8221;<\/p>\n<p>Nyt Tikkanen paljasti, ett\u00e4 alkuper\u00e4isen ajatuksensa mukaan Ukko-Pekka-h\u00f6yryjuna olisi l\u00e4htenyt Helsingist\u00e4, kulkenut Pohjanmaan rataa ja sielt\u00e4 koukannut Rukaj\u00e4rven tie-elokuvan kokoamispaikkakunnan eli siis Kiuruveden kautta Iisalmen, Kajaanin, Kontiom\u00e4en, Vuokatin, Nurmeksen kautta Lieksaan.<\/p>\n<p>Tikkanen kertoi olevansa selvill\u00e4 kaikista Suomen h\u00f6yryjunayritt\u00e4jist\u00e4. Nyt riitt\u00e4isi sekin, ett\u00e4 h\u00f6yryjuna kulkisi Savonrataa my\u00f6ten ja pist\u00e4ytyisi p\u00e4\u00e4majakaupungissa Mikkeliss\u00e4. Tuosta ohjelmallisesta h\u00f6yryjunamatkasta j\u00e4isi jokaiselle hyv\u00e4 mieli. Se olisi ikimuistoinen kokemus, joka muistettaisiin.<\/p>\n<p><strong><strong>Lopuksi<\/strong><\/strong><\/p>\n<p><strong><strong>Meid\u00e4n ei pid\u00e4 olla kovin huolissaan siit\u00e4 tiedosta, mik\u00e4 on jo saatu mm. Kansallisarkistoon. Meid\u00e4n pit\u00e4\u00e4 keskitty\u00e4 sen tiedon kokoamiseen mit\u00e4 on viel\u00e4 saatavissa veteraaneilta, veteraanisukupolvelta ja heid\u00e4n j\u00e4lkel\u00e4isilt\u00e4\u00e4n.<\/strong><\/strong><\/p>\n<p><strong><strong>Ty\u00f6moraalin ja asenteen pit\u00e4\u00e4 olla my\u00f6s perinnety\u00f6ss\u00e4 v<\/strong><\/strong>anhan sanan parren mukaisesti kohdallaan: &#8221;Menee vaikka l\u00e4pi harmaan kiven&#8221;.<\/p>\n<p>Tai kuten Kennedy asian ilmaisi: \u201d\u00c4l\u00e4 kysy mit\u00e4 maa voi tehd\u00e4 puolestasi, vaan kysy, mit\u00e4 sin\u00e4 voit tehd\u00e4 maasi puolesta.\u201d Yhdistyksemme juuri edesmennyt perustajaj\u00e4sen, kenraaliluutnantti Ermei Kanninen lausui asian samaa tarkoittavin toisin sanoin: \u201dNyt pit\u00e4\u00e4 puhaltaa yhteiseen hiileen\u201d. Ja min\u00e4 sanon: Nyt on se aika, jolloin jokaista tarvitaan maamme j\u00e4lleenrakennusty\u00f6ss\u00e4.<\/p>\n<p>Tikkanen toi esille er\u00e4it\u00e4 jo aiemmin t\u00e4st\u00e4 aiheesta k\u00e4ytt\u00e4mi\u00e4\u00e4n puheenvuoroja:<\/p>\n<p>1) 50 vuotta Rukaj\u00e4rven suunnan perinnety\u00f6t\u00e4 <a href=\"http:\/\/www.rukajarvensuunnanhistoriayhdistys.fi\/historiayhdistys\/10584-2\/\"><u>http:\/\/www.rukajarvensuunnanhistoriayhdistys.fi\/historiayhdistys\/10584-2\/<\/u><\/a><\/p>\n<p>2) Ideat eiv\u00e4t synny pakon edess\u00e4: <a href=\"http:\/\/www.rukajarvensuunnanhistoriayhdistys.fi\/historiayhdistys\/tenho-tikkanen-nurmeksen-seminaarissa-16-8-2015-hyvat-ideat-eivat-jostain-kumman-syysta-synny-pakon-edessa-kaavoihin-kangistaen\/\"><u>http:\/\/www.rukajarvensuunnanhistoriayhdistys.fi\/historiayhdistys\/tenho-tikkanen-nurmeksen-seminaarissa-16-8-2015-hyvat-ideat-eivat-jostain-kumman-syysta-synny-pakon-edessa-kaavoihin-kangistaen\/<\/u><\/a><\/p>\n<p>3) Perinnety\u00f6 jatkuu pyh\u00e4n\u00e4kin: <a href=\"http:\/\/www.rukajarvensuunnanhistoriayhdistys.fi\/historiayhdistys\/perinnetyo-jatkuu-pyhinakin\/\"><u>http:\/\/www.rukajarvensuunnanhistoriayhdistys.fi\/historiayhdistys\/perinnetyo-jatkuu-pyhinakin\/<\/u><\/a><\/p>\n<p><strong><strong>Ja lopuksi palaamme vuoteen 1941 Rukaj\u00e4rven rintamalle autenttisiin tunnelmiin:<\/strong><\/strong><\/p>\n<p>Rukaj\u00e4rvi YLE Areena <a href=\"http:\/\/yle.fi\/progressive\/mp3\/elavaarkisto\/ea\/07236_5_jatkosodan_pohjoisrintama.mp3\">T\u00c4\u00c4LT\u00c4<\/a>:<\/p>\n<p>Pismajoki YLE Areena <a href=\"http:\/\/yle.fi\/progressive\/mp3\/elavaarkisto\/ea\/07236_4_jatkosodan_pohjoisrintama.mp3\">T\u00c4\u00c4LT\u00c4<\/a>:<\/p>\n<p>Pioneerikomentaja Takalan muistiinpanot, jolla esimerkill\u00e4 Tikkanen esitteli yhdistyksen\u00a0 EPOOKKI.fi-tietoj\u00e4rjestelm\u00e4n k\u00e4ytt\u00f6mahdollisuuksia: <a href=\"http:\/\/epookki.fi\/story\/viewStory.html?permLink=60ac3e5c-d557-4cf6-94aa-6ce22922e422\"><u>http:\/\/epookki.fi\/story\/viewStory.html?permLink=60ac3e5c-d557-4cf6-94aa-6ce22922e422<\/u><\/a><\/p>\n","protected":false},"excerpt":{"rendered":"<p>Puheenjohtaja Tenho Tikkanen Kiuruvedell\u00e4 j\u00e4rjestetyss\u00e4 perinnetilaisuudessa: H\u00f6yryjunalla Lieksaan 2.6.2017 pidett\u00e4v\u00e4\u00e4n Suomi 100 vuotta E.J. Raappanan muistoseminaari-tapahtumaan. Kiuruvedell\u00e4 Rotaryklubin j\u00e4rjest\u00e4m\u00e4ss\u00e4 perinnety\u00f6t\u00e4 koskevassa tilaisuudessa RSHY:n puheenjohtaja Tenho Tikkanen alusti keskustelun aiheesta Rukaj\u00e4rven <a class=\"more-link\" href=\"https:\/\/www.rukajarvensuunnanhistoriayhdistys.fi\/rukajarvikeskus\/ajankohtaista\/puheenjohtaja-tenho-tikkanen-kiuruvedella-jarjestetyssa-perinnetilaisuudessa\/\">Lue lis\u00e4\u00e4&#8230;<span class=\"screen-reader-text\">Puheenjohtaja Tenho Tikkanen Kiuruvedell\u00e4 j\u00e4rjestetyss\u00e4 perinnetilaisuudessa<\/span><span class=\"meta-nav\">\u2192<\/span><\/a><\/p>\n","protected":false},"author":4,"featured_media":2355,"comment_status":"closed","ping_status":"open","sticky":false,"template":"","format":"standard","meta":{"ngg_post_thumbnail":0,"_jetpack_newsletter_access":"","_jetpack_dont_email_post_to_subs":false,"_jetpack_newsletter_tier_id":0,"_jetpack_memberships_contains_paywalled_content":false,"_jetpack_memberships_contains_paid_content":false,"footnotes":""},"categories":[26,31],"tags":[],"class_list":["post-2354","post","type-post","status-publish","format-standard","has-post-thumbnail","hentry","category-ajankohtaista","category-esitelmat"],"jetpack_featured_media_url":"https:\/\/www.rukajarvensuunnanhistoriayhdistys.fi\/rukajarvikeskus\/wp-content\/uploads\/2016\/09\/WP_20160912_19_10_11_Pro.jpg","jetpack_sharing_enabled":true,"jetpack_shortlink":"https:\/\/wp.me\/p72N2f-BY","_links":{"self":[{"href":"https:\/\/www.rukajarvensuunnanhistoriayhdistys.fi\/rukajarvikeskus\/wp-json\/wp\/v2\/posts\/2354","targetHints":{"allow":["GET"]}}],"collection":[{"href":"https:\/\/www.rukajarvensuunnanhistoriayhdistys.fi\/rukajarvikeskus\/wp-json\/wp\/v2\/posts"}],"about":[{"href":"https:\/\/www.rukajarvensuunnanhistoriayhdistys.fi\/rukajarvikeskus\/wp-json\/wp\/v2\/types\/post"}],"author":[{"embeddable":true,"href":"https:\/\/www.rukajarvensuunnanhistoriayhdistys.fi\/rukajarvikeskus\/wp-json\/wp\/v2\/users\/4"}],"replies":[{"embeddable":true,"href":"https:\/\/www.rukajarvensuunnanhistoriayhdistys.fi\/rukajarvikeskus\/wp-json\/wp\/v2\/comments?post=2354"}],"version-history":[{"count":5,"href":"https:\/\/www.rukajarvensuunnanhistoriayhdistys.fi\/rukajarvikeskus\/wp-json\/wp\/v2\/posts\/2354\/revisions"}],"predecessor-version":[{"id":2360,"href":"https:\/\/www.rukajarvensuunnanhistoriayhdistys.fi\/rukajarvikeskus\/wp-json\/wp\/v2\/posts\/2354\/revisions\/2360"}],"wp:featuredmedia":[{"embeddable":true,"href":"https:\/\/www.rukajarvensuunnanhistoriayhdistys.fi\/rukajarvikeskus\/wp-json\/wp\/v2\/media\/2355"}],"wp:attachment":[{"href":"https:\/\/www.rukajarvensuunnanhistoriayhdistys.fi\/rukajarvikeskus\/wp-json\/wp\/v2\/media?parent=2354"}],"wp:term":[{"taxonomy":"category","embeddable":true,"href":"https:\/\/www.rukajarvensuunnanhistoriayhdistys.fi\/rukajarvikeskus\/wp-json\/wp\/v2\/categories?post=2354"},{"taxonomy":"post_tag","embeddable":true,"href":"https:\/\/www.rukajarvensuunnanhistoriayhdistys.fi\/rukajarvikeskus\/wp-json\/wp\/v2\/tags?post=2354"}],"curies":[{"name":"wp","href":"https:\/\/api.w.org\/{rel}","templated":true}]}}