{"id":2369,"date":"2016-09-15T23:44:09","date_gmt":"2016-09-15T20:44:09","guid":{"rendered":"http:\/\/www.rukajarvensuunnanhistoriayhdistys.fi\/rukajarvikeskus\/?p=2369"},"modified":"2016-09-15T23:44:09","modified_gmt":"2016-09-15T20:44:09","slug":"lieksan-tykki-vietiin-korjattavaksi","status":"publish","type":"post","link":"https:\/\/www.rukajarvensuunnanhistoriayhdistys.fi\/rukajarvikeskus\/ajankohtaista\/lieksan-tykki-vietiin-korjattavaksi\/","title":{"rendered":"Lieksan tykki vietiin korjattavaksi"},"content":{"rendered":"<div class=\"fcbkbttn_buttons_block\" id=\"fcbkbttn_left\"><div class=\"fcbkbttn_like \"><fb:like href=\"https:\/\/www.rukajarvensuunnanhistoriayhdistys.fi\/rukajarvikeskus\/ajankohtaista\/lieksan-tykki-vietiin-korjattavaksi\/\" action=\"like\" colorscheme=\"light\" layout=\"button_count\"  size=\"small\"><\/fb:like><\/div><\/div><p>Lieksan Rukaj\u00e4rvi-keskuksen tykki vietiin korjattavaksi. Tykin py\u00f6r\u00e4n puolat olivat vuosien saatossa lahonneet. Tykin tulee korjaamaan Lieksan Nurmij\u00e4rvell\u00e4 toimiva kyl\u00e4yhdistys, yhdistyksen puheenjohtaja Heikki Turunen sek\u00e4 Raimo Saviranta.<\/p>\n<figure id=\"attachment_2370\" aria-describedby=\"caption-attachment-2370\" style=\"width: 3072px\" class=\"wp-caption alignnone\"><a href=\"http:\/\/www.rukajarvensuunnanhistoriayhdistys.fi\/rukajarvikeskus\/wp-content\/uploads\/2016\/09\/WP_20160915_12_10_12_Pro-H.jpg\"><img loading=\"lazy\" decoding=\"async\" class=\"wp-image-2370 size-full\" src=\"http:\/\/www.rukajarvensuunnanhistoriayhdistys.fi\/rukajarvikeskus\/wp-content\/uploads\/2016\/09\/WP_20160915_12_10_12_Pro-H.jpg\" alt=\"Heikki Turunen korjaa tykin py\u00f6rien lahonneet puolapuut.\" width=\"3072\" height=\"1728\" \/><\/a><figcaption id=\"caption-attachment-2370\" class=\"wp-caption-text\">Jongunjoen kyl\u00e4yhdistyksen puheenjohtaja Heikki Turunen korjaa tykin py\u00f6rien lahonneet puolapuut.<\/figcaption><\/figure>\n<figure id=\"attachment_2371\" aria-describedby=\"caption-attachment-2371\" style=\"width: 3072px\" class=\"wp-caption alignnone\"><a href=\"http:\/\/www.rukajarvensuunnanhistoriayhdistys.fi\/rukajarvikeskus\/wp-content\/uploads\/2016\/09\/WP_20160915_12_35_03_Pro-H.jpg\"><img loading=\"lazy\" decoding=\"async\" class=\"wp-image-2371 size-full\" src=\"http:\/\/www.rukajarvensuunnanhistoriayhdistys.fi\/rukajarvikeskus\/wp-content\/uploads\/2016\/09\/WP_20160915_12_35_03_Pro-H.jpg\" alt=\"Kimmo Piironen ja Kari Pekka Horttanainen hoitivat kuljetukset t\u00e4ll\u00e4kin kerralla varmoin ottein ilman vahinkoja. \" width=\"3072\" height=\"1728\" \/><\/a><figcaption id=\"caption-attachment-2371\" class=\"wp-caption-text\">Kimmo Piironen ja Kari Pekka Horttanainen hoitivat kuljetukset t\u00e4ll\u00e4kin kerralla varmoin ottein ilman vahinkoja. Rauta on kevytt\u00e4 n\u00e4iden miesten k\u00e4siss\u00e4.<\/figcaption><\/figure>\n<p>Tykki tullaan sijoittamaan Nurmij\u00e4rven kyl\u00e4lle Kuhmontien ja Kivivaarantien risteysalueelle.<\/p>\n","protected":false},"excerpt":{"rendered":"<p>Lieksan Rukaj\u00e4rvi-keskuksen tykki vietiin korjattavaksi. Tykin py\u00f6r\u00e4n puolat olivat vuosien saatossa lahonneet. Tykin tulee korjaamaan Lieksan Nurmij\u00e4rvell\u00e4 toimiva kyl\u00e4yhdistys, yhdistyksen puheenjohtaja Heikki Turunen sek\u00e4 Raimo Saviranta. Tykki tullaan sijoittamaan Nurmij\u00e4rven <a class=\"more-link\" href=\"https:\/\/www.rukajarvensuunnanhistoriayhdistys.fi\/rukajarvikeskus\/ajankohtaista\/lieksan-tykki-vietiin-korjattavaksi\/\">Lue lis\u00e4\u00e4&#8230;<span class=\"screen-reader-text\">Lieksan tykki vietiin korjattavaksi<\/span><span class=\"meta-nav\">\u2192<\/span><\/a><\/p>\n","protected":false},"author":4,"featured_media":2371,"comment_status":"closed","ping_status":"open","sticky":false,"template":"","format":"standard","meta":{"ngg_post_thumbnail":0,"_jetpack_newsletter_access":"","_jetpack_dont_email_post_to_subs":false,"_jetpack_newsletter_tier_id":0,"_jetpack_memberships_contains_paywalled_content":false,"_jetpack_memberships_contains_paid_content":false,"footnotes":""},"categories":[26],"tags":[],"class_list":["post-2369","post","type-post","status-publish","format-standard","has-post-thumbnail","hentry","category-ajankohtaista"],"jetpack_featured_media_url":"https:\/\/www.rukajarvensuunnanhistoriayhdistys.fi\/rukajarvikeskus\/wp-content\/uploads\/2016\/09\/WP_20160915_12_35_03_Pro-H-scaled.jpg","jetpack_sharing_enabled":true,"jetpack_shortlink":"https:\/\/wp.me\/p72N2f-Cd","_links":{"self":[{"href":"https:\/\/www.rukajarvensuunnanhistoriayhdistys.fi\/rukajarvikeskus\/wp-json\/wp\/v2\/posts\/2369","targetHints":{"allow":["GET"]}}],"collection":[{"href":"https:\/\/www.rukajarvensuunnanhistoriayhdistys.fi\/rukajarvikeskus\/wp-json\/wp\/v2\/posts"}],"about":[{"href":"https:\/\/www.rukajarvensuunnanhistoriayhdistys.fi\/rukajarvikeskus\/wp-json\/wp\/v2\/types\/post"}],"author":[{"embeddable":true,"href":"https:\/\/www.rukajarvensuunnanhistoriayhdistys.fi\/rukajarvikeskus\/wp-json\/wp\/v2\/users\/4"}],"replies":[{"embeddable":true,"href":"https:\/\/www.rukajarvensuunnanhistoriayhdistys.fi\/rukajarvikeskus\/wp-json\/wp\/v2\/comments?post=2369"}],"version-history":[{"count":1,"href":"https:\/\/www.rukajarvensuunnanhistoriayhdistys.fi\/rukajarvikeskus\/wp-json\/wp\/v2\/posts\/2369\/revisions"}],"predecessor-version":[{"id":2372,"href":"https:\/\/www.rukajarvensuunnanhistoriayhdistys.fi\/rukajarvikeskus\/wp-json\/wp\/v2\/posts\/2369\/revisions\/2372"}],"wp:featuredmedia":[{"embeddable":true,"href":"https:\/\/www.rukajarvensuunnanhistoriayhdistys.fi\/rukajarvikeskus\/wp-json\/wp\/v2\/media\/2371"}],"wp:attachment":[{"href":"https:\/\/www.rukajarvensuunnanhistoriayhdistys.fi\/rukajarvikeskus\/wp-json\/wp\/v2\/media?parent=2369"}],"wp:term":[{"taxonomy":"category","embeddable":true,"href":"https:\/\/www.rukajarvensuunnanhistoriayhdistys.fi\/rukajarvikeskus\/wp-json\/wp\/v2\/categories?post=2369"},{"taxonomy":"post_tag","embeddable":true,"href":"https:\/\/www.rukajarvensuunnanhistoriayhdistys.fi\/rukajarvikeskus\/wp-json\/wp\/v2\/tags?post=2369"}],"curies":[{"name":"wp","href":"https:\/\/api.w.org\/{rel}","templated":true}]}}