{"id":2376,"date":"2016-09-19T15:55:13","date_gmt":"2016-09-19T12:55:13","guid":{"rendered":"http:\/\/www.rukajarvensuunnanhistoriayhdistys.fi\/rukajarvikeskus\/?p=2376"},"modified":"2016-09-19T22:19:44","modified_gmt":"2016-09-19T19:19:44","slug":"lieksan-rukajarvi-keskus-muutti-omiin-tiloihin","status":"publish","type":"post","link":"https:\/\/www.rukajarvensuunnanhistoriayhdistys.fi\/rukajarvikeskus\/ajankohtaista\/lieksan-rukajarvi-keskus-muutti-omiin-tiloihin\/","title":{"rendered":"Lieksan Rukaj\u00e4rvi-keskus muutti omiin tiloihin"},"content":{"rendered":"<div class=\"fcbkbttn_buttons_block\" id=\"fcbkbttn_left\"><div class=\"fcbkbttn_like \"><fb:like href=\"https:\/\/www.rukajarvensuunnanhistoriayhdistys.fi\/rukajarvikeskus\/ajankohtaista\/lieksan-rukajarvi-keskus-muutti-omiin-tiloihin\/\" action=\"like\" colorscheme=\"light\" layout=\"button_count\"  size=\"small\"><\/fb:like><\/div><\/div><p>Lieksan Rukaj\u00e4rvi-keskus on nyt omissa tiloissa Lieksan Rautatieasemalla. Yhdistys hankki tilat omistukseensa 30.5.2016. Muutto suoritettiin talkoovoimin. Kiit\u00e4mme talkoov\u00e4ke\u00e4. Kantoapua saatiin yll\u00e4tt\u00e4v\u00e4lt\u00e4 taholta. M\u00e4r\u00e4j\u00e4lahden vastaanottokeskuksesta saapui 6 miest\u00e4. Puheenjohtaja Tenho Tikkanen oli kovin yll\u00e4ttynyt, miten ahkeria miehet olivat ja suoriutuivat oma-aloitteisesti kaikista teht\u00e4vist\u00e4. Mainittakoon viel\u00e4, ett\u00e4 mit\u00e4\u00e4n vahinkoja ei tapahtunut, vaikka jouduttiin siirt\u00e4m\u00e4\u00e4n suuri m\u00e4\u00e4r\u00e4 painavia lasivitriineit\u00e4.<\/p>\n<figure id=\"attachment_2379\" aria-describedby=\"caption-attachment-2379\" style=\"width: 3072px\" class=\"wp-caption alignnone\"><a href=\"http:\/\/www.rukajarvensuunnanhistoriayhdistys.fi\/rukajarvikeskus\/wp-content\/uploads\/2016\/09\/WP_20160918_11_48_16_Pro.jpg\"><img loading=\"lazy\" decoding=\"async\" class=\"wp-image-2379 size-full\" src=\"http:\/\/www.rukajarvensuunnanhistoriayhdistys.fi\/rukajarvikeskus\/wp-content\/uploads\/2016\/09\/WP_20160918_11_48_16_Pro.jpg\" alt=\"Raine Narvan is\u00e4, Toivo V. Narva toimi Rukaj\u00e4rven rintamallla TK-upseerina. H\u00e4n arkistoi kirjoituksensa sota-arkkuunsa. &quot;Aarrearkku&quot; jaksaa yll\u00e4tt\u00e4\u00e4 jatkuvasti. Nyt muuton yhteydess\u00e4 arkusta tuli esille julkaisematon Mannerheim-ristin-ritari Niilo Korhosen, 11.5.1943, upea 8-sivuinen haastattelu, jossa Niilo Korhonen lausuu mm seuraavaa: &quot;MR-Ritarimerkki ei ole suinkaan minun henkil\u00f6kohtainen voitonmerkkini, vaan my\u00f6s niiden miesten, joiden kanssa olen retkeni tehnyt.&quot; Mainittakoon, ett\u00e4 Niilo Korhonen kuoli 26.9.1943.\" width=\"3072\" height=\"1728\" \/><\/a><figcaption id=\"caption-attachment-2379\" class=\"wp-caption-text\">Raine Narvan is\u00e4 Toivo V. Narva toimi Rukaj\u00e4rven rintamallla TK-upseerina. H\u00e4n arkistoi kirjoituksensa sota-arkkuunsa. &#8221;Aarrearkku&#8221; jaksaa yll\u00e4tt\u00e4\u00e4 jatkuvasti. Nyt muuton yhteydess\u00e4 arkusta tuli esille julkaisematon Mannerheim-ristin ritari Niilo Korhosen, 11.5.1943, upea 8-sivuinen haastattelu, jossa Niilo Korhonen lausuu mm seuraavaa: &#8221;MR-Ritarimerkki ei ole suinkaan minun henkil\u00f6kohtainen voitonmerkkini, vaan my\u00f6s niiden miesten, joiden kanssa olen retkeni tehnyt.&#8221; Mainittakoon, ett\u00e4 Niilo Korhonen kuoli 26.9.1943.<\/figcaption><\/figure>\n<p>Yhdistys halusi korvata vastaanottokeskuksesta saapuneitten vaivann\u00e4\u00f6n jollakin tavalla. Talkoomiehet eiv\u00e4t kuitenkaan suostuneet ottamaan vastaan mit\u00e4\u00e4n korvausta. He pitiv\u00e4t kunnia-asiana, ett\u00e4 heill\u00e4 oli tilaisuus osallistua paikallisen historiakohteen muuttotalkootapahtumaan.<\/p>\n<figure id=\"attachment_2377\" aria-describedby=\"caption-attachment-2377\" style=\"width: 3072px\" class=\"wp-caption alignnone\"><a href=\"http:\/\/www.rukajarvensuunnanhistoriayhdistys.fi\/rukajarvikeskus\/wp-content\/uploads\/2016\/09\/WP_20160916_13_44_23_Pro.jpg\"><img loading=\"lazy\" decoding=\"async\" class=\"wp-image-2377 size-full\" src=\"http:\/\/www.rukajarvensuunnanhistoriayhdistys.fi\/rukajarvikeskus\/wp-content\/uploads\/2016\/09\/WP_20160916_13_44_23_Pro.jpg\" alt=\"M\u00e4r\u00e4j\u00e4lahdesta tuli joukko uutteria miehi\u00e4, mik\u00e4 ilahdutti. Lieksan tukipisteen Sami Mononen toimi erinomaisena tulkkina.\" width=\"3072\" height=\"1728\" \/><\/a><figcaption id=\"caption-attachment-2377\" class=\"wp-caption-text\">M\u00e4r\u00e4j\u00e4lahdesta tuli joukko uutteria ja kohteliaita miehi\u00e4. Lieksan tukipisteen Sami Mononen toimi erinomaisena tulkkina.<\/figcaption><\/figure>\n<figure id=\"attachment_2378\" aria-describedby=\"caption-attachment-2378\" style=\"width: 3072px\" class=\"wp-caption alignnone\"><a href=\"http:\/\/www.rukajarvensuunnanhistoriayhdistys.fi\/rukajarvikeskus\/wp-content\/uploads\/2016\/09\/WP_20160918_08_17_04_Pro.jpg\"><img loading=\"lazy\" decoding=\"async\" class=\"wp-image-2378 size-full\" src=\"http:\/\/www.rukajarvensuunnanhistoriayhdistys.fi\/rukajarvikeskus\/wp-content\/uploads\/2016\/09\/WP_20160918_08_17_04_Pro.jpg\" alt=\"Timitran n\u00e4yttelyesineet on sijoitettu yhdistyksen omistamiin Lieksan rautatieaseman tiloihin. N\u00e4yttely avaa ovensa jo maanantaina 19.9.2016 normaalisti.\" width=\"3072\" height=\"1728\" \/><\/a><figcaption id=\"caption-attachment-2378\" class=\"wp-caption-text\">Timitran n\u00e4yttelyesineet on sijoitettu yhdistyksen omistamiin Lieksan rautatieaseman tiloihin. N\u00e4yttely avaa ovensa jo maanantaina 19.9.2016 normaalisti.<\/figcaption><\/figure>\n<p><span style=\"font-size: medium;\"><span style=\"color: black; font-family: 'Arial','sans-serif';\">Lieksan Rukaj\u00e4rvi-keskus avaa ovensa jo t\u00e4n\u00e4\u00e4n 19.9.2016 maanantaina normaalisti. Lokakuussa Lieksan Rukaj\u00e4rvi-keskus suljetaan remontin vuoksi. Tarkempi ajankohta ilmoitetaan my\u00f6hemmin. Remontilla valmistaudutaan Suomi 100 vuotta -hankkeen tapahtumien ja n\u00e4yttelyiden j\u00e4rjest\u00e4miseen. N\u00e4yttelyit\u00e4 uusitaan molemmissa Rukaj\u00e4rvi-keskuksissa, siis my\u00f6s Iisalmessa. <\/span><\/span><\/p>\n<p><span style=\"color: #373737; font-family: 'Arial','sans-serif';\"><span style=\"font-size: medium;\">Lieksan uudessa Rukaj\u00e4rvi-keskuksessa on n\u00e4yttelytilaa yli 300 neli\u00f6t\u00e4 ja rakennuksen kokonaispinta-ala on 373 neli\u00f6t\u00e4. Nyt esill\u00e4 on n. 300 valokuvaa, Rukaj\u00e4rven rintaman tapahtumiin liittyvi\u00e4 kirjoja, rintaman taidetta ja puhdet\u00f6it\u00e4.<\/span><\/span><\/p>\n<p><span style=\"color: #373737; font-family: 'Arial','sans-serif';\"><span style=\"font-size: medium;\">Viel\u00e4 ehtii tutustua Rautatiet sodan huoltoteht\u00e4viss\u00e4 n\u00e4yttelyyn ennen t\u00e4m\u00e4n poistamista. Tulevana vuonna tilalle valitaan Rukaj\u00e4rven suunnan er\u00e4maataisteluihin kiinte\u00e4sti liittyvi\u00e4 aiheita.<\/span><\/span><\/p>\n<p><span style=\"font-size: medium;\"><span style=\"color: #000000; font-family: Calibri;\"><span style=\"color: black; font-family: 'Arial','sans-serif';\">Tulevana vuonna Lieksan Rukaj\u00e4rvi-keskukseen tullaan pystytt\u00e4m\u00e4\u00e4n sodanaikainen toimiva radioasema. J\u00e4rjestelyihin osallistuu asiantuntijana Kaakkois-Suomen Viestikilta ry.<\/span><\/span><\/span><\/p>\n<figure id=\"attachment_2380\" aria-describedby=\"caption-attachment-2380\" style=\"width: 3072px\" class=\"wp-caption alignnone\"><a href=\"http:\/\/www.rukajarvensuunnanhistoriayhdistys.fi\/rukajarvikeskus\/wp-content\/uploads\/2016\/09\/WP_20160918_13_58_05_Pro.jpg\"><img loading=\"lazy\" decoding=\"async\" class=\"wp-image-2380 size-full\" src=\"http:\/\/www.rukajarvensuunnanhistoriayhdistys.fi\/rukajarvikeskus\/wp-content\/uploads\/2016\/09\/WP_20160918_13_58_05_Pro.jpg\" alt=\"Kuvassa Rukaj\u00e4rven kyl\u00e4 vasemmalla ja Ontaj\u00e4rven kalaporukan vet\u00e4j\u00e4 Rukaj\u00e4rvelt\u00e4 kotoisin oleva Jeggi Teppola niminen karjalaismies. Kuvat ovat per\u00e4isin Raine Narvan Aarrearkusta. Kuvank\u00e4sittely Ari Komulainen.\" width=\"3072\" height=\"1728\" \/><\/a><figcaption id=\"caption-attachment-2380\" class=\"wp-caption-text\">Kuvassa Rukaj\u00e4rven kyl\u00e4 vasemmalla ja Ontaj\u00e4rven kalaporukan vet\u00e4j\u00e4 Rukaj\u00e4rvelt\u00e4 kotoisin oleva Jeggi Teppola niminen karjalaismies. Kuvat ovat per\u00e4isin Raine Narvan Aarrearkusta. Kuvank\u00e4sittely Ari Komulainen.<\/figcaption><\/figure>\n<p><span style=\"font-size: medium;\"><span style=\"color: black; font-family: 'Arial','sans-serif';\">Rukaj\u00e4rven suunnan historiayhdistys kiitt\u00e4\u00e4 talkoolaisia saamastaan muuttoavusta. Yhdistys kiitt\u00e4\u00e4 Timitran Linnaa kuluneista vuosista. <\/span><\/span><\/p>\n<p>&nbsp;<\/p>\n","protected":false},"excerpt":{"rendered":"<p>Lieksan Rukaj\u00e4rvi-keskus on nyt omissa tiloissa Lieksan Rautatieasemalla. Yhdistys hankki tilat omistukseensa 30.5.2016. Muutto suoritettiin talkoovoimin. Kiit\u00e4mme talkoov\u00e4ke\u00e4. Kantoapua saatiin yll\u00e4tt\u00e4v\u00e4lt\u00e4 taholta. M\u00e4r\u00e4j\u00e4lahden vastaanottokeskuksesta saapui 6 miest\u00e4. Puheenjohtaja Tenho Tikkanen <a class=\"more-link\" href=\"https:\/\/www.rukajarvensuunnanhistoriayhdistys.fi\/rukajarvikeskus\/ajankohtaista\/lieksan-rukajarvi-keskus-muutti-omiin-tiloihin\/\">Lue lis\u00e4\u00e4&#8230;<span class=\"screen-reader-text\">Lieksan Rukaj\u00e4rvi-keskus muutti omiin tiloihin<\/span><span class=\"meta-nav\">\u2192<\/span><\/a><\/p>\n","protected":false},"author":4,"featured_media":0,"comment_status":"closed","ping_status":"open","sticky":false,"template":"","format":"standard","meta":{"ngg_post_thumbnail":0,"_jetpack_newsletter_access":"","_jetpack_dont_email_post_to_subs":false,"_jetpack_newsletter_tier_id":0,"_jetpack_memberships_contains_paywalled_content":false,"_jetpack_memberships_contains_paid_content":false,"footnotes":""},"categories":[26],"tags":[],"class_list":["post-2376","post","type-post","status-publish","format-standard","hentry","category-ajankohtaista"],"jetpack_featured_media_url":"","jetpack_sharing_enabled":true,"jetpack_shortlink":"https:\/\/wp.me\/p72N2f-Ck","_links":{"self":[{"href":"https:\/\/www.rukajarvensuunnanhistoriayhdistys.fi\/rukajarvikeskus\/wp-json\/wp\/v2\/posts\/2376","targetHints":{"allow":["GET"]}}],"collection":[{"href":"https:\/\/www.rukajarvensuunnanhistoriayhdistys.fi\/rukajarvikeskus\/wp-json\/wp\/v2\/posts"}],"about":[{"href":"https:\/\/www.rukajarvensuunnanhistoriayhdistys.fi\/rukajarvikeskus\/wp-json\/wp\/v2\/types\/post"}],"author":[{"embeddable":true,"href":"https:\/\/www.rukajarvensuunnanhistoriayhdistys.fi\/rukajarvikeskus\/wp-json\/wp\/v2\/users\/4"}],"replies":[{"embeddable":true,"href":"https:\/\/www.rukajarvensuunnanhistoriayhdistys.fi\/rukajarvikeskus\/wp-json\/wp\/v2\/comments?post=2376"}],"version-history":[{"count":5,"href":"https:\/\/www.rukajarvensuunnanhistoriayhdistys.fi\/rukajarvikeskus\/wp-json\/wp\/v2\/posts\/2376\/revisions"}],"predecessor-version":[{"id":2391,"href":"https:\/\/www.rukajarvensuunnanhistoriayhdistys.fi\/rukajarvikeskus\/wp-json\/wp\/v2\/posts\/2376\/revisions\/2391"}],"wp:attachment":[{"href":"https:\/\/www.rukajarvensuunnanhistoriayhdistys.fi\/rukajarvikeskus\/wp-json\/wp\/v2\/media?parent=2376"}],"wp:term":[{"taxonomy":"category","embeddable":true,"href":"https:\/\/www.rukajarvensuunnanhistoriayhdistys.fi\/rukajarvikeskus\/wp-json\/wp\/v2\/categories?post=2376"},{"taxonomy":"post_tag","embeddable":true,"href":"https:\/\/www.rukajarvensuunnanhistoriayhdistys.fi\/rukajarvikeskus\/wp-json\/wp\/v2\/tags?post=2376"}],"curies":[{"name":"wp","href":"https:\/\/api.w.org\/{rel}","templated":true}]}}