{"id":2386,"date":"2016-09-19T16:14:58","date_gmt":"2016-09-19T13:14:58","guid":{"rendered":"http:\/\/www.rukajarvensuunnanhistoriayhdistys.fi\/rukajarvikeskus\/?p=2386"},"modified":"2016-09-19T22:25:51","modified_gmt":"2016-09-19T19:25:51","slug":"monola-seura-rylta-kunniamaininta","status":"publish","type":"post","link":"https:\/\/www.rukajarvensuunnanhistoriayhdistys.fi\/rukajarvikeskus\/ajankohtaista\/monola-seura-rylta-kunniamaininta\/","title":{"rendered":"Monola-seura ry:lt\u00e4 kunniamaininta"},"content":{"rendered":"<div class=\"fcbkbttn_buttons_block\" id=\"fcbkbttn_left\"><div class=\"fcbkbttn_like \"><fb:like href=\"https:\/\/www.rukajarvensuunnanhistoriayhdistys.fi\/rukajarvikeskus\/ajankohtaista\/monola-seura-rylta-kunniamaininta\/\" action=\"like\" colorscheme=\"light\" layout=\"button_count\"  size=\"small\"><\/fb:like><\/div><\/div><p>Monolan aitan merkitt\u00e4vimm\u00e4t tukijat palkitaan kunniamaininnoilla, joista nelj\u00e4s my\u00f6nnettiin 16.9.2016 Rukaj\u00e4rven suunnan historiayhdistys ry:lle. Kunniamaininnan vastaanotti yhdistyksen puheenjohtaja Tenho Tikkanen. Monola-seura kiitt\u00e4\u00e4 l\u00e4mpim\u00e4sti kaikesta saamastaan tuesta!<\/p>\n<p><a href=\"http:\/\/www.rukajarvensuunnanhistoriayhdistys.fi\/rukajarvikeskus\/wp-content\/uploads\/2016\/09\/monola-seura-kunniamaininta-nro-4.jpg\"><img loading=\"lazy\" decoding=\"async\" class=\"alignnone wp-image-2381 size-full\" src=\"http:\/\/www.rukajarvensuunnanhistoriayhdistys.fi\/rukajarvikeskus\/wp-content\/uploads\/2016\/09\/monola-seura-kunniamaininta-nro-4.jpg\" alt=\"monola-seura-kunniamaininta-nro-4\" width=\"882\" height=\"1262\" srcset=\"https:\/\/www.rukajarvensuunnanhistoriayhdistys.fi\/rukajarvikeskus\/wp-content\/uploads\/2016\/09\/monola-seura-kunniamaininta-nro-4.jpg 882w, https:\/\/www.rukajarvensuunnanhistoriayhdistys.fi\/rukajarvikeskus\/wp-content\/uploads\/2016\/09\/monola-seura-kunniamaininta-nro-4-300x429.jpg 300w, https:\/\/www.rukajarvensuunnanhistoriayhdistys.fi\/rukajarvikeskus\/wp-content\/uploads\/2016\/09\/monola-seura-kunniamaininta-nro-4-210x300.jpg 210w, https:\/\/www.rukajarvensuunnanhistoriayhdistys.fi\/rukajarvikeskus\/wp-content\/uploads\/2016\/09\/monola-seura-kunniamaininta-nro-4-768x1099.jpg 768w, https:\/\/www.rukajarvensuunnanhistoriayhdistys.fi\/rukajarvikeskus\/wp-content\/uploads\/2016\/09\/monola-seura-kunniamaininta-nro-4-716x1024.jpg 716w\" sizes=\"auto, (max-width: 882px) 100vw, 882px\" \/><\/a><\/p>\n<p>Kunniamainintaa koskeva uutinen on julkaistu Monola-seura ry:n facebook-sivulla ja sen voi n\u00e4hd\u00e4 <a href=\"https:\/\/www.facebook.com\/search\/top\/?init=quick&amp;q=monola-seura&amp;tas=0.7850728923100669\">T\u00c4\u00c4LT\u00c4<\/a>.<\/p>\n<figure id=\"attachment_2382\" aria-describedby=\"caption-attachment-2382\" style=\"width: 3793px\" class=\"wp-caption alignnone\"><a href=\"http:\/\/www.rukajarvensuunnanhistoriayhdistys.fi\/rukajarvikeskus\/wp-content\/uploads\/2016\/09\/Nazig-Azezian-Tenho-Tikkanen-Jussi-Makkonen.jpg\"><img loading=\"lazy\" decoding=\"async\" class=\"wp-image-2382 size-full\" src=\"http:\/\/www.rukajarvensuunnanhistoriayhdistys.fi\/rukajarvikeskus\/wp-content\/uploads\/2016\/09\/Nazig-Azezian-Tenho-Tikkanen-Jussi-Makkonen.jpg\" alt=\"Monola-Seura ry:n edustajat, sihteeri Nazig Azezian ja varapuheenjohtaja Jussi Makkonen luovuttivat Rukaj\u00e4rven suunnan historiayhdistykselle kunniakirjan Lieksan Rukaj\u00e4rvi-keskuksessa j\u00e4rjestetyss\u00e4 tilaisuudessa. Kuva Maija Riikonen.\" width=\"3793\" height=\"3282\" \/><\/a><figcaption id=\"caption-attachment-2382\" class=\"wp-caption-text\">Monola-seura ry:n edustajat, sihteeri Nazig Azezian ja varapuheenjohtaja Jussi Makkonen luovuttivat Rukaj\u00e4rven suunnan historiayhdistykselle kunniakirjan Lieksan Rukaj\u00e4rvi-keskuksessa j\u00e4rjestetyss\u00e4 tilaisuudessa. Kuva Maija Riikonen.<\/figcaption><\/figure>\n<p>Luovutustilaisuudessa puheenjohtaja Tenho Tikkanen lausui parhaat kiitoksensa Monola-seura ry:lle ja sen edustajille huomionosoituksesta. H\u00e4n kiitti seuran j\u00e4seni\u00e4 hyv\u00e4st\u00e4 yhteisty\u00f6st\u00e4,\u00a0mik\u00e4 samalla hy\u00f6dytt\u00e4\u00e4 Rukaj\u00e4rven suunnan historiayhdistyksen s\u00e4\u00e4nt\u00f6jen mukaista perinnety\u00f6t\u00e4. Yhteisty\u00f6 edist\u00e4\u00e4 my\u00f6s alueen matkailuelinkeinoa.<\/p>\n<p>Lieksassa sijaitseva Sibeliuksen h\u00e4\u00e4matkakohteena tunnettu Monolan\u00a0aitta tuo vierailijoita my\u00f6s Rukaj\u00e4rvi-keskukseen, jossa vieraat voivat tutustua keskuksessa esill\u00e4 olevien n\u00e4yttelyiden kautta samalla kansakuntamme merkkihenkil\u00f6itten Sibeliuksen ja Mannerheimin lis\u00e4ksi my\u00f6s Rukaj\u00e4rven suunnan historiaan ja perinnety\u00f6h\u00f6n.<\/p>\n<p>&nbsp;<\/p>\n<p>&nbsp;<\/p>\n","protected":false},"excerpt":{"rendered":"<p>Monolan aitan merkitt\u00e4vimm\u00e4t tukijat palkitaan kunniamaininnoilla, joista nelj\u00e4s my\u00f6nnettiin 16.9.2016 Rukaj\u00e4rven suunnan historiayhdistys ry:lle. Kunniamaininnan vastaanotti yhdistyksen puheenjohtaja Tenho Tikkanen. Monola-seura kiitt\u00e4\u00e4 l\u00e4mpim\u00e4sti kaikesta saamastaan tuesta! Kunniamainintaa koskeva uutinen on <a class=\"more-link\" href=\"https:\/\/www.rukajarvensuunnanhistoriayhdistys.fi\/rukajarvikeskus\/ajankohtaista\/monola-seura-rylta-kunniamaininta\/\">Lue lis\u00e4\u00e4&#8230;<span class=\"screen-reader-text\">Monola-seura ry:lt\u00e4 kunniamaininta<\/span><span class=\"meta-nav\">\u2192<\/span><\/a><\/p>\n","protected":false},"author":4,"featured_media":2382,"comment_status":"closed","ping_status":"open","sticky":false,"template":"","format":"standard","meta":{"ngg_post_thumbnail":0,"_jetpack_newsletter_access":"","_jetpack_dont_email_post_to_subs":false,"_jetpack_newsletter_tier_id":0,"_jetpack_memberships_contains_paywalled_content":false,"_jetpack_memberships_contains_paid_content":false,"footnotes":""},"categories":[26],"tags":[],"class_list":["post-2386","post","type-post","status-publish","format-standard","has-post-thumbnail","hentry","category-ajankohtaista"],"jetpack_featured_media_url":"https:\/\/www.rukajarvensuunnanhistoriayhdistys.fi\/rukajarvikeskus\/wp-content\/uploads\/2016\/09\/Nazig-Azezian-Tenho-Tikkanen-Jussi-Makkonen-scaled.jpg","jetpack_sharing_enabled":true,"jetpack_shortlink":"https:\/\/wp.me\/p72N2f-Cu","_links":{"self":[{"href":"https:\/\/www.rukajarvensuunnanhistoriayhdistys.fi\/rukajarvikeskus\/wp-json\/wp\/v2\/posts\/2386","targetHints":{"allow":["GET"]}}],"collection":[{"href":"https:\/\/www.rukajarvensuunnanhistoriayhdistys.fi\/rukajarvikeskus\/wp-json\/wp\/v2\/posts"}],"about":[{"href":"https:\/\/www.rukajarvensuunnanhistoriayhdistys.fi\/rukajarvikeskus\/wp-json\/wp\/v2\/types\/post"}],"author":[{"embeddable":true,"href":"https:\/\/www.rukajarvensuunnanhistoriayhdistys.fi\/rukajarvikeskus\/wp-json\/wp\/v2\/users\/4"}],"replies":[{"embeddable":true,"href":"https:\/\/www.rukajarvensuunnanhistoriayhdistys.fi\/rukajarvikeskus\/wp-json\/wp\/v2\/comments?post=2386"}],"version-history":[{"count":4,"href":"https:\/\/www.rukajarvensuunnanhistoriayhdistys.fi\/rukajarvikeskus\/wp-json\/wp\/v2\/posts\/2386\/revisions"}],"predecessor-version":[{"id":2392,"href":"https:\/\/www.rukajarvensuunnanhistoriayhdistys.fi\/rukajarvikeskus\/wp-json\/wp\/v2\/posts\/2386\/revisions\/2392"}],"wp:featuredmedia":[{"embeddable":true,"href":"https:\/\/www.rukajarvensuunnanhistoriayhdistys.fi\/rukajarvikeskus\/wp-json\/wp\/v2\/media\/2382"}],"wp:attachment":[{"href":"https:\/\/www.rukajarvensuunnanhistoriayhdistys.fi\/rukajarvikeskus\/wp-json\/wp\/v2\/media?parent=2386"}],"wp:term":[{"taxonomy":"category","embeddable":true,"href":"https:\/\/www.rukajarvensuunnanhistoriayhdistys.fi\/rukajarvikeskus\/wp-json\/wp\/v2\/categories?post=2386"},{"taxonomy":"post_tag","embeddable":true,"href":"https:\/\/www.rukajarvensuunnanhistoriayhdistys.fi\/rukajarvikeskus\/wp-json\/wp\/v2\/tags?post=2386"}],"curies":[{"name":"wp","href":"https:\/\/api.w.org\/{rel}","templated":true}]}}