{"id":2411,"date":"2016-09-25T11:54:04","date_gmt":"2016-09-25T08:54:04","guid":{"rendered":"http:\/\/www.rukajarvensuunnanhistoriayhdistys.fi\/rukajarvikeskus\/?p=2411"},"modified":"2016-09-25T11:54:04","modified_gmt":"2016-09-25T08:54:04","slug":"kaaderilaulajat-isanpaivan-aaton-konsertti-12-11-2016","status":"publish","type":"post","link":"https:\/\/www.rukajarvensuunnanhistoriayhdistys.fi\/rukajarvikeskus\/ajankohtaista\/kaaderilaulajat-isanpaivan-aaton-konsertti-12-11-2016\/","title":{"rendered":"Kaaderilaulajat: Is\u00e4np\u00e4iv\u00e4n aaton konsertti 12.11.2016"},"content":{"rendered":"<div class=\"fcbkbttn_buttons_block\" id=\"fcbkbttn_left\"><div class=\"fcbkbttn_like \"><fb:like href=\"https:\/\/www.rukajarvensuunnanhistoriayhdistys.fi\/rukajarvikeskus\/ajankohtaista\/kaaderilaulajat-isanpaivan-aaton-konsertti-12-11-2016\/\" action=\"like\" colorscheme=\"light\" layout=\"button_count\"  size=\"small\"><\/fb:like><\/div><\/div><p><strong><em>Yst\u00e4v\u00e4t hoi Rukaj\u00e4rven suunnalla!\u00a0\u00a0<\/em><\/strong><strong><em>\u00a0<\/em><\/strong><strong><em>Huomio, katse oikeaan p\u00e4in!<\/em><\/strong><strong><em>\u00a0<\/em><\/strong><\/p>\n<p><a href=\"http:\/\/www.rukajarvensuunnanhistoriayhdistys.fi\/rukajarvikeskus\/wp-content\/uploads\/2016\/09\/Isanpaivanaaton_konsertti_12_11_2016-2.jpg\"><img loading=\"lazy\" decoding=\"async\" class=\"alignnone wp-image-2412 size-full\" src=\"http:\/\/www.rukajarvensuunnanhistoriayhdistys.fi\/rukajarvikeskus\/wp-content\/uploads\/2016\/09\/Isanpaivanaaton_konsertti_12_11_2016-2.jpg\" alt=\"isanpaivanaaton_konsertti_12_11_2016-2\" width=\"3508\" height=\"2529\" \/><\/a><\/p>\n<p><strong><em>Kaaderilaulajilla on teille j\u00e4lleen soinnikasta asiaa! Nyt allakkaan ja sitten toimeksi!<\/em><\/strong><br \/>\n<strong><em>Tavataan siell\u00e4, tervetuloa<\/em><\/strong>.<\/p>\n","protected":false},"excerpt":{"rendered":"<p>Yst\u00e4v\u00e4t hoi Rukaj\u00e4rven suunnalla!\u00a0\u00a0\u00a0Huomio, katse oikeaan p\u00e4in!\u00a0 Kaaderilaulajilla on teille j\u00e4lleen soinnikasta asiaa! Nyt allakkaan ja sitten toimeksi! Tavataan siell\u00e4, tervetuloa.<\/p>\n","protected":false},"author":4,"featured_media":2412,"comment_status":"closed","ping_status":"open","sticky":false,"template":"","format":"standard","meta":{"ngg_post_thumbnail":0,"_jetpack_newsletter_access":"","_jetpack_dont_email_post_to_subs":false,"_jetpack_newsletter_tier_id":0,"_jetpack_memberships_contains_paywalled_content":false,"_jetpack_memberships_contains_paid_content":false,"footnotes":""},"categories":[26],"tags":[],"class_list":["post-2411","post","type-post","status-publish","format-standard","has-post-thumbnail","hentry","category-ajankohtaista"],"jetpack_featured_media_url":"https:\/\/www.rukajarvensuunnanhistoriayhdistys.fi\/rukajarvikeskus\/wp-content\/uploads\/2016\/09\/Isanpaivanaaton_konsertti_12_11_2016-2-scaled.jpg","jetpack_sharing_enabled":true,"jetpack_shortlink":"https:\/\/wp.me\/p72N2f-CT","_links":{"self":[{"href":"https:\/\/www.rukajarvensuunnanhistoriayhdistys.fi\/rukajarvikeskus\/wp-json\/wp\/v2\/posts\/2411","targetHints":{"allow":["GET"]}}],"collection":[{"href":"https:\/\/www.rukajarvensuunnanhistoriayhdistys.fi\/rukajarvikeskus\/wp-json\/wp\/v2\/posts"}],"about":[{"href":"https:\/\/www.rukajarvensuunnanhistoriayhdistys.fi\/rukajarvikeskus\/wp-json\/wp\/v2\/types\/post"}],"author":[{"embeddable":true,"href":"https:\/\/www.rukajarvensuunnanhistoriayhdistys.fi\/rukajarvikeskus\/wp-json\/wp\/v2\/users\/4"}],"replies":[{"embeddable":true,"href":"https:\/\/www.rukajarvensuunnanhistoriayhdistys.fi\/rukajarvikeskus\/wp-json\/wp\/v2\/comments?post=2411"}],"version-history":[{"count":1,"href":"https:\/\/www.rukajarvensuunnanhistoriayhdistys.fi\/rukajarvikeskus\/wp-json\/wp\/v2\/posts\/2411\/revisions"}],"predecessor-version":[{"id":2413,"href":"https:\/\/www.rukajarvensuunnanhistoriayhdistys.fi\/rukajarvikeskus\/wp-json\/wp\/v2\/posts\/2411\/revisions\/2413"}],"wp:featuredmedia":[{"embeddable":true,"href":"https:\/\/www.rukajarvensuunnanhistoriayhdistys.fi\/rukajarvikeskus\/wp-json\/wp\/v2\/media\/2412"}],"wp:attachment":[{"href":"https:\/\/www.rukajarvensuunnanhistoriayhdistys.fi\/rukajarvikeskus\/wp-json\/wp\/v2\/media?parent=2411"}],"wp:term":[{"taxonomy":"category","embeddable":true,"href":"https:\/\/www.rukajarvensuunnanhistoriayhdistys.fi\/rukajarvikeskus\/wp-json\/wp\/v2\/categories?post=2411"},{"taxonomy":"post_tag","embeddable":true,"href":"https:\/\/www.rukajarvensuunnanhistoriayhdistys.fi\/rukajarvikeskus\/wp-json\/wp\/v2\/tags?post=2411"}],"curies":[{"name":"wp","href":"https:\/\/api.w.org\/{rel}","templated":true}]}}