{"id":2414,"date":"2016-09-25T17:38:40","date_gmt":"2016-09-25T14:38:40","guid":{"rendered":"http:\/\/www.rukajarvensuunnanhistoriayhdistys.fi\/rukajarvikeskus\/?p=2414"},"modified":"2016-09-25T17:16:34","modified_gmt":"2016-09-25T14:16:34","slug":"aarrearkku-myos-iisalmen-rukajarvi-keskukseen","status":"publish","type":"post","link":"https:\/\/www.rukajarvensuunnanhistoriayhdistys.fi\/rukajarvikeskus\/ajankohtaista\/aarrearkku-myos-iisalmen-rukajarvi-keskukseen\/","title":{"rendered":"&#8221;Aarrearkku&#8221; my\u00f6s Iisalmen Rukaj\u00e4rvi-keskukseen"},"content":{"rendered":"<div class=\"fcbkbttn_buttons_block\" id=\"fcbkbttn_left\"><div class=\"fcbkbttn_like \"><fb:like href=\"https:\/\/www.rukajarvensuunnanhistoriayhdistys.fi\/rukajarvikeskus\/ajankohtaista\/aarrearkku-myos-iisalmen-rukajarvi-keskukseen\/\" action=\"like\" colorscheme=\"light\" layout=\"button_count\"  size=\"small\"><\/fb:like><\/div><\/div><p>Raine Narvan Aarrearkun sis\u00e4lt\u00f6 yll\u00e4tt\u00e4\u00e4 jatkuvasti. Asiakirjat paljastuivat vasta Toivo V. Narvan pojan Raine Narvan l\u00f6ydetty\u00e4 kotitilaltaan pari vuotta sitten is\u00e4ns\u00e4 sota-arkun, joka on ristitty &#8221;Aarrearkuksi&#8221;. Harvoin p\u00e4\u00e4see mukaan kaukana korvessa j\u00e4rjestettyyn juhlatilaisuuteen ja rintamahaastatteluihin n\u00e4in syv\u00e4llisen aidolla tavalla kuin t\u00e4m\u00e4n todellisen &#8221;Aarrearkun&#8221; sis\u00e4ll\u00f6n kautta. Tapahtumista on kulunut yli 73 vuotta.<\/p>\n<p>Aarrearkun sis\u00e4lt\u00f6 on nyt osin esill\u00e4 Lieksan ja osin Iisalmen Rukaj\u00e4rvi-keskuksissa. Aarrearkusta l\u00f6ytyiv\u00e4t mm. Rukaj\u00e4rven rintaman suurten partioretkien; Os. Majewskin Muurmannin radan 14.-24.1.1942 (1924 miest\u00e4 ja 268 hevosta) sek\u00e4 Os.Puustisen Jelj\u00e4rvelle 14.3. &#8211; 17.3.1943 (581 miest\u00e4). Toivo V. Narva osallistui kummallekin partioretkelle, jotka olivat Jatkosodassa Suomen armeijan suurimmat partioretket.<\/p>\n<p>Aarrearkussa l\u00f6ytyi Marskin ritari Niilo Korhosen ennen julkaisematon 11.5.11943 kirjoitettu haastattelu. Samoin arkussa oli iisalmelaisen tykkipatterin p\u00e4\u00e4llikk\u00f6 Erkki Matilaisen 4.11.1943 haastattelu &#8221;Vienan korpisoiden hehkuvav\u00e4rinen kuvaaja. Kapteenin Erkki Matilainen maalaa, sotii ja urheilee Rukaj\u00e4rven lohkon tykist\u00f6ss\u00e4.&#8221;) sek\u00e4 eritt\u00e4in mielenkiintoiset artikkelit lottien toiminnasta rintamalla:<\/p>\n<p>&#8221;Onnenpotkun kanttiini &#8211; Teatteri, elokuvat, painiverstas ja kanttiini saman matalan kurkihirren alla. (Esik.K.\/JR 10 kanttiinilottia). Haastattelun voit lukea <a href=\"http:\/\/www.rukajarvensuunnanhistoriayhdistys.fi\/rukajarvikeskus\/wp-content\/uploads\/2016\/09\/Onnenpotkun-kanttiini.pdf\">T\u00c4\u00c4LT\u00c4<\/a>.<\/p>\n<p>&#8211; Martta, Sirkka, Hilla ja Sanni &#8211; Os. H:n hymyilev\u00e4t tytt\u00e4ret (JR 10:n kanttiinilottien haastattelu) 29.10.1943,<\/p>\n<p>&#8211; Kanttiini korven syliss\u00e4 &#8211; ja sen pirte\u00e4t hoitajat, lotat Mirkku ja Olga, (III\/JR 31 Lottahaastattelu),<\/p>\n<p>&#8211; Sairasjunasta kanttiini &#8221;siirtolaan&#8221;. Paltamolainen lotta Martta S\u00e4kkinen etulinjakomennuksella (III\/JR 10 ja III\/JR31 lottahaastattelut),<\/p>\n<figure id=\"attachment_2416\" aria-describedby=\"caption-attachment-2416\" style=\"width: 3072px\" class=\"wp-caption alignnone\"><a href=\"http:\/\/www.rukajarvensuunnanhistoriayhdistys.fi\/rukajarvikeskus\/wp-content\/uploads\/2016\/09\/WP_20160924_15_21_58_Pro.jpg\"><img loading=\"lazy\" decoding=\"async\" class=\"wp-image-2416 size-full\" src=\"http:\/\/www.rukajarvensuunnanhistoriayhdistys.fi\/rukajarvikeskus\/wp-content\/uploads\/2016\/09\/WP_20160924_15_21_58_Pro.jpg\" alt=\"Iisalmen Rukaj\u00e4rvi-keskuksen vitriinien pystytystalkoisiin 24.9.2016 osallistuivat Eero Juntunen, Reijo Pulkkinen ja kuvan ottaja Tenho Tikkanen.\" width=\"3072\" height=\"1728\" \/><\/a><figcaption id=\"caption-attachment-2416\" class=\"wp-caption-text\">Iisalmen Rukaj\u00e4rvi-keskuksen vitriinien pystytystalkoisiin 24.9.2016 osallistuivat Eero Juntunen, Reijo Pulkkinen ja kuvan ottaja Tenho Tikkanen.<\/figcaption><\/figure>\n<p>Aarrearkku pit\u00e4\u00e4 sis\u00e4ll\u00e4\u00e4n paljon muutakin, satoja valokuvia ja negatiiveja tarkkoine selityksineen sek\u00e4 kirjoitettuja juttuja. Joukossa huomattava m\u00e4\u00e4r\u00e4 juuri n\u00e4it\u00e4 salausp\u00e4\u00e4t\u00f6ksen alaisia ennen julkaisemattomia. Mik\u00e4li Toivo Narva ei olisi vaivautunut kirjoittamaan mm. t\u00e4t\u00e4 Niilo Korhosen 8-sivuista haastattelua, olisi Kohosesta saattanut j\u00e4\u00e4d\u00e4 el\u00e4m\u00e4\u00e4n hyvinkin toisenlainen kuva. Narvan artikkeli l\u00f6ytyv\u00e4t kokonaisuudessaan Epookki.fi sivustolta ja RSHY:n arkistosta Rukaj\u00e4rvi-keskuksista.<\/p>\n<p>Nyt Narvan &#8221;Aarrearkun sis\u00e4lt\u00f6 on esill\u00e4 Rukaj\u00e4rvi-keskuksissa&#8221;. Toivo V. Narvan Aarrearkusta on tallennettu 719 valokuvaa ja 640 asiakirjaa. Lis\u00e4ksi Isto Turpeinen on digitoinut suurenm\u00e4\u00e4r\u00e4n negatiiveja. Viel\u00e4 on digitoimatta numeroituja 6&#215;6 kokoisia negatiiveja n. 300 kpl.<br \/>\nVuoden 2016 RSHY:lle ker\u00e4tty aineisto:<\/p>\n<p>Vuoden 2016 aikana on perinneaineistoa saatu ker\u00e4tyksi runsaasti. Pelk\u00e4st\u00e4\u00e4n puheenjohtajan tietokoneelle on tallennettu 126,7 Gt:a aineistoa. Se k\u00e4sitt\u00e4\u00e4 14.468 asiakirjaa, mik\u00e4 on tallennettu 486 kansioon. T\u00e4m\u00e4n lis\u00e4ksi on tallennettu 90,3 Gt:a veteraanien videohaastatteluja ( 17 veteraania ja 6 veteraanin \u00e4\u00e4ninauhat).<\/p>\n<p>Voitaneen t\u00e4ss\u00e4 yhteydess\u00e4 mainita, ett\u00e4 vuosien 2006 &#8211; 2016 v\u00e4lisen\u00e4 aikana ker\u00e4tyn aineisto kokonaisuudessaan k\u00e4sitt\u00e4\u00e4 n. 99.800 asiakirjaa ja per\u00e4ti 1750 Gt:a. Veteraaniker\u00e4yksell\u00e4 t\u00e4st\u00e4 on koottu vuosina 1987 &#8211; 1993 yhteens\u00e4 1,4 Gt:a, 1.368 tiedostoa, mik\u00e4 merkitsi n. 12.300 asiakirjasivua.<\/p>\n","protected":false},"excerpt":{"rendered":"<p>Raine Narvan Aarrearkun sis\u00e4lt\u00f6 yll\u00e4tt\u00e4\u00e4 jatkuvasti. Asiakirjat paljastuivat vasta Toivo V. Narvan pojan Raine Narvan l\u00f6ydetty\u00e4 kotitilaltaan pari vuotta sitten is\u00e4ns\u00e4 sota-arkun, joka on ristitty &#8221;Aarrearkuksi&#8221;. Harvoin p\u00e4\u00e4see mukaan kaukana <a class=\"more-link\" href=\"https:\/\/www.rukajarvensuunnanhistoriayhdistys.fi\/rukajarvikeskus\/ajankohtaista\/aarrearkku-myos-iisalmen-rukajarvi-keskukseen\/\">Lue lis\u00e4\u00e4&#8230;<span class=\"screen-reader-text\">&#8221;Aarrearkku&#8221; my\u00f6s Iisalmen Rukaj\u00e4rvi-keskukseen<\/span><span class=\"meta-nav\">\u2192<\/span><\/a><\/p>\n","protected":false},"author":4,"featured_media":2416,"comment_status":"closed","ping_status":"open","sticky":false,"template":"","format":"standard","meta":{"ngg_post_thumbnail":0,"_jetpack_newsletter_access":"","_jetpack_dont_email_post_to_subs":false,"_jetpack_newsletter_tier_id":0,"_jetpack_memberships_contains_paywalled_content":false,"_jetpack_memberships_contains_paid_content":false,"footnotes":""},"categories":[26,32],"tags":[],"class_list":["post-2414","post","type-post","status-publish","format-standard","has-post-thumbnail","hentry","category-ajankohtaista","category-historiayhdistys"],"jetpack_featured_media_url":"https:\/\/www.rukajarvensuunnanhistoriayhdistys.fi\/rukajarvikeskus\/wp-content\/uploads\/2016\/09\/WP_20160924_15_21_58_Pro-scaled.jpg","jetpack_sharing_enabled":true,"jetpack_shortlink":"https:\/\/wp.me\/p72N2f-CW","_links":{"self":[{"href":"https:\/\/www.rukajarvensuunnanhistoriayhdistys.fi\/rukajarvikeskus\/wp-json\/wp\/v2\/posts\/2414","targetHints":{"allow":["GET"]}}],"collection":[{"href":"https:\/\/www.rukajarvensuunnanhistoriayhdistys.fi\/rukajarvikeskus\/wp-json\/wp\/v2\/posts"}],"about":[{"href":"https:\/\/www.rukajarvensuunnanhistoriayhdistys.fi\/rukajarvikeskus\/wp-json\/wp\/v2\/types\/post"}],"author":[{"embeddable":true,"href":"https:\/\/www.rukajarvensuunnanhistoriayhdistys.fi\/rukajarvikeskus\/wp-json\/wp\/v2\/users\/4"}],"replies":[{"embeddable":true,"href":"https:\/\/www.rukajarvensuunnanhistoriayhdistys.fi\/rukajarvikeskus\/wp-json\/wp\/v2\/comments?post=2414"}],"version-history":[{"count":2,"href":"https:\/\/www.rukajarvensuunnanhistoriayhdistys.fi\/rukajarvikeskus\/wp-json\/wp\/v2\/posts\/2414\/revisions"}],"predecessor-version":[{"id":2418,"href":"https:\/\/www.rukajarvensuunnanhistoriayhdistys.fi\/rukajarvikeskus\/wp-json\/wp\/v2\/posts\/2414\/revisions\/2418"}],"wp:featuredmedia":[{"embeddable":true,"href":"https:\/\/www.rukajarvensuunnanhistoriayhdistys.fi\/rukajarvikeskus\/wp-json\/wp\/v2\/media\/2416"}],"wp:attachment":[{"href":"https:\/\/www.rukajarvensuunnanhistoriayhdistys.fi\/rukajarvikeskus\/wp-json\/wp\/v2\/media?parent=2414"}],"wp:term":[{"taxonomy":"category","embeddable":true,"href":"https:\/\/www.rukajarvensuunnanhistoriayhdistys.fi\/rukajarvikeskus\/wp-json\/wp\/v2\/categories?post=2414"},{"taxonomy":"post_tag","embeddable":true,"href":"https:\/\/www.rukajarvensuunnanhistoriayhdistys.fi\/rukajarvikeskus\/wp-json\/wp\/v2\/tags?post=2414"}],"curies":[{"name":"wp","href":"https:\/\/api.w.org\/{rel}","templated":true}]}}