{"id":3222,"date":"2017-10-21T19:00:53","date_gmt":"2017-10-21T16:00:53","guid":{"rendered":"http:\/\/www.rukajarvensuunnanhistoriayhdistys.fi\/rukajarvikeskus\/?p=3222"},"modified":"2017-10-30T23:14:37","modified_gmt":"2017-10-30T20:14:37","slug":"3222","status":"publish","type":"post","link":"https:\/\/www.rukajarvensuunnanhistoriayhdistys.fi\/rukajarvikeskus\/tapahtumat\/3222\/","title":{"rendered":"Kenraali Jaakko Valtanen: ERMEI KANNINEN TY\u00d6TOVERINA JA SOTILAANA."},"content":{"rendered":"<div class=\"fcbkbttn_buttons_block\" id=\"fcbkbttn_left\"><div class=\"fcbkbttn_like \"><fb:like href=\"https:\/\/www.rukajarvensuunnanhistoriayhdistys.fi\/rukajarvikeskus\/tapahtumat\/3222\/\" action=\"like\" colorscheme=\"light\" layout=\"button_count\"  size=\"small\"><\/fb:like><\/div><\/div><figure id=\"attachment_3223\" aria-describedby=\"caption-attachment-3223\" style=\"width: 1160px\" class=\"wp-caption alignnone\"><a href=\"http:\/\/www.rukajarvensuunnanhistoriayhdistys.fi\/rukajarvikeskus\/wp-content\/uploads\/2017\/10\/Valtanen-Jaakko-kenraali.jpg\"><img loading=\"lazy\" decoding=\"async\" class=\"size-full wp-image-3223\" src=\"http:\/\/www.rukajarvensuunnanhistoriayhdistys.fi\/rukajarvikeskus\/wp-content\/uploads\/2017\/10\/Valtanen-Jaakko-kenraali.jpg\" alt=\"\" width=\"1160\" height=\"1763\" srcset=\"https:\/\/www.rukajarvensuunnanhistoriayhdistys.fi\/rukajarvikeskus\/wp-content\/uploads\/2017\/10\/Valtanen-Jaakko-kenraali.jpg 1160w, https:\/\/www.rukajarvensuunnanhistoriayhdistys.fi\/rukajarvikeskus\/wp-content\/uploads\/2017\/10\/Valtanen-Jaakko-kenraali-300x456.jpg 300w, https:\/\/www.rukajarvensuunnanhistoriayhdistys.fi\/rukajarvikeskus\/wp-content\/uploads\/2017\/10\/Valtanen-Jaakko-kenraali-197x300.jpg 197w, https:\/\/www.rukajarvensuunnanhistoriayhdistys.fi\/rukajarvikeskus\/wp-content\/uploads\/2017\/10\/Valtanen-Jaakko-kenraali-768x1167.jpg 768w, https:\/\/www.rukajarvensuunnanhistoriayhdistys.fi\/rukajarvikeskus\/wp-content\/uploads\/2017\/10\/Valtanen-Jaakko-kenraali-674x1024.jpg 674w\" sizes=\"auto, (max-width: 1160px) 100vw, 1160px\" \/><\/a><figcaption id=\"caption-attachment-3223\" class=\"wp-caption-text\">Kenraali Jaakko Valtanen<\/figcaption><\/figure>\n<p>Puheenvuoro kenraaliluutnantti Ermei Kannisen muistoseminaarissa Helsingin Suomalaisella Klubilla 21.10.2017.<\/p>\n<p><strong>ERMEI KANNINEN TY\u00d6TOVERINA JA SOTILAANA.<\/strong><\/p>\n<p>1.Tutustuimme Ermei Kannisen kanssa toisiimme l\u00e4hes seitsem\u00e4nkymment\u00e4 vuotta sitten 1950-luvun alussa aloittaessamme &nbsp;opintomme samalla yleisesikuntaupseerikurssilla Sotakorkeakoulussa. Olimme kurssimme nuorimpia. &nbsp;Ermei on minua vain puolitoista vuotta vanhempi, mutta h\u00e4n oli kurssille tullessaan jo viisi vuotta vanha kapteeni ja min\u00e4 vain kuukauden ik\u00e4inen yliluutnantti. Istuimme luokkahuoneessa kaksi vuotta vierekk\u00e4isiss\u00e4 pulpeteissa. Aika pian meille kaikille kurssitovereille selvisi, miksi Ermei oli ollut jo korkeakoulun sis\u00e4\u00e4np\u00e4\u00e4sykokeiden ykk\u00f6nen. H\u00e4n oli opintojemme alusta alkaen hyvin tiet\u00e4v\u00e4 ja varma sek\u00e4 toimissaan eritt\u00e4in nopea. Siin\u00e4 miss\u00e4 me muut tuhrasimme vastauksemme koulut\u00f6iden kysymyksiin lyijykyn\u00e4n ja pyyhekumin kanssa ja tavallisesti annetun ajan loppuminuuteille saakka, Ermei kirjoitti teht\u00e4v\u00e4ns\u00e4 tavallisesti suoraan mustet\u00e4ytekyn\u00e4ll\u00e4 ja luovutti paperinsa aina v\u00e4hint\u00e4\u00e4n kymmeni\u00e4 minuutteja ennen meit\u00e4 muita.&nbsp; Asetettuihin ty\u00f6ryhmiin Ermei osallistui vastahakoisesti ja oli sit\u00e4 mielt\u00e4, ett\u00e4 yhden miehen ty\u00f6ryhm\u00e4 on paras ja nopein tapa p\u00e4\u00e4st\u00e4 tuloksiin. Taktillisten teht\u00e4vien suulliset tilanteen arvioinnit ja h\u00e4nen muut esityksens\u00e4 olivat aina suoraviivaisen johdonmukaisia ja ratkaisukeskeisi\u00e4. H\u00e4n oli meist\u00e4 selv\u00e4sti paras ja opintojemme p\u00e4\u00e4ttyess\u00e4 opettajakollegion hyv\u00e4ksymien arvosanojen mukaan kurssimme itseoikeutettu priimus. Ermei kyll\u00e4 my\u00f6s itse tiesi kykyns\u00e4. H\u00e4nen olikin joskus vaikea olla n\u00e4ytt\u00e4m\u00e4tt\u00e4 sit\u00e4. &nbsp;H\u00e4n poikkesi muutoinkin meist\u00e4 muista. H\u00e4nell\u00e4 oli mm viel\u00e4 siihen aikaan harvinainen oma auto, jolla h\u00e4n joskus aamuisin ajoi Liisankadulle T\u00f6\u00f6l\u00f6st\u00e4, koska h\u00e4nell\u00e4 oli usein ty\u00f6p\u00e4iv\u00e4n j\u00e4lkeen mm autourheiluun liittyvi\u00e4 luottamusteht\u00e4vi\u00e4.<\/p>\n<p>2. Ermei Kannisen sotilasuran pari ensimm\u00e4ist\u00e4 vuosikymment\u00e4 eiv\u00e4t sotilasarvoissa ylenemisess\u00e4 juuri poikenneet h\u00e4nen ik\u00e4tovereistaan, mutta everstiluutnantista yl\u00f6sp\u00e4in, arvomerkit alkoivat vaihtua kolmen vuoden v\u00e4lein.<\/p>\n<p>Puolustusvoimien johto oli kyll\u00e4 havainnut Ermein suunnittelutaidot ja tehokkuuden aikaisemminkin, sill\u00e4 h\u00e4n oli jo palvellut P\u00e4\u00e4esikunnan operatiivisessa osastossa kapteenina ja nuorena majurina. Mutta kun h\u00e4net everstiluutnanttina vuonna 1967 m\u00e4\u00e4r\u00e4ttiin operatiivisen osaston p\u00e4\u00e4llik\u00f6ksi, siit\u00e4 alkoi Ermei Kannisen vaikuttavin ammatillinen el\u00e4m\u00e4nty\u00f6; puolustusj\u00e4rjestelm\u00e4mme rakentaminen ja kehitt\u00e4minen vuosikymmeni\u00e4 kest\u00e4neen suurvaltojen v\u00e4lisen kylm\u00e4n sodan ja ydinsodan uhkien aikana, mutta erityisesti YYA- sopimuksen voimakkaiden ja ristiriitaisten vaikutusten alaisena.<\/p>\n<p>Sotiemme ankarat olosuhteet sek\u00e4 Karjalan kannaksen ja Rukaj\u00e4rven suunnan taistelutilanteet ja tappiot kokeneena, Ermei Kanninen ymm\u00e4rsi, ett\u00e4 v\u00e4h\u00e4v\u00e4kisen maan ja kansan tuli tehd\u00e4 kaikkensa, jotta se voisi v\u00e4ltty\u00e4 joutumasta uudelleen sotien koettelemuksiin. Turvallisuuspolitiikkamme t\u00e4rke\u00e4n\u00e4 osatekij\u00e4n\u00e4 puolustusvoimiamme tuli h\u00e4nen mielest\u00e4\u00e4n rakentaa siten, ett\u00e4 ne mahdollisimman tehokkaasti viestitt\u00e4isiv\u00e4t ulosp\u00e4in sanomaa siit\u00e4, ett\u00e4 Suomen sotilaallinen uhkaaminen tai maahan tunkeutuminen tulisivat sit\u00e4 yritt\u00e4v\u00e4lle liian kalliiksi saavutettaviin tuloksiin n\u00e4hden. Yleisen asevelvollisuuden muodostaman suuren reservin mahdollisimman t\u00e4ysimittaisesta hyv\u00e4ksik\u00e4yt\u00f6st\u00e4 muodostui sen t\u00e4hden koko puolustusfilosofiamme perusta. Sen toteuttamiseen Ermei paneutui P\u00e4\u00e4esikunnan operatiivisen osaston p\u00e4\u00e4llikk\u00f6n\u00e4, P\u00e4\u00e4majamestarina ja Yleisesikuntap\u00e4\u00e4llikk\u00f6n\u00e4 koko \u00e4lyll\u00e4\u00e4n, tarmollaan ja taidoillaan l\u00e4hes viidentoista vuoden ajan. Alalla sotilasasiamiehen\u00e4 toimineena h\u00e4n piti tiedustelulla hankittavien ennakkotietojen merkityst\u00e4 ratkaisevan t\u00e4rkein\u00e4. Suorastaan alueellisen puolustuksemme runkona Ermei Kanninen piti hyvin organisoituja ja koulutettuja paikallisjoukkoja. Niiden tuli kattaa maa siten, ett\u00e4 torjuntatoimenpiteet voidaan aina aloittaa v\u00e4litt\u00f6m\u00e4sti kaikissa suojattavissa ja puolustettavissa kohteissa et\u00e4isyyksist\u00e4 ja vuoden tai vuorokauden ajoista riippumatta. Paikallisjoukkojen tuli my\u00f6s nauttia alueen v\u00e4est\u00f6n luottamusta. Sen t\u00e4hden oli t\u00e4rke\u00e4\u00e4. ett\u00e4 niiden johtajiksi m\u00e4\u00e4r\u00e4\u00e4misiss\u00e4 otettiin huomioon eri kansalaispiirien edustus. T\u00e4ss\u00e4 vaatimuksessa n\u00e4kyiv\u00e4t Ermein k\u00e4sitykset entisten suojeluskuntien ja vapaaehtoisen maanpuolustusty\u00f6n merkityksest\u00e4. Ermein j\u00e4\u00e4dess\u00e4 el\u00e4kkeelle paikallisjoukkojen vahvuus oli yli 250000 miest\u00e4. Ne olivat monilta osin hyvinkin puutteellisesti varustettuja, mutta teht\u00e4viins\u00e4 n\u00e4hden kuitenkin toimintakykyisi\u00e4. Vaatimattoman sissikoulutuksen aloittaminen kaikille sotilaille puolustushaarasta ja aselajista riippumatta, oli erityisen vahva viesti ulosp\u00e4in puolustuksemme tavoitteiden ehdottomuudesta. &nbsp;<\/p>\n<p>J\u00e4rjestelm\u00e4mme oli niin kiistattomasti vain oman maan puolustukseen tarkoitettu ja vain siihen kykenev\u00e4, ett\u00e4 Neuvostoliiton sotilasjohtokin sen selv\u00e4sti ymm\u00e4rsi. Sen t\u00e4hden alueellisen j\u00e4rjestelm\u00e4mme aikaansaaminen helpotti osittain sit\u00e4 piilossa olevaa mutta merkitt\u00e4v\u00e4\u00e4 ristiriitaongelmaa, jonka vaikutusten piiriss\u00e4 sotilasjohtomme eli koko kylm\u00e4n sodan ajan. Toisaalta piti osoittaa itsest\u00e4\u00e4n selv\u00e4\u00e4 lojaalisuutta valtakuntamme johtoa ja puolueettomuuteen pyrkiv\u00e4\u00e4 turvallisuuspolitiikkaamme kohtaan, mutta toisaalta sotilasjohdon yht\u00e4 itsest\u00e4\u00e4n selv\u00e4 velvollisuus oli suunnitella is\u00e4nmaan puolustamista kaikki arvioitavissa olevat uhkatilanteet huomioon ottaen. Ei tarvittu suurta tilanteenarviointikyky\u00e4, ymm\u00e4rt\u00e4\u00e4kseen, ett\u00e4 todenn\u00e4k\u00f6isin uhkaaja saattoi niiss\u00e4 oloissa olla vain Neuvostoliitto. Mutta asian t\u00e4st\u00e4 puolesta ei luonnollisesti ollut mit\u00e4\u00e4n mahdollisuutta puhua siit\u00e4 julkisesti. Se olisi vaarantanut koko ulko- ja turvallisuuspolitiikkamme uskottavuuden. Puolustusneuvoston p\u00e4\u00e4sihteerin\u00e4 ja j\u00e4senen\u00e4 Ermei Kanninen esitteli taitavasti j\u00e4rjestelm\u00e4mme rakennetta ja ominaisuuksia poliittiselle johdollemme sek\u00e4 kansanedustajille, mutta my\u00f6s yhteiskuntamme eri alojen johtohenkil\u00f6ille Valtakunnallisilla maanpuolustuskursseilla. Vaikka siis puolustusj\u00e4rjestelm\u00e4mme vahvistuminen kevensi mainitsemaani ristiriitaongelmaa, niin vasta Neuvostoliiton sortuminen ja YYA-sopimuksen raukeaminen ratkaisivat sen kokonaan.<\/p>\n<p>3. Kaikkien kuluneiden vuosikymmenien ajan tulimme Ermein kanssa hyvin toimeen kesken\u00e4mme. Siihen varmaan vaikutti osaltaan se, ett\u00e4 yhteisen kaksivuotisen Sotakorkeakoulun kurssin lis\u00e4ksi olimme Helsingin Norssin kasvatteja ja sotilasuramme alkuajatkin olivat samantapaisia. Talvisodassa olimme vapaaehtoisia suojeluskuntapoikia kotirintamalla. Palvelimme my\u00f6s joitakin aikoja Ahvenanmaan rannikkolinnakkeilla \u2013 emme kuitenkaan samanaikaisesti. Meid\u00e4t oli niin ik\u00e4\u00e4n alaik\u00e4isin\u00e4 koulupoikina jo komennettu aliupseerikouluun, josta palasimme alikersantteina koulunpenkille \u2013 opettajiemme ihmetelt\u00e4viksi! Olimme luonnollisesti lis\u00e4ksi ns perhetuttuja ja vierailimme toistemme luona usein. Virkauriemme my\u00f6hemmiss\u00e4 vaiheissa tiemme monissa kohdin kyll\u00e4 sivusivat toisiaan, mutta h\u00e4nen alaisensa ja l\u00e4hin ty\u00f6toverinsa olin vuosien ajan vasta P\u00e4\u00e4esikunnassa Komento- (henkil\u00f6st\u00f6) p\u00e4\u00e4llikk\u00f6n\u00e4 ja Yleisesikuntap\u00e4\u00e4llikk\u00f6n\u00e4. Puolustusj\u00e4rjestelm\u00e4mme perustekij\u00f6iden kehitt\u00e4misest\u00e4 olimme samaa mielt\u00e4.<\/p>\n<p>Esimiehen\u00e4 Ermei oli rakentavan asiallinen, mutta esikuntaty\u00f6n muotoseikoissa hyvin vaativa. Tiesin jo etuk\u00e4teen, ett\u00e4 kaikissa k\u00e4sitelt\u00e4viss\u00e4 asiakirjoissa piti olla tarkka p\u00e4iv\u00e4ys ja tekij\u00e4n tunnusmerkint\u00e4. Jos ne puuttuivat, papereita ei edes alustavasti otettu k\u00e4sitelt\u00e4viksi. H\u00e4nen vaatimansa muistiot saivat olla enint\u00e4\u00e4n kahden sivun mittaisia ja sellaista hyv\u00e4\u00e4 suomen kielt\u00e4, ettei \u201drivien v\u00e4list\u00e4\u201d tarvinnut mit\u00e4\u00e4n lukea. Ermei osasi nimitt\u00e4in sen taidon mestarillisesti. Asiakirjoihin muutoksia vaatiessaan h\u00e4n saattoi olla ter\u00e4v\u00e4sanainen, mutta ei milloinkaan loukkaava.&nbsp; Suhtautumisessaan ty\u00f6yhteis\u00f6\u00f6ns\u00e4 Ermei oli mielest\u00e4ni rehti ja oikeudenmukainen. Ty\u00f6toverina h\u00e4n oli lojaali ja ehdottoman luotettava. Upseerin ammatin eettiset ja is\u00e4nmaalliset arvot Ermei Kanninen oli my\u00f6s sis\u00e4ist\u00e4nyt esimerkiksi kelpaavalla tavalla. Virkatoimissaan h\u00e4n kyll\u00e4 varjeli joskus et\u00e4iselt\u00e4 vaikuttavaa rooliasuaan, mutta ty\u00f6teht\u00e4vien ulkopuolella h\u00e4n oli hyv\u00e4ntuulinen ja vapaasti osallistuva. Ermei Kanninen ei ollut mik\u00e4\u00e4n perinteinen karski komentaja, mutta h\u00e4n oli p\u00e4\u00e4t\u00f6ksens\u00e4 hyvin perusteleva tahdonvoimainen ja tarvittaessa kovasanainen johtaja.<\/p>\n<p>Ermei Kannisessa oli my\u00f6s \u2013 niin kuin meiss\u00e4 kaikissa \u2013 my\u00f6s pehme\u00e4mpi inhimillinen puolensa. Minulla on mm kokemus siit\u00e4, miten YK-joukon harrastunnelmainen ehtoollisjumalanpalvelus Siinain er\u00e4maassa sai h\u00e4net herkistym\u00e4\u00e4n l\u00e4hes kyyneliin. Liisi-vaimon poismeno oli h\u00e4nelle my\u00f6s syvi\u00e4 tunteita pinnalle purkava el\u00e4m\u00e4n vaihe. &nbsp;&nbsp;&nbsp;&nbsp;<\/p>\n<p>Ja lopuksi: Sotilaana ja Puolustusvoimiemme ylimp\u00e4\u00e4n johtoon kuuluvana kenraalina Ermei Kanninen oli toimissaan viisas ajattelija sek\u00e4 pitk\u00e4j\u00e4nteinen suunnittelija ja organisoija. H\u00e4nen pitk\u00e4aikainen ja perusteellinen ty\u00f6ns\u00e4 johti merkitt\u00e4viin tuloksiin. Sen t\u00e4hden kenraaliluutnantti Ermei Kanninen j\u00e4\u00e4 sotilaalliseen historiaamme puolustuksemme taitavana ja tarmokkaana kehitt\u00e4j\u00e4n\u00e4 ja ratkaisujen toteuttajana. Muistelen usein etev\u00e4\u00e4 kurssi- ja ty\u00f6toveriani, vahvaa esimiest\u00e4ni, ja luotettavaa upseeriyst\u00e4v\u00e4\u00e4ni arvostavin ja l\u00e4mpimin ajatuksin.<\/p>\n","protected":false},"excerpt":{"rendered":"<p>Puheenvuoro kenraaliluutnantti Ermei Kannisen muistoseminaarissa Helsingin Suomalaisella Klubilla 21.10.2017. ERMEI KANNINEN TY\u00d6TOVERINA JA SOTILAANA. 1.Tutustuimme Ermei Kannisen kanssa toisiimme l\u00e4hes seitsem\u00e4nkymment\u00e4 vuotta sitten 1950-luvun alussa aloittaessamme &nbsp;opintomme samalla yleisesikuntaupseerikurssilla Sotakorkeakoulussa. <a class=\"more-link\" href=\"https:\/\/www.rukajarvensuunnanhistoriayhdistys.fi\/rukajarvikeskus\/tapahtumat\/3222\/\">Lue lis\u00e4\u00e4&#8230;<span class=\"screen-reader-text\">Kenraali Jaakko Valtanen: ERMEI KANNINEN TY\u00d6TOVERINA JA SOTILAANA.<\/span><span class=\"meta-nav\">\u2192<\/span><\/a><\/p>\n","protected":false},"author":4,"featured_media":0,"comment_status":"closed","ping_status":"open","sticky":false,"template":"","format":"standard","meta":{"ngg_post_thumbnail":0,"_jetpack_newsletter_access":"","_jetpack_dont_email_post_to_subs":false,"_jetpack_newsletter_tier_id":0,"_jetpack_memberships_contains_paywalled_content":false,"_jetpack_memberships_contains_paid_content":false,"footnotes":""},"categories":[26,31,32,15],"tags":[],"class_list":["post-3222","post","type-post","status-publish","format-standard","hentry","category-ajankohtaista","category-esitelmat","category-historiayhdistys","category-tapahtumat"],"jetpack_featured_media_url":"","jetpack_sharing_enabled":true,"jetpack_shortlink":"https:\/\/wp.me\/s72N2f-3222","_links":{"self":[{"href":"https:\/\/www.rukajarvensuunnanhistoriayhdistys.fi\/rukajarvikeskus\/wp-json\/wp\/v2\/posts\/3222","targetHints":{"allow":["GET"]}}],"collection":[{"href":"https:\/\/www.rukajarvensuunnanhistoriayhdistys.fi\/rukajarvikeskus\/wp-json\/wp\/v2\/posts"}],"about":[{"href":"https:\/\/www.rukajarvensuunnanhistoriayhdistys.fi\/rukajarvikeskus\/wp-json\/wp\/v2\/types\/post"}],"author":[{"embeddable":true,"href":"https:\/\/www.rukajarvensuunnanhistoriayhdistys.fi\/rukajarvikeskus\/wp-json\/wp\/v2\/users\/4"}],"replies":[{"embeddable":true,"href":"https:\/\/www.rukajarvensuunnanhistoriayhdistys.fi\/rukajarvikeskus\/wp-json\/wp\/v2\/comments?post=3222"}],"version-history":[{"count":2,"href":"https:\/\/www.rukajarvensuunnanhistoriayhdistys.fi\/rukajarvikeskus\/wp-json\/wp\/v2\/posts\/3222\/revisions"}],"predecessor-version":[{"id":3252,"href":"https:\/\/www.rukajarvensuunnanhistoriayhdistys.fi\/rukajarvikeskus\/wp-json\/wp\/v2\/posts\/3222\/revisions\/3252"}],"wp:attachment":[{"href":"https:\/\/www.rukajarvensuunnanhistoriayhdistys.fi\/rukajarvikeskus\/wp-json\/wp\/v2\/media?parent=3222"}],"wp:term":[{"taxonomy":"category","embeddable":true,"href":"https:\/\/www.rukajarvensuunnanhistoriayhdistys.fi\/rukajarvikeskus\/wp-json\/wp\/v2\/categories?post=3222"},{"taxonomy":"post_tag","embeddable":true,"href":"https:\/\/www.rukajarvensuunnanhistoriayhdistys.fi\/rukajarvikeskus\/wp-json\/wp\/v2\/tags?post=3222"}],"curies":[{"name":"wp","href":"https:\/\/api.w.org\/{rel}","templated":true}]}}