{"id":3225,"date":"2017-10-25T16:47:51","date_gmt":"2017-10-25T13:47:51","guid":{"rendered":"http:\/\/www.rukajarvensuunnanhistoriayhdistys.fi\/rukajarvikeskus\/?p=3225"},"modified":"2017-10-26T12:06:40","modified_gmt":"2017-10-26T09:06:40","slug":"olympiavoittaja-mestarihiihtaja-suuri-sinivalkoinen-suomalainen-paavo-lonkila-elaa-muistoissamme","status":"publish","type":"post","link":"https:\/\/www.rukajarvensuunnanhistoriayhdistys.fi\/rukajarvikeskus\/tapahtumat\/olympiavoittaja-mestarihiihtaja-suuri-sinivalkoinen-suomalainen-paavo-lonkila-elaa-muistoissamme\/","title":{"rendered":"Olympiavoittaja mestarihiiht\u00e4j\u00e4 suuri sinivalkoinen suomalainen Paavo Lonkila el\u00e4\u00e4 muistoissamme"},"content":{"rendered":"<div class=\"fcbkbttn_buttons_block\" id=\"fcbkbttn_left\"><div class=\"fcbkbttn_like \"><fb:like href=\"https:\/\/www.rukajarvensuunnanhistoriayhdistys.fi\/rukajarvikeskus\/tapahtumat\/olympiavoittaja-mestarihiihtaja-suuri-sinivalkoinen-suomalainen-paavo-lonkila-elaa-muistoissamme\/\" action=\"like\" colorscheme=\"light\" layout=\"button_count\"  size=\"small\"><\/fb:like><\/div><\/div><p>Olympiavoittaja mestarihiiht\u00e4j\u00e4 suuri sinivalkoinen suomalainen Paavo Lonkila muistoissamme Radio Sandelssissa 14.10.2017. P\u00e4\u00e4toimittaja Reijo Gladin radio-ohjelma kuultavissa <a href=\"https:\/\/soundcloud.com\/radio-sandels\/paavo-lonkilan-muisto-ohjelma\"><strong>T\u00c4\u00c4LT\u00c4<\/strong><\/a>:&nbsp;<\/p>\n<figure id=\"attachment_3226\" aria-describedby=\"caption-attachment-3226\" style=\"width: 5184px\" class=\"wp-caption alignnone\"><a href=\"http:\/\/www.rukajarvensuunnanhistoriayhdistys.fi\/rukajarvikeskus\/wp-content\/uploads\/2017\/10\/IMG_0332-2.jpg\"><img loading=\"lazy\" decoding=\"async\" class=\"size-full wp-image-3226\" src=\"http:\/\/www.rukajarvensuunnanhistoriayhdistys.fi\/rukajarvikeskus\/wp-content\/uploads\/2017\/10\/IMG_0332-2.jpg\" alt=\"\" width=\"5184\" height=\"3456\"><\/a><figcaption id=\"caption-attachment-3226\" class=\"wp-caption-text\">Rukaj\u00e4rven suunnan historiayhdistyksen edustajat Seppo R\u00e4ih\u00e4 ja Matti Tikka laskivat yhdistyksen havuseppeleen Paavo Lonkilan siunaustilaisuudessa.<\/figcaption><\/figure>\n<p><a href=\"http:\/\/www.rukajarvensuunnanhistoriayhdistys.fi\/rukajarvikeskus\/wp-content\/uploads\/2017\/10\/Kuolinilmoitus-K-vesi-25-10-2017.jpg\"><img loading=\"lazy\" decoding=\"async\" class=\"alignnone size-full wp-image-3228\" src=\"http:\/\/www.rukajarvensuunnanhistoriayhdistys.fi\/rukajarvikeskus\/wp-content\/uploads\/2017\/10\/Kuolinilmoitus-K-vesi-25-10-2017.jpg\" alt=\"\" width=\"1180\" height=\"1160\" srcset=\"https:\/\/www.rukajarvensuunnanhistoriayhdistys.fi\/rukajarvikeskus\/wp-content\/uploads\/2017\/10\/Kuolinilmoitus-K-vesi-25-10-2017.jpg 1180w, https:\/\/www.rukajarvensuunnanhistoriayhdistys.fi\/rukajarvikeskus\/wp-content\/uploads\/2017\/10\/Kuolinilmoitus-K-vesi-25-10-2017-300x295.jpg 300w, https:\/\/www.rukajarvensuunnanhistoriayhdistys.fi\/rukajarvikeskus\/wp-content\/uploads\/2017\/10\/Kuolinilmoitus-K-vesi-25-10-2017-768x755.jpg 768w, https:\/\/www.rukajarvensuunnanhistoriayhdistys.fi\/rukajarvikeskus\/wp-content\/uploads\/2017\/10\/Kuolinilmoitus-K-vesi-25-10-2017-1024x1007.jpg 1024w\" sizes=\"auto, (max-width: 1180px) 100vw, 1180px\" \/><\/a><\/p>\n<figure id=\"attachment_3227\" aria-describedby=\"caption-attachment-3227\" style=\"width: 5184px\" class=\"wp-caption alignnone\"><a href=\"http:\/\/www.rukajarvensuunnanhistoriayhdistys.fi\/rukajarvikeskus\/wp-content\/uploads\/2017\/10\/IMG_0334-2.jpg\"><img loading=\"lazy\" decoding=\"async\" class=\"size-full wp-image-3227\" src=\"http:\/\/www.rukajarvensuunnanhistoriayhdistys.fi\/rukajarvikeskus\/wp-content\/uploads\/2017\/10\/IMG_0334-2.jpg\" alt=\"\" width=\"5184\" height=\"3456\"><\/a><figcaption id=\"caption-attachment-3227\" class=\"wp-caption-text\">Rukaj\u00e4rven suunnan historiayhdistyksen edustajat Seppo R\u00e4ih\u00e4 ja Matti Tikka laskivat Rukaj\u00e4rven suunnan aseveljien, Rukaj\u00e4rven suunnan historiikkitoimikunnan ja Rukaj\u00e4rven suunnan historiayhdistyksen havuseppeleen Paavo Lonkilan siunaustilaisuudessa, joka pidettiin 21.10.2017 Kiuruven kirkossa.<\/figcaption><\/figure>\n<div id=\"page\" class=\"hfeed site\">\n<div id=\"main\" class=\"clearfix\">\n<div id=\"primary\" class=\"content-area\">\n<div id=\"content\" role=\"main\">\n<article id=\"post-11877\" class=\"post-11877 post type-post status-publish format-standard hentry category-ajankohtaista category-toiminta\">\n<div class=\"entry-content\">\n<p>Paavo Lonkilan muistokirjoitus luettavissa <a href=\"http:\/\/www.rukajarvensuunnanhistoriayhdistys.fi\/historiayhdistys\/muistokirjoitus-paavo-lonkila-ihmisena-esimerkkina-meille-kaikille\/\"><strong>T\u00c4\u00c4LT\u00c4<\/strong><\/a>:<\/p>\n<p>Paavo Lonkilan on haudattu Kiuruveden p\u00e4\u00e4hautausmaalle Lonkilan sukuhautaan. Hauta sijaitsee l\u00e4hell\u00e4 Sankarihautoja.<\/p>\n<p><a href=\"http:\/\/www.rukajarvensuunnanhistoriayhdistys.fi\/rukajarvikeskus\/wp-content\/uploads\/2017\/10\/IMG_20171024_132105-2.jpg\"><img loading=\"lazy\" decoding=\"async\" class=\"alignnone size-full wp-image-3232\" src=\"http:\/\/www.rukajarvensuunnanhistoriayhdistys.fi\/rukajarvikeskus\/wp-content\/uploads\/2017\/10\/IMG_20171024_132105-2.jpg\" alt=\"\" width=\"4160\" height=\"2336\"><\/a><\/p>\n<p>Kiuruveden P\u00e4\u00e4hautausmaa sijaitsee keskustassa Kirkkokadun varrella. Vuonna 1937 palaneen kirkon kivijalan sis\u00e4\u00e4n on tehty sankarihauta-alue, jonka reunalta kohoaa kookas risti, joka on samalla kirkon muistomerkki. Sankarihautoja alueella on 454.<\/p>\n<\/div>\n<\/article>\n<\/div>\n<\/div>\n<\/div>\n<\/div>\n","protected":false},"excerpt":{"rendered":"<p>Olympiavoittaja mestarihiiht\u00e4j\u00e4 suuri sinivalkoinen suomalainen Paavo Lonkila muistoissamme Radio Sandelssissa 14.10.2017. P\u00e4\u00e4toimittaja Reijo Gladin radio-ohjelma kuultavissa T\u00c4\u00c4LT\u00c4:&nbsp; Paavo Lonkilan muistokirjoitus luettavissa T\u00c4\u00c4LT\u00c4: Paavo Lonkilan on haudattu Kiuruveden p\u00e4\u00e4hautausmaalle Lonkilan sukuhautaan. <a class=\"more-link\" href=\"https:\/\/www.rukajarvensuunnanhistoriayhdistys.fi\/rukajarvikeskus\/tapahtumat\/olympiavoittaja-mestarihiihtaja-suuri-sinivalkoinen-suomalainen-paavo-lonkila-elaa-muistoissamme\/\">Lue lis\u00e4\u00e4&#8230;<span class=\"screen-reader-text\">Olympiavoittaja mestarihiiht\u00e4j\u00e4 suuri sinivalkoinen suomalainen Paavo Lonkila el\u00e4\u00e4 muistoissamme<\/span><span class=\"meta-nav\">\u2192<\/span><\/a><\/p>\n","protected":false},"author":4,"featured_media":0,"comment_status":"closed","ping_status":"open","sticky":false,"template":"","format":"standard","meta":{"ngg_post_thumbnail":0,"_jetpack_newsletter_access":"","_jetpack_dont_email_post_to_subs":false,"_jetpack_newsletter_tier_id":0,"_jetpack_memberships_contains_paywalled_content":false,"_jetpack_memberships_contains_paid_content":false,"footnotes":""},"categories":[26,32,15],"tags":[],"class_list":["post-3225","post","type-post","status-publish","format-standard","hentry","category-ajankohtaista","category-historiayhdistys","category-tapahtumat"],"jetpack_featured_media_url":"","jetpack_sharing_enabled":true,"jetpack_shortlink":"https:\/\/wp.me\/p72N2f-Q1","_links":{"self":[{"href":"https:\/\/www.rukajarvensuunnanhistoriayhdistys.fi\/rukajarvikeskus\/wp-json\/wp\/v2\/posts\/3225","targetHints":{"allow":["GET"]}}],"collection":[{"href":"https:\/\/www.rukajarvensuunnanhistoriayhdistys.fi\/rukajarvikeskus\/wp-json\/wp\/v2\/posts"}],"about":[{"href":"https:\/\/www.rukajarvensuunnanhistoriayhdistys.fi\/rukajarvikeskus\/wp-json\/wp\/v2\/types\/post"}],"author":[{"embeddable":true,"href":"https:\/\/www.rukajarvensuunnanhistoriayhdistys.fi\/rukajarvikeskus\/wp-json\/wp\/v2\/users\/4"}],"replies":[{"embeddable":true,"href":"https:\/\/www.rukajarvensuunnanhistoriayhdistys.fi\/rukajarvikeskus\/wp-json\/wp\/v2\/comments?post=3225"}],"version-history":[{"count":3,"href":"https:\/\/www.rukajarvensuunnanhistoriayhdistys.fi\/rukajarvikeskus\/wp-json\/wp\/v2\/posts\/3225\/revisions"}],"predecessor-version":[{"id":3233,"href":"https:\/\/www.rukajarvensuunnanhistoriayhdistys.fi\/rukajarvikeskus\/wp-json\/wp\/v2\/posts\/3225\/revisions\/3233"}],"wp:attachment":[{"href":"https:\/\/www.rukajarvensuunnanhistoriayhdistys.fi\/rukajarvikeskus\/wp-json\/wp\/v2\/media?parent=3225"}],"wp:term":[{"taxonomy":"category","embeddable":true,"href":"https:\/\/www.rukajarvensuunnanhistoriayhdistys.fi\/rukajarvikeskus\/wp-json\/wp\/v2\/categories?post=3225"},{"taxonomy":"post_tag","embeddable":true,"href":"https:\/\/www.rukajarvensuunnanhistoriayhdistys.fi\/rukajarvikeskus\/wp-json\/wp\/v2\/tags?post=3225"}],"curies":[{"name":"wp","href":"https:\/\/api.w.org\/{rel}","templated":true}]}}