{"id":3235,"date":"2017-10-30T23:10:45","date_gmt":"2017-10-30T20:10:45","guid":{"rendered":"http:\/\/www.rukajarvensuunnanhistoriayhdistys.fi\/rukajarvikeskus\/?p=3235"},"modified":"2017-10-30T23:10:45","modified_gmt":"2017-10-30T20:10:45","slug":"heikki-kanninen-tervehdyssanat-ermei-kannisen-muistoseminaari-21-10-2017","status":"publish","type":"post","link":"https:\/\/www.rukajarvensuunnanhistoriayhdistys.fi\/rukajarvikeskus\/ajankohtaista\/heikki-kanninen-tervehdyssanat-ermei-kannisen-muistoseminaari-21-10-2017\/","title":{"rendered":"Heikki Kanninen: Tervehdyssanat Ermei Kannisen muistoseminaari 21.10.2017"},"content":{"rendered":"<div class=\"fcbkbttn_buttons_block\" id=\"fcbkbttn_left\"><div class=\"fcbkbttn_like \"><fb:like href=\"https:\/\/www.rukajarvensuunnanhistoriayhdistys.fi\/rukajarvikeskus\/ajankohtaista\/heikki-kanninen-tervehdyssanat-ermei-kannisen-muistoseminaari-21-10-2017\/\" action=\"like\" colorscheme=\"light\" layout=\"button_count\"  size=\"small\"><\/fb:like><\/div><\/div><p>Ermei Kannisen muistoseminaari&nbsp; Helsingin Suomalaisella Klubilla<\/p>\n<p><a href=\"http:\/\/www.rukajarvensuunnanhistoriayhdistys.fi\/rukajarvikeskus\/wp-content\/uploads\/2017\/10\/E_K_MSe_-2017-10-21-994_preview.jpeg\"><img loading=\"lazy\" decoding=\"async\" class=\"alignnone size-full wp-image-3248\" src=\"http:\/\/www.rukajarvensuunnanhistoriayhdistys.fi\/rukajarvikeskus\/wp-content\/uploads\/2017\/10\/E_K_MSe_-2017-10-21-994_preview.jpeg\" alt=\"\" width=\"828\" height=\"768\" srcset=\"https:\/\/www.rukajarvensuunnanhistoriayhdistys.fi\/rukajarvikeskus\/wp-content\/uploads\/2017\/10\/E_K_MSe_-2017-10-21-994_preview.jpeg 828w, https:\/\/www.rukajarvensuunnanhistoriayhdistys.fi\/rukajarvikeskus\/wp-content\/uploads\/2017\/10\/E_K_MSe_-2017-10-21-994_preview-300x278.jpeg 300w, https:\/\/www.rukajarvensuunnanhistoriayhdistys.fi\/rukajarvikeskus\/wp-content\/uploads\/2017\/10\/E_K_MSe_-2017-10-21-994_preview-768x712.jpeg 768w\" sizes=\"auto, (max-width: 828px) 100vw, 828px\" \/><\/a><\/p>\n<p><strong>Heikki Kanninen: Tervehdyssanat<\/strong><\/p>\n<p><a href=\"http:\/\/www.rukajarvensuunnanhistoriayhdistys.fi\/rukajarvikeskus\/wp-content\/uploads\/2017\/10\/E_K_MSe_-2017-10-21-1006_preview.jpeg\"><img loading=\"lazy\" decoding=\"async\" class=\"alignnone size-full wp-image-3238\" src=\"http:\/\/www.rukajarvensuunnanhistoriayhdistys.fi\/rukajarvikeskus\/wp-content\/uploads\/2017\/10\/E_K_MSe_-2017-10-21-1006_preview.jpeg\" alt=\"\" width=\"1012\" height=\"768\" srcset=\"https:\/\/www.rukajarvensuunnanhistoriayhdistys.fi\/rukajarvikeskus\/wp-content\/uploads\/2017\/10\/E_K_MSe_-2017-10-21-1006_preview.jpeg 1012w, https:\/\/www.rukajarvensuunnanhistoriayhdistys.fi\/rukajarvikeskus\/wp-content\/uploads\/2017\/10\/E_K_MSe_-2017-10-21-1006_preview-300x228.jpeg 300w, https:\/\/www.rukajarvensuunnanhistoriayhdistys.fi\/rukajarvikeskus\/wp-content\/uploads\/2017\/10\/E_K_MSe_-2017-10-21-1006_preview-768x583.jpeg 768w\" sizes=\"auto, (max-width: 1012px) 100vw, 1012px\" \/><\/a><\/p>\n<p>Arvoisat esitelm\u00f6itsij\u00e4t, kenraali Valtanen, presidentti Hallberg, professori Reenp\u00e4\u00e4 ja puheenjohtaja Tikkanen,<\/p>\n<p>Arvoisa Timo N\u00e4rhinsalo,<\/p>\n<p>Hyv\u00e4t tilaisuuden j\u00e4rjest\u00e4j\u00e4t, kutsuvieraat, kollegat, yst\u00e4v\u00e4t, naiset ja herrat.<\/p>\n<p>Kun is\u00e4ni l\u00e4hes tarkalleen 35 vuotta sitten j\u00e4i el\u00e4kkeelle P\u00e4\u00e4esikunnan p\u00e4\u00e4llik\u00f6n virasta, h\u00e4n totesi er\u00e4\u00e4ss\u00e4 lehtihaastattelussa, ett\u00e4 h\u00e4n tunsi viel\u00e4 olevansa hyviss\u00e4 voimissa ja olisi voinut jatkaa virassa. Seuraavat 33 vuotta osoittivatkin, ett\u00e4 h\u00e4n ei j\u00e4tt\u00e4nyt Puolustusvoimia. H\u00e4n ei tosin ollut en\u00e4\u00e4 virassa, mutta h\u00e4n oli yh\u00e4 palveluksessa. N\u00e4in se my\u00f6s l\u00e4hipiirist\u00e4 katsottuna n\u00e4ytti.<\/p>\n<p>Is\u00e4ll\u00e4ni oli herke\u00e4m\u00e4t\u00f6n kiinnostus ja vastuuntunto kaikesta, mik\u00e4 liittyi maanpuolustukseen \u2013 eik\u00e4 t\u00e4m\u00e4 suinkaan rajoittunut menneen muistelemiseen. Vain yksi muu asia pystyi jollain tavalla kilpailemaan t\u00e4st\u00e4 kiinnostuksesta \u2013 se oli autourheilu.<\/p>\n<p>Toinen asia, joka on j\u00e4\u00e4nyt mieleen tuosta lehtihaastattelusta 35 vuoden takaa, on se, ett\u00e4 vaikka is\u00e4ni j\u00e4i kaipaamaan ty\u00f6t\u00e4\u00e4n, h\u00e4n ei j\u00e4\u00e4nyt kaipaamaan univormun k\u00e4ytt\u00e4mist\u00e4. Mielenkiintoinen lausuma, joka on j\u00e4\u00e4nyt askarruttamaan minua. T\u00e4m\u00e4 muistuttaa minua siit\u00e4, ett\u00e4 kotona ei puhuttu sodista, aseista eik\u00e4 paraateista. Kotona puhuttiin enemm\u00e4nkin siit\u00e4, miten kriisej\u00e4 ja konflikteja voidaan est\u00e4\u00e4 ja ratkaista.<\/p>\n<p>Sotilaan pit\u00e4\u00e4 tietenkin varautua sotaan, olla valmis siihen. Mutta eik\u00f6 juuri sotilas tied\u00e4 parhaiten, ett\u00e4 tulee tehd\u00e4 kaikki mahdollinen, jotta sodan syttyminen estet\u00e4\u00e4n.<\/p>\n<p>Is\u00e4ni oli varmasti sotilas, joka \u00e4\u00e4ni kantoi, mutta t\u00e4m\u00e4 oli my\u00f6s diplomaatin \u00e4\u00e4ni.<\/p>\n<p>Kotini ei ole ehk\u00e4 ollut t\u00e4ysin vaikutukseton siihen, ett\u00e4 olen itse valinnut uran, jossa oikeuden keinoin ratkotaan ihmisten, yritysten, instituutioiden ja valtioiden riitoja.<\/p>\n<p>Mannerheimiin liittyv\u00e4t monet hankkeet olivat hyvin l\u00e4hell\u00e4 is\u00e4ni syd\u00e4nt\u00e4. Ne tuottivat h\u00e4nelle monenlaisia kokemuksia. Sopii hyvin, ett\u00e4 Mannerheim on t\u00e4n\u00e4\u00e4n t\u00e4\u00e4ll\u00e4 paikalla, niin kuin my\u00f6hemmin kuulemme ja n\u00e4emme.<\/p>\n<p>Etenkin viimeisin\u00e4 elinvuosinaan Rukaj\u00e4rven Suunnan Historiayhdistys ja Helsingin Suomalainen Klubi olivat t\u00e4rkeit\u00e4 is\u00e4lleni. H\u00e4n k\u00e4ytti paljon aikaa Rukaj\u00e4rven Suunnan Historiayhdistyksen toiminnan kehitt\u00e4miseen. Suomalainen Klubi oli puolestaan h\u00e4nelle t\u00e4rke\u00e4 sosiaalisena kontaktipaikkana.<\/p>\n<p>Haluan erityisesti kiitt\u00e4\u00e4 Tenho Tikkasta aloitteesta t\u00e4m\u00e4n seminaarin j\u00e4rjest\u00e4miseksi. Aila Elo Rukaj\u00e4rven Suunnan Historiayhdistyksest\u00e4 on huolehtinut lukuisista k\u00e4yt\u00e4nn\u00f6n teht\u00e4vist\u00e4, mist\u00e4 kiitos.<\/p>\n<p>Helsingin Suomalaisen Klubin puolesta Heikki Hult ja Aarno Cronvall ovat my\u00f6t\u00e4vaikuttaneet ratkaisevalla tavalla t\u00e4m\u00e4n tilaisuuden pit\u00e4miseen n\u00e4iss\u00e4 tiloissa.<\/p>\n<p>Eva-Christina M\u00e4kel\u00e4inen ja Sami Sihvo ovat monin tavoin tukeneet minua ja siskoani is\u00e4mme poismenon j\u00e4lkeen, mist\u00e4 haluamme syd\u00e4mellisesti kiitt\u00e4\u00e4 teit\u00e4.<\/p>\n<p>Eva-Christina M\u00e4kel\u00e4inen on valtaisella kokemuksellaan ja taidollaan huolehtinut siit\u00e4, ett\u00e4 protokollaa noudatetaan tarkkaan.<\/p>\n<p>Omasta ja siskoni puolesta kiit\u00e4n teit\u00e4 kaikkia siit\u00e4, ett\u00e4 olette tulleet paikalle, ja toivotan teille antoisaa lauantain iltap\u00e4iv\u00e4\u00e4.<\/p>\n","protected":false},"excerpt":{"rendered":"<p>Ermei Kannisen muistoseminaari&nbsp; Helsingin Suomalaisella Klubilla Heikki Kanninen: Tervehdyssanat Arvoisat esitelm\u00f6itsij\u00e4t, kenraali Valtanen, presidentti Hallberg, professori Reenp\u00e4\u00e4 ja puheenjohtaja Tikkanen, Arvoisa Timo N\u00e4rhinsalo, Hyv\u00e4t tilaisuuden j\u00e4rjest\u00e4j\u00e4t, kutsuvieraat, kollegat, yst\u00e4v\u00e4t, naiset <a class=\"more-link\" href=\"https:\/\/www.rukajarvensuunnanhistoriayhdistys.fi\/rukajarvikeskus\/ajankohtaista\/heikki-kanninen-tervehdyssanat-ermei-kannisen-muistoseminaari-21-10-2017\/\">Lue lis\u00e4\u00e4&#8230;<span class=\"screen-reader-text\">Heikki Kanninen: Tervehdyssanat Ermei Kannisen muistoseminaari 21.10.2017<\/span><span class=\"meta-nav\">\u2192<\/span><\/a><\/p>\n","protected":false},"author":4,"featured_media":0,"comment_status":"closed","ping_status":"open","sticky":false,"template":"","format":"standard","meta":{"ngg_post_thumbnail":0,"_jetpack_newsletter_access":"","_jetpack_dont_email_post_to_subs":false,"_jetpack_newsletter_tier_id":0,"_jetpack_memberships_contains_paywalled_content":false,"_jetpack_memberships_contains_paid_content":false,"footnotes":""},"categories":[26,31,32],"tags":[],"class_list":["post-3235","post","type-post","status-publish","format-standard","hentry","category-ajankohtaista","category-esitelmat","category-historiayhdistys"],"jetpack_featured_media_url":"","jetpack_sharing_enabled":true,"jetpack_shortlink":"https:\/\/wp.me\/p72N2f-Qb","_links":{"self":[{"href":"https:\/\/www.rukajarvensuunnanhistoriayhdistys.fi\/rukajarvikeskus\/wp-json\/wp\/v2\/posts\/3235","targetHints":{"allow":["GET"]}}],"collection":[{"href":"https:\/\/www.rukajarvensuunnanhistoriayhdistys.fi\/rukajarvikeskus\/wp-json\/wp\/v2\/posts"}],"about":[{"href":"https:\/\/www.rukajarvensuunnanhistoriayhdistys.fi\/rukajarvikeskus\/wp-json\/wp\/v2\/types\/post"}],"author":[{"embeddable":true,"href":"https:\/\/www.rukajarvensuunnanhistoriayhdistys.fi\/rukajarvikeskus\/wp-json\/wp\/v2\/users\/4"}],"replies":[{"embeddable":true,"href":"https:\/\/www.rukajarvensuunnanhistoriayhdistys.fi\/rukajarvikeskus\/wp-json\/wp\/v2\/comments?post=3235"}],"version-history":[{"count":1,"href":"https:\/\/www.rukajarvensuunnanhistoriayhdistys.fi\/rukajarvikeskus\/wp-json\/wp\/v2\/posts\/3235\/revisions"}],"predecessor-version":[{"id":3249,"href":"https:\/\/www.rukajarvensuunnanhistoriayhdistys.fi\/rukajarvikeskus\/wp-json\/wp\/v2\/posts\/3235\/revisions\/3249"}],"wp:attachment":[{"href":"https:\/\/www.rukajarvensuunnanhistoriayhdistys.fi\/rukajarvikeskus\/wp-json\/wp\/v2\/media?parent=3235"}],"wp:term":[{"taxonomy":"category","embeddable":true,"href":"https:\/\/www.rukajarvensuunnanhistoriayhdistys.fi\/rukajarvikeskus\/wp-json\/wp\/v2\/categories?post=3235"},{"taxonomy":"post_tag","embeddable":true,"href":"https:\/\/www.rukajarvensuunnanhistoriayhdistys.fi\/rukajarvikeskus\/wp-json\/wp\/v2\/tags?post=3235"}],"curies":[{"name":"wp","href":"https:\/\/api.w.org\/{rel}","templated":true}]}}