{"id":3254,"date":"2017-10-31T01:11:00","date_gmt":"2017-10-30T22:11:00","guid":{"rendered":"http:\/\/www.rukajarvensuunnanhistoriayhdistys.fi\/rukajarvikeskus\/?p=3254"},"modified":"2017-10-31T01:14:02","modified_gmt":"2017-10-30T22:14:02","slug":"kuvia-kenraaliluutnantti-ermei-kannisen-muistoseminaarista","status":"publish","type":"post","link":"https:\/\/www.rukajarvensuunnanhistoriayhdistys.fi\/rukajarvikeskus\/tapahtumat\/kuvia-kenraaliluutnantti-ermei-kannisen-muistoseminaarista\/","title":{"rendered":"Kuvia Kenraaliluutnantti Ermei Kannisen muistoseminaarista"},"content":{"rendered":"<div class=\"fcbkbttn_buttons_block\" id=\"fcbkbttn_left\"><div class=\"fcbkbttn_like \"><fb:like href=\"https:\/\/www.rukajarvensuunnanhistoriayhdistys.fi\/rukajarvikeskus\/tapahtumat\/kuvia-kenraaliluutnantti-ermei-kannisen-muistoseminaarista\/\" action=\"like\" colorscheme=\"light\" layout=\"button_count\"  size=\"small\"><\/fb:like><\/div><\/div><div id=\"page\" class=\"hfeed site\">\n<div id=\"main\" class=\"clearfix\">\n<div id=\"primary\" class=\"content-area\">\n<div id=\"content\" role=\"main\">\n<article id=\"post-11911\" class=\"post-11911 post type-post status-publish format-standard hentry category-ajankohtaista category-esitelma category-toiminta\">\n<div class=\"entry-content\">\n<p>Rukaj\u00e4rven suunnan historiayhdistyksen perustajaj\u00e4senen kenraaliluutnantti Ermei Kannisen muistoseminaari pidettiin Helsingin Suomalaisella Klubilla 21.10.2017.<\/p>\n<p><a href=\"http:\/\/www.rukajarvensuunnanhistoriayhdistys.fi\/rukajarvikeskus\/wp-content\/uploads\/2017\/10\/ErmeiKanninen-Seminaariohjelma.jpg\"><img loading=\"lazy\" decoding=\"async\" class=\"alignnone size-full wp-image-3255\" src=\"http:\/\/www.rukajarvensuunnanhistoriayhdistys.fi\/rukajarvikeskus\/wp-content\/uploads\/2017\/10\/ErmeiKanninen-Seminaariohjelma.jpg\" alt=\"\" width=\"1656\" height=\"2331\" srcset=\"https:\/\/www.rukajarvensuunnanhistoriayhdistys.fi\/rukajarvikeskus\/wp-content\/uploads\/2017\/10\/ErmeiKanninen-Seminaariohjelma.jpg 1656w, https:\/\/www.rukajarvensuunnanhistoriayhdistys.fi\/rukajarvikeskus\/wp-content\/uploads\/2017\/10\/ErmeiKanninen-Seminaariohjelma-300x422.jpg 300w, https:\/\/www.rukajarvensuunnanhistoriayhdistys.fi\/rukajarvikeskus\/wp-content\/uploads\/2017\/10\/ErmeiKanninen-Seminaariohjelma-213x300.jpg 213w, https:\/\/www.rukajarvensuunnanhistoriayhdistys.fi\/rukajarvikeskus\/wp-content\/uploads\/2017\/10\/ErmeiKanninen-Seminaariohjelma-768x1081.jpg 768w, https:\/\/www.rukajarvensuunnanhistoriayhdistys.fi\/rukajarvikeskus\/wp-content\/uploads\/2017\/10\/ErmeiKanninen-Seminaariohjelma-727x1024.jpg 727w\" sizes=\"auto, (max-width: 1656px) 100vw, 1656px\" \/><\/a><\/p>\n<\/div>\n<div id=\"page\" class=\"hfeed site\">\n<div id=\"main\" class=\"clearfix\">\n<div id=\"primary\" class=\"content-area\">\n<div id=\"content\" role=\"main\">\n<article id=\"post-11911\" class=\"post-11911 post type-post status-publish format-standard hentry category-ajankohtaista category-esitelma category-toiminta\">\n<div class=\"entry-content\">\n<p><strong>Seminaarip\u00e4iv\u00e4n aluksi k\u00e4ynti Ermei Kannisen haudalla<\/strong><\/p>\n<p>Laskiessamme&nbsp; (21.10.2017) Helsingin Hietaniemen ortodoksisella hautausmaalla Ermei Kannisen haudalle seppeleen, lainasimme komentaja E.J. Raappanan sotilailleen Repolassa pit\u00e4m\u00e4\u00e4 j\u00e4\u00e4hyv\u00e4ispuhetta ja kirjasimme seppeleen nauhalle komentajan velvoittavat sanat, mit\u00e4 Ermei Kanninen kirjaimellisesti noudatti: &nbsp;\u201d<strong>Min\u00e4 uskallan toivoa, ett\u00e4 s\u00e4ilyt\u00e4tte saman kunniakkaan nimen, jonka joukkomme t\u00e4\u00e4ll\u00e4 ovat saavuttaneet. 20.9.1944 E. J. Raappana.\u201d <\/strong><\/p>\n<p>Kahdelle muulle nauhalle tuli teksti:&nbsp;<strong>* Kunnioitetun Rukaj\u00e4rven suunnan historiayhdistyksen perustajaj\u00e4senen, kenraali Ermei Kannisen muistoa kunnioittaen. <\/strong><\/p>\n<p><strong>*Rukaj\u00e4rven suunnan veteraaniveljet, Rukaj\u00e4rven suunnan historiikkitoimikunta, Rukaj\u00e4rven suunnan historiayhdistys ry<\/strong>.<\/p>\n<p><a href=\"http:\/\/www.rukajarvensuunnanhistoriayhdistys.fi\/rukajarvikeskus\/wp-content\/uploads\/2017\/10\/DSC04430.jpg\"><img loading=\"lazy\" decoding=\"async\" class=\"alignnone size-full wp-image-3256\" src=\"http:\/\/www.rukajarvensuunnanhistoriayhdistys.fi\/rukajarvikeskus\/wp-content\/uploads\/2017\/10\/DSC04430.jpg\" alt=\"\" width=\"4592\" height=\"3056\"><\/a><\/p>\n<figure id=\"attachment_3257\" aria-describedby=\"caption-attachment-3257\" style=\"width: 4592px\" class=\"wp-caption alignnone\"><a href=\"http:\/\/www.rukajarvensuunnanhistoriayhdistys.fi\/rukajarvikeskus\/wp-content\/uploads\/2017\/10\/DSC04433.jpg\"><img loading=\"lazy\" decoding=\"async\" class=\"size-full wp-image-3257\" src=\"http:\/\/www.rukajarvensuunnanhistoriayhdistys.fi\/rukajarvikeskus\/wp-content\/uploads\/2017\/10\/DSC04433.jpg\" alt=\"\" width=\"4592\" height=\"3056\"><\/a><figcaption id=\"caption-attachment-3257\" class=\"wp-caption-text\">Tenho Tikkanen, Aila Elo, Leena ja Heikki Kanninen, Eva-Cristina M\u00e4kel\u00e4inen, Aulis Lintunen ja Sami Sihvo.<\/figcaption><\/figure>\n<\/div>\n<p>&nbsp;<\/p>\n<p><a href=\"http:\/\/www.rukajarvensuunnanhistoriayhdistys.fi\/rukajarvikeskus\/wp-content\/uploads\/2017\/10\/E_K_MSe_-2017-10-21-994_preview.jpeg\"><img loading=\"lazy\" decoding=\"async\" class=\"alignnone size-full wp-image-3248\" src=\"http:\/\/www.rukajarvensuunnanhistoriayhdistys.fi\/rukajarvikeskus\/wp-content\/uploads\/2017\/10\/E_K_MSe_-2017-10-21-994_preview.jpeg\" alt=\"\" width=\"828\" height=\"768\" srcset=\"https:\/\/www.rukajarvensuunnanhistoriayhdistys.fi\/rukajarvikeskus\/wp-content\/uploads\/2017\/10\/E_K_MSe_-2017-10-21-994_preview.jpeg 828w, https:\/\/www.rukajarvensuunnanhistoriayhdistys.fi\/rukajarvikeskus\/wp-content\/uploads\/2017\/10\/E_K_MSe_-2017-10-21-994_preview-300x278.jpeg 300w, https:\/\/www.rukajarvensuunnanhistoriayhdistys.fi\/rukajarvikeskus\/wp-content\/uploads\/2017\/10\/E_K_MSe_-2017-10-21-994_preview-768x712.jpeg 768w\" sizes=\"auto, (max-width: 828px) 100vw, 828px\" \/><\/a><\/p>\n<\/article>\n<figure id=\"attachment_3236\" aria-describedby=\"caption-attachment-3236\" style=\"width: 768px\" class=\"wp-caption alignnone\"><a href=\"http:\/\/www.rukajarvensuunnanhistoriayhdistys.fi\/rukajarvikeskus\/wp-content\/uploads\/2017\/10\/E_K_MSe_-2017-10-21-998_preview.jpeg\"><img loading=\"lazy\" decoding=\"async\" class=\"size-full wp-image-3236\" src=\"http:\/\/www.rukajarvensuunnanhistoriayhdistys.fi\/rukajarvikeskus\/wp-content\/uploads\/2017\/10\/E_K_MSe_-2017-10-21-998_preview.jpeg\" alt=\"\" width=\"768\" height=\"782\" srcset=\"https:\/\/www.rukajarvensuunnanhistoriayhdistys.fi\/rukajarvikeskus\/wp-content\/uploads\/2017\/10\/E_K_MSe_-2017-10-21-998_preview.jpeg 768w, https:\/\/www.rukajarvensuunnanhistoriayhdistys.fi\/rukajarvikeskus\/wp-content\/uploads\/2017\/10\/E_K_MSe_-2017-10-21-998_preview-300x305.jpeg 300w, https:\/\/www.rukajarvensuunnanhistoriayhdistys.fi\/rukajarvikeskus\/wp-content\/uploads\/2017\/10\/E_K_MSe_-2017-10-21-998_preview-295x300.jpeg 295w\" sizes=\"auto, (max-width: 768px) 100vw, 768px\" \/><\/a><figcaption id=\"caption-attachment-3236\" class=\"wp-caption-text\">Seminaarin juontajana toimi eversti Heikki Hult.<\/figcaption><\/figure>\n<figure id=\"attachment_3237\" aria-describedby=\"caption-attachment-3237\" style=\"width: 1024px\" class=\"wp-caption alignnone\"><a href=\"http:\/\/www.rukajarvensuunnanhistoriayhdistys.fi\/rukajarvikeskus\/wp-content\/uploads\/2017\/10\/E_K_MSe_-2017-10-21-1000_preview.jpeg\"><img loading=\"lazy\" decoding=\"async\" class=\"size-full wp-image-3237\" src=\"http:\/\/www.rukajarvensuunnanhistoriayhdistys.fi\/rukajarvikeskus\/wp-content\/uploads\/2017\/10\/E_K_MSe_-2017-10-21-1000_preview.jpeg\" alt=\"\" width=\"1024\" height=\"678\" srcset=\"https:\/\/www.rukajarvensuunnanhistoriayhdistys.fi\/rukajarvikeskus\/wp-content\/uploads\/2017\/10\/E_K_MSe_-2017-10-21-1000_preview.jpeg 1024w, https:\/\/www.rukajarvensuunnanhistoriayhdistys.fi\/rukajarvikeskus\/wp-content\/uploads\/2017\/10\/E_K_MSe_-2017-10-21-1000_preview-300x199.jpeg 300w, https:\/\/www.rukajarvensuunnanhistoriayhdistys.fi\/rukajarvikeskus\/wp-content\/uploads\/2017\/10\/E_K_MSe_-2017-10-21-1000_preview-768x509.jpeg 768w\" sizes=\"auto, (max-width: 1024px) 100vw, 1024px\" \/><\/a><figcaption id=\"caption-attachment-3237\" class=\"wp-caption-text\">Tervetulotoivotuksen esitti Helsingin Suomalaisen Klubin puheenjohtaja Matti Viljanen.<\/figcaption><\/figure>\n<figure id=\"attachment_3238\" aria-describedby=\"caption-attachment-3238\" style=\"width: 1012px\" class=\"wp-caption alignnone\"><a href=\"http:\/\/www.rukajarvensuunnanhistoriayhdistys.fi\/rukajarvikeskus\/wp-content\/uploads\/2017\/10\/E_K_MSe_-2017-10-21-1006_preview.jpeg\"><img loading=\"lazy\" decoding=\"async\" class=\"size-full wp-image-3238\" src=\"http:\/\/www.rukajarvensuunnanhistoriayhdistys.fi\/rukajarvikeskus\/wp-content\/uploads\/2017\/10\/E_K_MSe_-2017-10-21-1006_preview.jpeg\" alt=\"\" width=\"1012\" height=\"768\" srcset=\"https:\/\/www.rukajarvensuunnanhistoriayhdistys.fi\/rukajarvikeskus\/wp-content\/uploads\/2017\/10\/E_K_MSe_-2017-10-21-1006_preview.jpeg 1012w, https:\/\/www.rukajarvensuunnanhistoriayhdistys.fi\/rukajarvikeskus\/wp-content\/uploads\/2017\/10\/E_K_MSe_-2017-10-21-1006_preview-300x228.jpeg 300w, https:\/\/www.rukajarvensuunnanhistoriayhdistys.fi\/rukajarvikeskus\/wp-content\/uploads\/2017\/10\/E_K_MSe_-2017-10-21-1006_preview-768x583.jpeg 768w\" sizes=\"auto, (max-width: 1012px) 100vw, 1012px\" \/><\/a><figcaption id=\"caption-attachment-3238\" class=\"wp-caption-text\">Tervehdys Heikki Kanninen.<\/figcaption><\/figure>\n<figure id=\"attachment_3239\" aria-describedby=\"caption-attachment-3239\" style=\"width: 1024px\" class=\"wp-caption alignnone\"><a href=\"http:\/\/www.rukajarvensuunnanhistoriayhdistys.fi\/rukajarvikeskus\/wp-content\/uploads\/2017\/10\/E_K_MSe_-2017-10-21-1007_preview.jpeg\"><img loading=\"lazy\" decoding=\"async\" class=\"size-full wp-image-3239\" src=\"http:\/\/www.rukajarvensuunnanhistoriayhdistys.fi\/rukajarvikeskus\/wp-content\/uploads\/2017\/10\/E_K_MSe_-2017-10-21-1007_preview.jpeg\" alt=\"\" width=\"1024\" height=\"714\" srcset=\"https:\/\/www.rukajarvensuunnanhistoriayhdistys.fi\/rukajarvikeskus\/wp-content\/uploads\/2017\/10\/E_K_MSe_-2017-10-21-1007_preview.jpeg 1024w, https:\/\/www.rukajarvensuunnanhistoriayhdistys.fi\/rukajarvikeskus\/wp-content\/uploads\/2017\/10\/E_K_MSe_-2017-10-21-1007_preview-300x209.jpeg 300w, https:\/\/www.rukajarvensuunnanhistoriayhdistys.fi\/rukajarvikeskus\/wp-content\/uploads\/2017\/10\/E_K_MSe_-2017-10-21-1007_preview-768x536.jpeg 768w\" sizes=\"auto, (max-width: 1024px) 100vw, 1024px\" \/><\/a><figcaption id=\"caption-attachment-3239\" class=\"wp-caption-text\">Seminaariesitelm\u00e4: \u201dErmei Kanninen ty\u00f6toverina ja sotilaana\u201d, Puolustusvoimainen entinen komentaja kenraali Jaakko Valtanen.<\/figcaption><\/figure>\n<figure id=\"attachment_3240\" aria-describedby=\"caption-attachment-3240\" style=\"width: 1024px\" class=\"wp-caption alignnone\"><a href=\"http:\/\/www.rukajarvensuunnanhistoriayhdistys.fi\/rukajarvikeskus\/wp-content\/uploads\/2017\/10\/E_K_MSe_-2017-10-21-1017_preview.jpeg\"><img loading=\"lazy\" decoding=\"async\" class=\"size-full wp-image-3240\" src=\"http:\/\/www.rukajarvensuunnanhistoriayhdistys.fi\/rukajarvikeskus\/wp-content\/uploads\/2017\/10\/E_K_MSe_-2017-10-21-1017_preview.jpeg\" alt=\"\" width=\"1024\" height=\"678\" srcset=\"https:\/\/www.rukajarvensuunnanhistoriayhdistys.fi\/rukajarvikeskus\/wp-content\/uploads\/2017\/10\/E_K_MSe_-2017-10-21-1017_preview.jpeg 1024w, https:\/\/www.rukajarvensuunnanhistoriayhdistys.fi\/rukajarvikeskus\/wp-content\/uploads\/2017\/10\/E_K_MSe_-2017-10-21-1017_preview-300x199.jpeg 300w, https:\/\/www.rukajarvensuunnanhistoriayhdistys.fi\/rukajarvikeskus\/wp-content\/uploads\/2017\/10\/E_K_MSe_-2017-10-21-1017_preview-768x509.jpeg 768w\" sizes=\"auto, (max-width: 1024px) 100vw, 1024px\" \/><\/a><figcaption id=\"caption-attachment-3240\" class=\"wp-caption-text\">Seminaariesitelm\u00e4: \u201dUhkakuvia ja vallan kriisej\u00e4 maailmalla\u201d, Korkeimman hallinto-oikeuden entinen presidentti, oikeustieteen tohtori Pekka Hallberg.<\/figcaption><\/figure>\n<figure id=\"attachment_3241\" aria-describedby=\"caption-attachment-3241\" style=\"width: 1024px\" class=\"wp-caption alignnone\"><a href=\"http:\/\/www.rukajarvensuunnanhistoriayhdistys.fi\/rukajarvikeskus\/wp-content\/uploads\/2017\/10\/E_K_MSe_-2017-10-21-1022_preview.jpeg\"><img loading=\"lazy\" decoding=\"async\" class=\"size-full wp-image-3241\" src=\"http:\/\/www.rukajarvensuunnanhistoriayhdistys.fi\/rukajarvikeskus\/wp-content\/uploads\/2017\/10\/E_K_MSe_-2017-10-21-1022_preview.jpeg\" alt=\"\" width=\"1024\" height=\"678\" srcset=\"https:\/\/www.rukajarvensuunnanhistoriayhdistys.fi\/rukajarvikeskus\/wp-content\/uploads\/2017\/10\/E_K_MSe_-2017-10-21-1022_preview.jpeg 1024w, https:\/\/www.rukajarvensuunnanhistoriayhdistys.fi\/rukajarvikeskus\/wp-content\/uploads\/2017\/10\/E_K_MSe_-2017-10-21-1022_preview-300x199.jpeg 300w, https:\/\/www.rukajarvensuunnanhistoriayhdistys.fi\/rukajarvikeskus\/wp-content\/uploads\/2017\/10\/E_K_MSe_-2017-10-21-1022_preview-768x509.jpeg 768w\" sizes=\"auto, (max-width: 1024px) 100vw, 1024px\" \/><\/a><figcaption id=\"caption-attachment-3241\" class=\"wp-caption-text\">Seminaariesitelm\u00e4: \u201dUpseeriston nuorimmat ik\u00e4luokat sodissamme\u201d, Otavan entinen toimitusjohtaja ja hallituksen puheenjohtaja, professori Heikki A. Reenp\u00e4\u00e4.<\/figcaption><\/figure>\n<figure id=\"attachment_3242\" aria-describedby=\"caption-attachment-3242\" style=\"width: 1024px\" class=\"wp-caption alignnone\"><a href=\"http:\/\/www.rukajarvensuunnanhistoriayhdistys.fi\/rukajarvikeskus\/wp-content\/uploads\/2017\/10\/E_K_MSe_-2017-10-21-1025_preview.jpeg\"><img loading=\"lazy\" decoding=\"async\" class=\"size-full wp-image-3242\" src=\"http:\/\/www.rukajarvensuunnanhistoriayhdistys.fi\/rukajarvikeskus\/wp-content\/uploads\/2017\/10\/E_K_MSe_-2017-10-21-1025_preview.jpeg\" alt=\"\" width=\"1024\" height=\"741\" srcset=\"https:\/\/www.rukajarvensuunnanhistoriayhdistys.fi\/rukajarvikeskus\/wp-content\/uploads\/2017\/10\/E_K_MSe_-2017-10-21-1025_preview.jpeg 1024w, https:\/\/www.rukajarvensuunnanhistoriayhdistys.fi\/rukajarvikeskus\/wp-content\/uploads\/2017\/10\/E_K_MSe_-2017-10-21-1025_preview-300x217.jpeg 300w, https:\/\/www.rukajarvensuunnanhistoriayhdistys.fi\/rukajarvikeskus\/wp-content\/uploads\/2017\/10\/E_K_MSe_-2017-10-21-1025_preview-768x556.jpeg 768w\" sizes=\"auto, (max-width: 1024px) 100vw, 1024px\" \/><\/a><figcaption id=\"caption-attachment-3242\" class=\"wp-caption-text\">Seminaariesitelm\u00e4: \u201dErmei Kannisen osallistuminen Rukaj\u00e4rven suunnan sotahistoriaty\u00f6h\u00f6n\u201d, RSHY ry:n puheenjohtaja Tenho Tikkanen.<\/figcaption><\/figure>\n<figure id=\"attachment_3243\" aria-describedby=\"caption-attachment-3243\" style=\"width: 960px\" class=\"wp-caption alignnone\"><a href=\"http:\/\/www.rukajarvensuunnanhistoriayhdistys.fi\/rukajarvikeskus\/wp-content\/uploads\/2017\/10\/E_K_MSe_-2017-10-21-1029_preview.jpeg\"><img loading=\"lazy\" decoding=\"async\" class=\"size-full wp-image-3243\" src=\"http:\/\/www.rukajarvensuunnanhistoriayhdistys.fi\/rukajarvikeskus\/wp-content\/uploads\/2017\/10\/E_K_MSe_-2017-10-21-1029_preview.jpeg\" alt=\"\" width=\"960\" height=\"768\" srcset=\"https:\/\/www.rukajarvensuunnanhistoriayhdistys.fi\/rukajarvikeskus\/wp-content\/uploads\/2017\/10\/E_K_MSe_-2017-10-21-1029_preview.jpeg 960w, https:\/\/www.rukajarvensuunnanhistoriayhdistys.fi\/rukajarvikeskus\/wp-content\/uploads\/2017\/10\/E_K_MSe_-2017-10-21-1029_preview-300x240.jpeg 300w, https:\/\/www.rukajarvensuunnanhistoriayhdistys.fi\/rukajarvikeskus\/wp-content\/uploads\/2017\/10\/E_K_MSe_-2017-10-21-1029_preview-768x614.jpeg 768w\" sizes=\"auto, (max-width: 960px) 100vw, 960px\" \/><\/a><figcaption id=\"caption-attachment-3243\" class=\"wp-caption-text\">\u201dYlip\u00e4\u00e4llik\u00f6n p\u00e4iv\u00e4k\u00e4sky 31.12.1944\u201d Teatteritaiteen maisteri Timo N\u00e4rhinsalo.<\/figcaption><\/figure>\n<figure id=\"attachment_3245\" aria-describedby=\"caption-attachment-3245\" style=\"width: 1024px\" class=\"wp-caption alignnone\"><a href=\"http:\/\/www.rukajarvensuunnanhistoriayhdistys.fi\/rukajarvikeskus\/wp-content\/uploads\/2017\/10\/E_K_MSe_-2017-10-21-1070_preview.jpeg\"><img loading=\"lazy\" decoding=\"async\" class=\"size-full wp-image-3245\" src=\"http:\/\/www.rukajarvensuunnanhistoriayhdistys.fi\/rukajarvikeskus\/wp-content\/uploads\/2017\/10\/E_K_MSe_-2017-10-21-1070_preview.jpeg\" alt=\"\" width=\"1024\" height=\"682\" srcset=\"https:\/\/www.rukajarvensuunnanhistoriayhdistys.fi\/rukajarvikeskus\/wp-content\/uploads\/2017\/10\/E_K_MSe_-2017-10-21-1070_preview.jpeg 1024w, https:\/\/www.rukajarvensuunnanhistoriayhdistys.fi\/rukajarvikeskus\/wp-content\/uploads\/2017\/10\/E_K_MSe_-2017-10-21-1070_preview-300x200.jpeg 300w, https:\/\/www.rukajarvensuunnanhistoriayhdistys.fi\/rukajarvikeskus\/wp-content\/uploads\/2017\/10\/E_K_MSe_-2017-10-21-1070_preview-768x512.jpeg 768w\" sizes=\"auto, (max-width: 1024px) 100vw, 1024px\" \/><\/a><figcaption id=\"caption-attachment-3245\" class=\"wp-caption-text\">Musiikkiesitys: Tuula Saarensola ja Risto Lauriala.<\/figcaption><\/figure>\n<figure id=\"attachment_3244\" aria-describedby=\"caption-attachment-3244\" style=\"width: 928px\" class=\"wp-caption alignnone\"><a href=\"http:\/\/www.rukajarvensuunnanhistoriayhdistys.fi\/rukajarvikeskus\/wp-content\/uploads\/2017\/10\/E_K_MSe_-2017-10-21-1064_preview.jpeg\"><img loading=\"lazy\" decoding=\"async\" class=\"size-full wp-image-3244\" src=\"http:\/\/www.rukajarvensuunnanhistoriayhdistys.fi\/rukajarvikeskus\/wp-content\/uploads\/2017\/10\/E_K_MSe_-2017-10-21-1064_preview.jpeg\" alt=\"\" width=\"928\" height=\"768\" srcset=\"https:\/\/www.rukajarvensuunnanhistoriayhdistys.fi\/rukajarvikeskus\/wp-content\/uploads\/2017\/10\/E_K_MSe_-2017-10-21-1064_preview.jpeg 928w, https:\/\/www.rukajarvensuunnanhistoriayhdistys.fi\/rukajarvikeskus\/wp-content\/uploads\/2017\/10\/E_K_MSe_-2017-10-21-1064_preview-300x248.jpeg 300w, https:\/\/www.rukajarvensuunnanhistoriayhdistys.fi\/rukajarvikeskus\/wp-content\/uploads\/2017\/10\/E_K_MSe_-2017-10-21-1064_preview-768x636.jpeg 768w\" sizes=\"auto, (max-width: 928px) 100vw, 928px\" \/><\/a><figcaption id=\"caption-attachment-3244\" class=\"wp-caption-text\">Seminaariin osallistui kymmenen veteraania ja yksi lotta, joista nelj\u00e4 toimi Rukaj\u00e4rven suunnalla, lotta Eeva-Liisa Kumpulainen, Maunu Kankaanp\u00e4\u00e4, sek\u00e4 kuvan Mauno Turunen ja Hannes Tuovinen.<\/figcaption><\/figure>\n<figure id=\"attachment_3246\" aria-describedby=\"caption-attachment-3246\" style=\"width: 1024px\" class=\"wp-caption alignnone\"><a href=\"http:\/\/www.rukajarvensuunnanhistoriayhdistys.fi\/rukajarvikeskus\/wp-content\/uploads\/2017\/10\/E_K_MSe_-2017-10-21-1115_preview.jpeg\"><img loading=\"lazy\" decoding=\"async\" class=\"size-full wp-image-3246\" src=\"http:\/\/www.rukajarvensuunnanhistoriayhdistys.fi\/rukajarvikeskus\/wp-content\/uploads\/2017\/10\/E_K_MSe_-2017-10-21-1115_preview.jpeg\" alt=\"\" width=\"1024\" height=\"678\" srcset=\"https:\/\/www.rukajarvensuunnanhistoriayhdistys.fi\/rukajarvikeskus\/wp-content\/uploads\/2017\/10\/E_K_MSe_-2017-10-21-1115_preview.jpeg 1024w, https:\/\/www.rukajarvensuunnanhistoriayhdistys.fi\/rukajarvikeskus\/wp-content\/uploads\/2017\/10\/E_K_MSe_-2017-10-21-1115_preview-300x199.jpeg 300w, https:\/\/www.rukajarvensuunnanhistoriayhdistys.fi\/rukajarvikeskus\/wp-content\/uploads\/2017\/10\/E_K_MSe_-2017-10-21-1115_preview-768x509.jpeg 768w\" sizes=\"auto, (max-width: 1024px) 100vw, 1024px\" \/><\/a><figcaption id=\"caption-attachment-3246\" class=\"wp-caption-text\">Seminaariin sek\u00e4 &#8221;Marskin p\u00f6yd\u00e4ss\u00e4 Rukaj\u00e4rvell\u00e4&#8221; p\u00e4iv\u00e4lliselle osallistui l\u00e4hes 100 henkil\u00f6\u00e4, joista 10 sodank\u00e4ynytt\u00e4 veteraania ja yksi lotta. Seminaari oli Suomi 100 vuotta juhlatilaisuus. Sen j\u00e4rjestiv\u00e4t Helsingin Suomalainen Klubi ja Rukaj\u00e4rven suunnan historiayhdistys yhteisty\u00f6ss\u00e4.<\/figcaption><\/figure>\n<\/div>\n<\/div>\n<\/div>\n<\/div>\n<\/article>\n<\/div>\n<\/div>\n<\/div>\n<\/div>\n","protected":false},"excerpt":{"rendered":"<p>Rukaj\u00e4rven suunnan historiayhdistyksen perustajaj\u00e4senen kenraaliluutnantti Ermei Kannisen muistoseminaari pidettiin Helsingin Suomalaisella Klubilla 21.10.2017. Seminaarip\u00e4iv\u00e4n aluksi k\u00e4ynti Ermei Kannisen haudalla Laskiessamme&nbsp; (21.10.2017) Helsingin Hietaniemen ortodoksisella hautausmaalla Ermei Kannisen haudalle seppeleen, lainasimme <a class=\"more-link\" href=\"https:\/\/www.rukajarvensuunnanhistoriayhdistys.fi\/rukajarvikeskus\/tapahtumat\/kuvia-kenraaliluutnantti-ermei-kannisen-muistoseminaarista\/\">Lue lis\u00e4\u00e4&#8230;<span class=\"screen-reader-text\">Kuvia Kenraaliluutnantti Ermei Kannisen muistoseminaarista<\/span><span class=\"meta-nav\">\u2192<\/span><\/a><\/p>\n","protected":false},"author":4,"featured_media":0,"comment_status":"closed","ping_status":"open","sticky":false,"template":"","format":"standard","meta":{"ngg_post_thumbnail":0,"_jetpack_newsletter_access":"","_jetpack_dont_email_post_to_subs":false,"_jetpack_newsletter_tier_id":0,"_jetpack_memberships_contains_paywalled_content":false,"_jetpack_memberships_contains_paid_content":false,"footnotes":""},"categories":[26,31,32,15],"tags":[],"class_list":["post-3254","post","type-post","status-publish","format-standard","hentry","category-ajankohtaista","category-esitelmat","category-historiayhdistys","category-tapahtumat"],"jetpack_featured_media_url":"","jetpack_sharing_enabled":true,"jetpack_shortlink":"https:\/\/wp.me\/p72N2f-Qu","_links":{"self":[{"href":"https:\/\/www.rukajarvensuunnanhistoriayhdistys.fi\/rukajarvikeskus\/wp-json\/wp\/v2\/posts\/3254","targetHints":{"allow":["GET"]}}],"collection":[{"href":"https:\/\/www.rukajarvensuunnanhistoriayhdistys.fi\/rukajarvikeskus\/wp-json\/wp\/v2\/posts"}],"about":[{"href":"https:\/\/www.rukajarvensuunnanhistoriayhdistys.fi\/rukajarvikeskus\/wp-json\/wp\/v2\/types\/post"}],"author":[{"embeddable":true,"href":"https:\/\/www.rukajarvensuunnanhistoriayhdistys.fi\/rukajarvikeskus\/wp-json\/wp\/v2\/users\/4"}],"replies":[{"embeddable":true,"href":"https:\/\/www.rukajarvensuunnanhistoriayhdistys.fi\/rukajarvikeskus\/wp-json\/wp\/v2\/comments?post=3254"}],"version-history":[{"count":3,"href":"https:\/\/www.rukajarvensuunnanhistoriayhdistys.fi\/rukajarvikeskus\/wp-json\/wp\/v2\/posts\/3254\/revisions"}],"predecessor-version":[{"id":3260,"href":"https:\/\/www.rukajarvensuunnanhistoriayhdistys.fi\/rukajarvikeskus\/wp-json\/wp\/v2\/posts\/3254\/revisions\/3260"}],"wp:attachment":[{"href":"https:\/\/www.rukajarvensuunnanhistoriayhdistys.fi\/rukajarvikeskus\/wp-json\/wp\/v2\/media?parent=3254"}],"wp:term":[{"taxonomy":"category","embeddable":true,"href":"https:\/\/www.rukajarvensuunnanhistoriayhdistys.fi\/rukajarvikeskus\/wp-json\/wp\/v2\/categories?post=3254"},{"taxonomy":"post_tag","embeddable":true,"href":"https:\/\/www.rukajarvensuunnanhistoriayhdistys.fi\/rukajarvikeskus\/wp-json\/wp\/v2\/tags?post=3254"}],"curies":[{"name":"wp","href":"https:\/\/api.w.org\/{rel}","templated":true}]}}