{"id":3264,"date":"2017-11-05T14:57:34","date_gmt":"2017-11-05T11:57:34","guid":{"rendered":"http:\/\/www.rukajarvensuunnanhistoriayhdistys.fi\/rukajarvikeskus\/?p=3264"},"modified":"2017-11-05T14:57:34","modified_gmt":"2017-11-05T11:57:34","slug":"jaakko-niirasen-teos-vaietut-sotamuistot-julkistettu","status":"publish","type":"post","link":"https:\/\/www.rukajarvensuunnanhistoriayhdistys.fi\/rukajarvikeskus\/tapahtumat\/jaakko-niirasen-teos-vaietut-sotamuistot-julkistettu\/","title":{"rendered":"Jaakko Niirasen teos \u201dVaietut sotamuistot\u201d julkistettu."},"content":{"rendered":"<div class=\"fcbkbttn_buttons_block\" id=\"fcbkbttn_left\"><div class=\"fcbkbttn_like \"><fb:like href=\"https:\/\/www.rukajarvensuunnanhistoriayhdistys.fi\/rukajarvikeskus\/tapahtumat\/jaakko-niirasen-teos-vaietut-sotamuistot-julkistettu\/\" action=\"like\" colorscheme=\"light\" layout=\"button_count\"  size=\"small\"><\/fb:like><\/div><\/div><p><strong>Jaakko Niirasen teos \u201dVaietut sotamuistot\u201d julkistettu.<\/strong><\/p>\n<p><strong><a href=\"http:\/\/www.rukajarvensuunnanhistoriayhdistys.fi\/rukajarvikeskus\/wp-content\/uploads\/2017\/11\/Vaietut-sotamuistot-Jaakko-Niiranen-31-10-2017.png\"><img loading=\"lazy\" decoding=\"async\" class=\"alignnone size-full wp-image-3266\" src=\"http:\/\/www.rukajarvensuunnanhistoriayhdistys.fi\/rukajarvikeskus\/wp-content\/uploads\/2017\/11\/Vaietut-sotamuistot-Jaakko-Niiranen-31-10-2017.png\" alt=\"\" width=\"1498\" height=\"2158\" srcset=\"https:\/\/www.rukajarvensuunnanhistoriayhdistys.fi\/rukajarvikeskus\/wp-content\/uploads\/2017\/11\/Vaietut-sotamuistot-Jaakko-Niiranen-31-10-2017.png 1498w, https:\/\/www.rukajarvensuunnanhistoriayhdistys.fi\/rukajarvikeskus\/wp-content\/uploads\/2017\/11\/Vaietut-sotamuistot-Jaakko-Niiranen-31-10-2017-300x432.png 300w, https:\/\/www.rukajarvensuunnanhistoriayhdistys.fi\/rukajarvikeskus\/wp-content\/uploads\/2017\/11\/Vaietut-sotamuistot-Jaakko-Niiranen-31-10-2017-208x300.png 208w, https:\/\/www.rukajarvensuunnanhistoriayhdistys.fi\/rukajarvikeskus\/wp-content\/uploads\/2017\/11\/Vaietut-sotamuistot-Jaakko-Niiranen-31-10-2017-768x1106.png 768w, https:\/\/www.rukajarvensuunnanhistoriayhdistys.fi\/rukajarvikeskus\/wp-content\/uploads\/2017\/11\/Vaietut-sotamuistot-Jaakko-Niiranen-31-10-2017-711x1024.png 711w\" sizes=\"auto, (max-width: 1498px) 100vw, 1498px\" \/><\/a><\/strong><\/p>\n<p><strong>Kirjaa saatavissa kirjakaupoista sek\u00e4 Jaakko Niiraselta, jonka yhteystieto: <\/strong><\/p>\n<p><strong>Sysitie 21, 63100 Kuortane, puh. 0400-814770, sp: jaakko.niiranen@kuortane.com<\/strong><\/p>\n<p>Jaakko Niiranen on ilmoittanut pit\u00e4v\u00e4ns\u00e4 teoksen esittelytilaisuuden my\u00f6s Iisalmen Rukaj\u00e4rvi-keskuksessa. Ajankohdasta ilmoitamme my\u00f6hemmin.<\/p>\n<p><strong>FT Juha Pohjonen on antanut kirjasta oman arvionsa (Kustannusosakeyhti\u00f6 Hai):<\/strong><em>&#8221;Jaakko Niiranen on tehnyt rohkean valinnan. H\u00e4n on hyp\u00e4nnyt kirjallisessa mieless\u00e4 is\u00e4ns\u00e4 saappaisiin. Retki on kova ja ankara vieden miest\u00e4 Talvisodan Karjalankannakselta lyhyen rauhan j\u00e4lkeen It\u00e4-Karjalan ja varsinkin Rukaj\u00e4rven seuduille. Niirasen teoksen voisi helposti arvioida perinteiseksi sotakirjaksi, mutta sit\u00e4 se ei ole. Sota on aina l\u00e4sn\u00e4, mutta Viljo Niirasen \u00e4\u00e4ni ja tuntemukset tuovat esille kokonaan ja kaunistelemattomasti tositapahtumiin perustuvassa kerronnassa&nbsp; sodan keskelle joutuvan tavallisen suomalaisen miehen ajatusmaailman. Perinteisi\u00e4 sotasankareita kirjassa ei ole. T\u00e4ss\u00e4 teoksessa sankaruus syntyy velvollisuuksien t\u00e4ytt\u00e4misen my\u00f6t\u00e4. Jaakko Niiranen kuvaa is\u00e4ns\u00e4 tositarinan kautta ihmisen arvaamattoman kohtalon kun aseet puhuvat. Sodassa todellakin kuollaan ja tullaan tapetuksi, usein melkein sattumalta. Sotilasvalan t\u00e4ytt\u00e4minen oli t\u00e4m\u00e4n ik\u00e4luokan miehille luonnollinen asia, ja valan hinta oli kova.<\/em><\/p>\n<p><em>Jaakko Niirasen runsaasti kuvitettu ja perusteellisin kartoin t\u00e4ydennetty teos on kokemusromaani sodasta, mutta ennen kaikkea kertomus nuorukaisesta, josta viisi sodan vuotta tekiv\u00e4t muuttuneen miehen. Kirja on realistinen el\u00e4m\u00e4kerrallinen romaani jokaiselle, joka pohtii, mit\u00e4 is\u00e4 tai isois\u00e4 siell\u00e4 jossakin teki.&#8221;<\/em><\/p>\n<p><strong>&nbsp;<\/strong><strong>Kirjassa kerrotaan&nbsp; seikkaper\u00e4isesti&nbsp;my\u00f6s mm. &#8221;Joen kentt\u00e4vartion taisteluista&#8221;. Yhdistyksemme etsii edelleen ns. &#8221;j\u00e4ljelle j\u00e4\u00e4neitten&#8221; nimi\u00e4. Seuraavassa valokuva ja tiedossamme olevat nimet. <\/strong>Aiemmin olemme t\u00e4t\u00e4 asiaa k\u00e4sitelleet mm. artikkelissa mink\u00e4 voi lukea <a href=\"http:\/\/www.rukajarvensuunnanhistoriayhdistys.fi\/historiayhdistys\/joen-kenttavartion-aineiston-keraystyo-jatkuu-taistelusta-74-vuotta\/\"><strong>T\u00c4\u00c4LT\u00c4<\/strong><\/a>:<\/p>\n<figure id=\"attachment_3265\" aria-describedby=\"caption-attachment-3265\" style=\"width: 606px\" class=\"wp-caption alignnone\"><a href=\"http:\/\/www.rukajarvensuunnanhistoriayhdistys.fi\/rukajarvikeskus\/wp-content\/uploads\/2017\/11\/J\u00e4ljelle-j\u00e4\u00e4neet-numeroitu-1.jpg\"><img loading=\"lazy\" decoding=\"async\" class=\"size-full wp-image-3265\" src=\"http:\/\/www.rukajarvensuunnanhistoriayhdistys.fi\/rukajarvikeskus\/wp-content\/uploads\/2017\/11\/J\u00e4ljelle-j\u00e4\u00e4neet-numeroitu-1.jpg\" alt=\"\" width=\"606\" height=\"561\" srcset=\"https:\/\/www.rukajarvensuunnanhistoriayhdistys.fi\/rukajarvikeskus\/wp-content\/uploads\/2017\/11\/J\u00e4ljelle-j\u00e4\u00e4neet-numeroitu-1.jpg 606w, https:\/\/www.rukajarvensuunnanhistoriayhdistys.fi\/rukajarvikeskus\/wp-content\/uploads\/2017\/11\/J\u00e4ljelle-j\u00e4\u00e4neet-numeroitu-1-300x278.jpg 300w\" sizes=\"auto, (max-width: 606px) 100vw, 606px\" \/><\/a><figcaption id=\"caption-attachment-3265\" class=\"wp-caption-text\">\u2014Joen miehist\u00f6st\u00e4 (28:sta) j\u00e4ljellej\u00e4\u00e4neet. Tsirkka-Kemijoki 10.10.1943. SA-kuva 141547. nro 1. Matti Kaikkonen, nro 7. Viljo Niiranen, nro 9. Tuure Lappalainen, nro 11. Yrj\u00f6 Tikkanen ja nro 13. V\u00e4in\u00f6 Taivalm\u00e4ki.<\/figcaption><\/figure>\n<p>&nbsp;<\/p>\n","protected":false},"excerpt":{"rendered":"<p>Jaakko Niirasen teos \u201dVaietut sotamuistot\u201d julkistettu. Kirjaa saatavissa kirjakaupoista sek\u00e4 Jaakko Niiraselta, jonka yhteystieto: Sysitie 21, 63100 Kuortane, puh. 0400-814770, sp: jaakko.niiranen@kuortane.com Jaakko Niiranen on ilmoittanut pit\u00e4v\u00e4ns\u00e4 teoksen esittelytilaisuuden my\u00f6s <a class=\"more-link\" href=\"https:\/\/www.rukajarvensuunnanhistoriayhdistys.fi\/rukajarvikeskus\/tapahtumat\/jaakko-niirasen-teos-vaietut-sotamuistot-julkistettu\/\">Lue lis\u00e4\u00e4&#8230;<span class=\"screen-reader-text\">Jaakko Niirasen teos \u201dVaietut sotamuistot\u201d julkistettu.<\/span><span class=\"meta-nav\">\u2192<\/span><\/a><\/p>\n","protected":false},"author":4,"featured_media":0,"comment_status":"closed","ping_status":"open","sticky":false,"template":"","format":"standard","meta":{"ngg_post_thumbnail":0,"_jetpack_newsletter_access":"","_jetpack_dont_email_post_to_subs":false,"_jetpack_newsletter_tier_id":0,"_jetpack_memberships_contains_paywalled_content":false,"_jetpack_memberships_contains_paid_content":false,"footnotes":""},"categories":[26,32,15],"tags":[],"class_list":["post-3264","post","type-post","status-publish","format-standard","hentry","category-ajankohtaista","category-historiayhdistys","category-tapahtumat"],"jetpack_featured_media_url":"","jetpack_sharing_enabled":true,"jetpack_shortlink":"https:\/\/wp.me\/p72N2f-QE","_links":{"self":[{"href":"https:\/\/www.rukajarvensuunnanhistoriayhdistys.fi\/rukajarvikeskus\/wp-json\/wp\/v2\/posts\/3264","targetHints":{"allow":["GET"]}}],"collection":[{"href":"https:\/\/www.rukajarvensuunnanhistoriayhdistys.fi\/rukajarvikeskus\/wp-json\/wp\/v2\/posts"}],"about":[{"href":"https:\/\/www.rukajarvensuunnanhistoriayhdistys.fi\/rukajarvikeskus\/wp-json\/wp\/v2\/types\/post"}],"author":[{"embeddable":true,"href":"https:\/\/www.rukajarvensuunnanhistoriayhdistys.fi\/rukajarvikeskus\/wp-json\/wp\/v2\/users\/4"}],"replies":[{"embeddable":true,"href":"https:\/\/www.rukajarvensuunnanhistoriayhdistys.fi\/rukajarvikeskus\/wp-json\/wp\/v2\/comments?post=3264"}],"version-history":[{"count":1,"href":"https:\/\/www.rukajarvensuunnanhistoriayhdistys.fi\/rukajarvikeskus\/wp-json\/wp\/v2\/posts\/3264\/revisions"}],"predecessor-version":[{"id":3267,"href":"https:\/\/www.rukajarvensuunnanhistoriayhdistys.fi\/rukajarvikeskus\/wp-json\/wp\/v2\/posts\/3264\/revisions\/3267"}],"wp:attachment":[{"href":"https:\/\/www.rukajarvensuunnanhistoriayhdistys.fi\/rukajarvikeskus\/wp-json\/wp\/v2\/media?parent=3264"}],"wp:term":[{"taxonomy":"category","embeddable":true,"href":"https:\/\/www.rukajarvensuunnanhistoriayhdistys.fi\/rukajarvikeskus\/wp-json\/wp\/v2\/categories?post=3264"},{"taxonomy":"post_tag","embeddable":true,"href":"https:\/\/www.rukajarvensuunnanhistoriayhdistys.fi\/rukajarvikeskus\/wp-json\/wp\/v2\/tags?post=3264"}],"curies":[{"name":"wp","href":"https:\/\/api.w.org\/{rel}","templated":true}]}}