{"id":3432,"date":"2018-02-15T02:28:45","date_gmt":"2018-02-14T23:28:45","guid":{"rendered":"http:\/\/www.rukajarvensuunnanhistoriayhdistys.fi\/rukajarvikeskus\/?p=3432"},"modified":"2018-02-15T11:49:02","modified_gmt":"2018-02-15T08:49:02","slug":"rukajarven-veteraani-yrjo-savola-95-vuotta-parhaat-onnittelumme","status":"publish","type":"post","link":"https:\/\/www.rukajarvensuunnanhistoriayhdistys.fi\/rukajarvikeskus\/ajankohtaista\/rukajarven-veteraani-yrjo-savola-95-vuotta-parhaat-onnittelumme\/","title":{"rendered":"Rukaj\u00e4rven veteraani Yrj\u00f6 Savola 95 vuotta &#8211; Parhaat onnittelumme"},"content":{"rendered":"<div class=\"fcbkbttn_buttons_block\" id=\"fcbkbttn_left\"><div class=\"fcbkbttn_like \"><fb:like href=\"https:\/\/www.rukajarvensuunnanhistoriayhdistys.fi\/rukajarvikeskus\/ajankohtaista\/rukajarven-veteraani-yrjo-savola-95-vuotta-parhaat-onnittelumme\/\" action=\"like\" colorscheme=\"light\" layout=\"button_count\"  size=\"small\"><\/fb:like><\/div><\/div><p><strong>Yrj\u00f6 Savola t\u00e4ytt\u00e4\u00e4 t\u00e4n\u00e4\u00e4n yst\u00e4v\u00e4np\u00e4iv\u00e4n\u00e4 95-vuotta.<\/strong><\/p>\n<figure id=\"attachment_3435\" aria-describedby=\"caption-attachment-3435\" style=\"width: 700px\" class=\"wp-caption alignnone\"><a href=\"http:\/\/www.rukajarvensuunnanhistoriayhdistys.fi\/rukajarvikeskus\/wp-content\/uploads\/2018\/02\/Savola-Yrj\u00f6-2.jpg\"><img loading=\"lazy\" decoding=\"async\" class=\"size-full wp-image-3435\" src=\"http:\/\/www.rukajarvensuunnanhistoriayhdistys.fi\/rukajarvikeskus\/wp-content\/uploads\/2018\/02\/Savola-Yrj\u00f6-2.jpg\" alt=\"\" width=\"700\" height=\"394\" srcset=\"https:\/\/www.rukajarvensuunnanhistoriayhdistys.fi\/rukajarvikeskus\/wp-content\/uploads\/2018\/02\/Savola-Yrj\u00f6-2.jpg 700w, https:\/\/www.rukajarvensuunnanhistoriayhdistys.fi\/rukajarvikeskus\/wp-content\/uploads\/2018\/02\/Savola-Yrj\u00f6-2-300x169.jpg 300w\" sizes=\"auto, (max-width: 700px) 100vw, 700px\" \/><\/a><figcaption id=\"caption-attachment-3435\" class=\"wp-caption-text\">Yrj\u00f6 Savola t\u00e4ytt\u00e4\u00e4 14.2.2018 yst\u00e4v\u00e4np\u00e4iv\u00e4n\u00e4 95 vuotta.<\/figcaption><\/figure>\n<p>Yrj\u00f6 Savola taisteli PionP 24 riveiss\u00e4 Rukaj\u00e4rvell\u00e4. Sotaan h\u00e4n l\u00e4hti 18 vuotiaana. Pohjanmaalta koottu t\u00e4ydennysjoukko-osasto on kokoontunut s\u00e4\u00e4nn\u00f6llisesti Lappaj\u00e4rven ja H\u00e4rm\u00e4n kuntokeskuksissa kaikkiaan 48 kertaa vuodesta 1972 l\u00e4htien, t\u00e4t\u00e4kin aikaisemmin satunnaisesti. Yrj\u00f6 Savola on perinneyhdistyksen sihteeri-taloudenhoitaja. Lis\u00e4ksi Savola on toiminut Vaasassa veteraanien perinnetoimikunnan puheenjohtajana.<\/p>\n<p>Siviiliss\u00e4 Savola toimi Vesipiirin rakennusmestarina. Alussa Savola ohjasi ajalle tyypillisi\u00e4 pika-asustus- ja ty\u00f6tt\u00f6myyst\u00f6it\u00e4.<\/p>\n<figure id=\"attachment_3433\" aria-describedby=\"caption-attachment-3433\" style=\"width: 4592px\" class=\"wp-caption alignnone\"><a href=\"http:\/\/www.rukajarvensuunnanhistoriayhdistys.fi\/rukajarvikeskus\/wp-content\/uploads\/2018\/02\/Kuva-1-DSC02998-Savola-Pekkala-2012.jpg\"><img loading=\"lazy\" decoding=\"async\" class=\"size-full wp-image-3433\" src=\"http:\/\/www.rukajarvensuunnanhistoriayhdistys.fi\/rukajarvikeskus\/wp-content\/uploads\/2018\/02\/Kuva-1-DSC02998-Savola-Pekkala-2012.jpg\" alt=\"\" width=\"4592\" height=\"3056\"><\/a><figcaption id=\"caption-attachment-3433\" class=\"wp-caption-text\">Perinneyhdistyksen johtomiehet Yrj\u00f6 Savola sihteeri-taloudenhoitaja ja pj. Toivo Pekkala, 19.5.2012.<\/figcaption><\/figure>\n<figure id=\"attachment_3436\" aria-describedby=\"caption-attachment-3436\" style=\"width: 3072px\" class=\"wp-caption alignnone\"><a href=\"http:\/\/www.rukajarvensuunnanhistoriayhdistys.fi\/rukajarvikeskus\/wp-content\/uploads\/2018\/02\/DSC01175-2.jpg\"><img loading=\"lazy\" decoding=\"async\" class=\"size-full wp-image-3436\" src=\"http:\/\/www.rukajarvensuunnanhistoriayhdistys.fi\/rukajarvikeskus\/wp-content\/uploads\/2018\/02\/DSC01175-2.jpg\" alt=\"\" width=\"3072\" height=\"2304\"><\/a><figcaption id=\"caption-attachment-3436\" class=\"wp-caption-text\">PionP. 24:n veteraani ovat kokoontuneet vuosittain per\u00e4ti 46 kertaa. Kuvassa Pauli Uusim\u00e4ki, Aarre \u00d6\u00f6rni, Toivo Pekkala, Yrj\u00f6 Savola ja Osmo Korkea-aho, Seppo Tallbacka, Riiita ja Mikko P\u00e4\u00e4llysaho sek\u00e4 edess\u00e4 Kerttu \u00d6\u00f6rni ja Eila Savola, 9.5.2015.<\/figcaption><\/figure>\n<p>Yrj\u00f6 Savola oli puolisonsa Eilan kanssa kutsuttu Tasavallan presidentin vuoden 2015 Linnan kutsuille. Kutsu presidentin vastaanotolle oli hieno Eilan p\u00e4iv\u00e4n lahja.<\/p>\n<p>Yrj\u00f6 Savola on toiminut monissa veteraanij\u00e4rjest\u00f6jen teht\u00e4viss\u00e4. H\u00e4n on suosittu luennoitsija erilaisissa veteraanitilaisuuksissa. &nbsp;Savola oli veteraanien puolesta puhumassa varusmiesten kutsuntatilaisuudessa Vaasassa 18.12.2016.<\/p>\n<p>Savola on my\u00f6s taitava kirjoittaja. H\u00e4n julkaisi sotamuistelmateoksen ja kirjoittaa my\u00f6s runoja, joista julkaisemme oheisena runon &#8221;Silloin ja nyt&#8221;.<\/p>\n<p><a href=\"http:\/\/www.rukajarvensuunnanhistoriayhdistys.fi\/rukajarvikeskus\/wp-content\/uploads\/2018\/02\/Savola-silloin-ja-nyt-kehys.jpg\"><img loading=\"lazy\" decoding=\"async\" class=\"alignnone size-full wp-image-3434\" src=\"http:\/\/www.rukajarvensuunnanhistoriayhdistys.fi\/rukajarvikeskus\/wp-content\/uploads\/2018\/02\/Savola-silloin-ja-nyt-kehys.jpg\" alt=\"\" width=\"1053\" height=\"558\" srcset=\"https:\/\/www.rukajarvensuunnanhistoriayhdistys.fi\/rukajarvikeskus\/wp-content\/uploads\/2018\/02\/Savola-silloin-ja-nyt-kehys.jpg 1053w, https:\/\/www.rukajarvensuunnanhistoriayhdistys.fi\/rukajarvikeskus\/wp-content\/uploads\/2018\/02\/Savola-silloin-ja-nyt-kehys-300x159.jpg 300w, https:\/\/www.rukajarvensuunnanhistoriayhdistys.fi\/rukajarvikeskus\/wp-content\/uploads\/2018\/02\/Savola-silloin-ja-nyt-kehys-768x407.jpg 768w, https:\/\/www.rukajarvensuunnanhistoriayhdistys.fi\/rukajarvikeskus\/wp-content\/uploads\/2018\/02\/Savola-silloin-ja-nyt-kehys-1024x543.jpg 1024w\" sizes=\"auto, (max-width: 1053px) 100vw, 1053px\" \/><\/a><\/p>\n<p>Yrj\u00f6 Savola viett\u00e4\u00e4 syntym\u00e4p\u00e4ivi\u00e4\u00e4n sunnuntaina Vaasassa pidett\u00e4v\u00e4ss\u00e4 juhlatilaisuudessa.<\/p>\n<p>Rukaj\u00e4rven suunnan historiayhdistys ry onnittelee Yrj\u00f6 Savolaa h\u00e4nen merkkip\u00e4iv\u00e4n\u00e4\u00e4n.<\/p>\n<p>Yrj\u00f6 Savolan kirjoitus &#8221;Veteraani muistelee&#8221; on julkaistu n\u00e4ill\u00e4 yhdistyksemme nettisivuilla ja sen voi lukea <a href=\"http:\/\/www.rukajarvensuunnanhistoriayhdistys.fi\/rukajarvikeskus\/wp-content\/uploads\/2016\/12\/Veteraani-muistelee-Yrj\u00f6-Savola.pdf\"><strong>T\u00c4\u00c4LT\u00c4<\/strong><\/a>:<\/p>\n<p>Pari vuotta sitten Savola teki aloitteen sankarihautakivien kunnostamisesta. Aloitteesta voi saada lis\u00e4tietoa <a href=\"http:\/\/www.rukajarvensuunnanhistoriayhdistys.fi\/historiayhdistys\/rukajarven-veteraani-yrjo-savolalta-erinomainen-aloite\/\"><strong>T\u00c4\u00c4LT\u00c4<\/strong><\/a>:<\/p>\n","protected":false},"excerpt":{"rendered":"<p>Yrj\u00f6 Savola t\u00e4ytt\u00e4\u00e4 t\u00e4n\u00e4\u00e4n yst\u00e4v\u00e4np\u00e4iv\u00e4n\u00e4 95-vuotta. Yrj\u00f6 Savola taisteli PionP 24 riveiss\u00e4 Rukaj\u00e4rvell\u00e4. Sotaan h\u00e4n l\u00e4hti 18 vuotiaana. Pohjanmaalta koottu t\u00e4ydennysjoukko-osasto on kokoontunut s\u00e4\u00e4nn\u00f6llisesti Lappaj\u00e4rven ja H\u00e4rm\u00e4n kuntokeskuksissa kaikkiaan 48 <a class=\"more-link\" href=\"https:\/\/www.rukajarvensuunnanhistoriayhdistys.fi\/rukajarvikeskus\/ajankohtaista\/rukajarven-veteraani-yrjo-savola-95-vuotta-parhaat-onnittelumme\/\">Lue lis\u00e4\u00e4&#8230;<span class=\"screen-reader-text\">Rukaj\u00e4rven veteraani Yrj\u00f6 Savola 95 vuotta &#8211; Parhaat onnittelumme<\/span><span class=\"meta-nav\">\u2192<\/span><\/a><\/p>\n","protected":false},"author":4,"featured_media":0,"comment_status":"closed","ping_status":"open","sticky":false,"template":"","format":"standard","meta":{"ngg_post_thumbnail":0,"_jetpack_newsletter_access":"","_jetpack_dont_email_post_to_subs":false,"_jetpack_newsletter_tier_id":0,"_jetpack_memberships_contains_paywalled_content":false,"_jetpack_memberships_contains_paid_content":false,"footnotes":""},"categories":[26,32],"tags":[],"class_list":["post-3432","post","type-post","status-publish","format-standard","hentry","category-ajankohtaista","category-historiayhdistys"],"jetpack_featured_media_url":"","jetpack_sharing_enabled":true,"jetpack_shortlink":"https:\/\/wp.me\/p72N2f-Tm","_links":{"self":[{"href":"https:\/\/www.rukajarvensuunnanhistoriayhdistys.fi\/rukajarvikeskus\/wp-json\/wp\/v2\/posts\/3432","targetHints":{"allow":["GET"]}}],"collection":[{"href":"https:\/\/www.rukajarvensuunnanhistoriayhdistys.fi\/rukajarvikeskus\/wp-json\/wp\/v2\/posts"}],"about":[{"href":"https:\/\/www.rukajarvensuunnanhistoriayhdistys.fi\/rukajarvikeskus\/wp-json\/wp\/v2\/types\/post"}],"author":[{"embeddable":true,"href":"https:\/\/www.rukajarvensuunnanhistoriayhdistys.fi\/rukajarvikeskus\/wp-json\/wp\/v2\/users\/4"}],"replies":[{"embeddable":true,"href":"https:\/\/www.rukajarvensuunnanhistoriayhdistys.fi\/rukajarvikeskus\/wp-json\/wp\/v2\/comments?post=3432"}],"version-history":[{"count":4,"href":"https:\/\/www.rukajarvensuunnanhistoriayhdistys.fi\/rukajarvikeskus\/wp-json\/wp\/v2\/posts\/3432\/revisions"}],"predecessor-version":[{"id":3440,"href":"https:\/\/www.rukajarvensuunnanhistoriayhdistys.fi\/rukajarvikeskus\/wp-json\/wp\/v2\/posts\/3432\/revisions\/3440"}],"wp:attachment":[{"href":"https:\/\/www.rukajarvensuunnanhistoriayhdistys.fi\/rukajarvikeskus\/wp-json\/wp\/v2\/media?parent=3432"}],"wp:term":[{"taxonomy":"category","embeddable":true,"href":"https:\/\/www.rukajarvensuunnanhistoriayhdistys.fi\/rukajarvikeskus\/wp-json\/wp\/v2\/categories?post=3432"},{"taxonomy":"post_tag","embeddable":true,"href":"https:\/\/www.rukajarvensuunnanhistoriayhdistys.fi\/rukajarvikeskus\/wp-json\/wp\/v2\/tags?post=3432"}],"curies":[{"name":"wp","href":"https:\/\/api.w.org\/{rel}","templated":true}]}}