{"id":3442,"date":"2018-02-26T17:13:49","date_gmt":"2018-02-26T14:13:49","guid":{"rendered":"http:\/\/www.rukajarvensuunnanhistoriayhdistys.fi\/rukajarvikeskus\/?p=3442"},"modified":"2018-02-26T17:13:49","modified_gmt":"2018-02-26T14:13:49","slug":"seppo-hanninen-haudataan-19-5-2018-sonkajarvelle","status":"publish","type":"post","link":"https:\/\/www.rukajarvensuunnanhistoriayhdistys.fi\/rukajarvikeskus\/tapahtumat\/seppo-hanninen-haudataan-19-5-2018-sonkajarvelle\/","title":{"rendered":"Seppo H\u00e4nninen haudataan 19.5.2018 Sonkaj\u00e4rvelle"},"content":{"rendered":"<div class=\"fcbkbttn_buttons_block\" id=\"fcbkbttn_left\"><div class=\"fcbkbttn_like \"><fb:like href=\"https:\/\/www.rukajarvensuunnanhistoriayhdistys.fi\/rukajarvikeskus\/tapahtumat\/seppo-hanninen-haudataan-19-5-2018-sonkajarvelle\/\" action=\"like\" colorscheme=\"light\" layout=\"button_count\"  size=\"small\"><\/fb:like><\/div><\/div><p>Seppo H\u00e4nnisen hautajaiset pidet\u00e4\u00e4n Sonkaj\u00e4rven Lahnakankaan hautausmaalla sotilaallisin menoin 19.5.2018. Asiasta ovat p\u00e4\u00e4tt\u00e4neet Seppo H\u00e4nnisen is\u00e4n V\u00e4in\u00f6 veljen lapset yhdess\u00e4 Sonkaj\u00e4rven seurakunnan ja Sotavainajat ry:n edustajat.&nbsp;<\/p>\n<p>Tarkemmasta ohjelmasta ja aikataulusta ilmoitetaan my\u00f6hemmin.<\/p>\n<figure id=\"attachment_2298\" aria-describedby=\"caption-attachment-2298\" style=\"width: 3530px\" class=\"wp-caption alignnone\"><a href=\"http:\/\/www.rukajarvensuunnanhistoriayhdistys.fi\/rukajarvikeskus\/wp-content\/uploads\/2016\/08\/156793-Seppo-H\u00e4nninen.jpg\"><img loading=\"lazy\" decoding=\"async\" class=\"size-full wp-image-2298\" src=\"http:\/\/www.rukajarvensuunnanhistoriayhdistys.fi\/rukajarvikeskus\/wp-content\/uploads\/2016\/08\/156793-Seppo-H\u00e4nninen.jpg\" alt=\"\" width=\"3530\" height=\"4961\" srcset=\"https:\/\/www.rukajarvensuunnanhistoriayhdistys.fi\/rukajarvikeskus\/wp-content\/uploads\/2016\/08\/156793-Seppo-H\u00e4nninen.jpg 3530w, https:\/\/www.rukajarvensuunnanhistoriayhdistys.fi\/rukajarvikeskus\/wp-content\/uploads\/2016\/08\/156793-Seppo-H\u00e4nninen-213x300.jpg 213w, https:\/\/www.rukajarvensuunnanhistoriayhdistys.fi\/rukajarvikeskus\/wp-content\/uploads\/2016\/08\/156793-Seppo-H\u00e4nninen-768x1079.jpg 768w, https:\/\/www.rukajarvensuunnanhistoriayhdistys.fi\/rukajarvikeskus\/wp-content\/uploads\/2016\/08\/156793-Seppo-H\u00e4nninen-729x1024.jpg 729w\" sizes=\"auto, (max-width: 3530px) 100vw, 3530px\" \/><\/a><figcaption id=\"caption-attachment-2298\" class=\"wp-caption-text\">Luutnantti Seppo H\u00e4nninen (19.8.1921 &#8211; 16.8.1944).<\/figcaption><\/figure>\n<p><a href=\"http:\/\/www.rukajarvensuunnanhistoriayhdistys.fi\/rukajarvikeskus\/wp-content\/uploads\/2018\/02\/H\u00e4nninen-Seppo.jpg\"><img loading=\"lazy\" decoding=\"async\" class=\"alignnone size-full wp-image-3443\" src=\"http:\/\/www.rukajarvensuunnanhistoriayhdistys.fi\/rukajarvikeskus\/wp-content\/uploads\/2018\/02\/H\u00e4nninen-Seppo.jpg\" alt=\"\" width=\"629\" height=\"566\" srcset=\"https:\/\/www.rukajarvensuunnanhistoriayhdistys.fi\/rukajarvikeskus\/wp-content\/uploads\/2018\/02\/H\u00e4nninen-Seppo.jpg 629w, https:\/\/www.rukajarvensuunnanhistoriayhdistys.fi\/rukajarvikeskus\/wp-content\/uploads\/2018\/02\/H\u00e4nninen-Seppo-300x270.jpg 300w\" sizes=\"auto, (max-width: 629px) 100vw, 629px\" \/><\/a><\/p>\n<p>Seppo H\u00e4nnisen ruumiin l\u00f6ytymisest\u00e4 on kirjoitettu t\u00e4ll\u00e4 nettisivulla&nbsp; 14.8.2016 julkaistussa kirjoituksessa, johon voi tutusta <a href=\"http:\/\/www.rukajarvensuunnanhistoriayhdistys.fi\/historiayhdistys\/seppo-hannisen-kaatumispaikka-varmistui\/\"><strong>T\u00c4\u00c4LT\u00c4<\/strong><\/a>:<\/p>\n<p>Tenho Tikkanen, puheenjohtaja<\/p>\n","protected":false},"excerpt":{"rendered":"<p>Seppo H\u00e4nnisen hautajaiset pidet\u00e4\u00e4n Sonkaj\u00e4rven Lahnakankaan hautausmaalla sotilaallisin menoin 19.5.2018. Asiasta ovat p\u00e4\u00e4tt\u00e4neet Seppo H\u00e4nnisen is\u00e4n V\u00e4in\u00f6 veljen lapset yhdess\u00e4 Sonkaj\u00e4rven seurakunnan ja Sotavainajat ry:n edustajat.&nbsp; Tarkemmasta ohjelmasta ja aikataulusta <a class=\"more-link\" href=\"https:\/\/www.rukajarvensuunnanhistoriayhdistys.fi\/rukajarvikeskus\/tapahtumat\/seppo-hanninen-haudataan-19-5-2018-sonkajarvelle\/\">Lue lis\u00e4\u00e4&#8230;<span class=\"screen-reader-text\">Seppo H\u00e4nninen haudataan 19.5.2018 Sonkaj\u00e4rvelle<\/span><span class=\"meta-nav\">\u2192<\/span><\/a><\/p>\n","protected":false},"author":4,"featured_media":0,"comment_status":"closed","ping_status":"open","sticky":false,"template":"","format":"standard","meta":{"ngg_post_thumbnail":0,"_jetpack_newsletter_access":"","_jetpack_dont_email_post_to_subs":false,"_jetpack_newsletter_tier_id":0,"_jetpack_memberships_contains_paywalled_content":false,"_jetpack_memberships_contains_paid_content":false,"footnotes":""},"categories":[26,32,15],"tags":[],"class_list":["post-3442","post","type-post","status-publish","format-standard","hentry","category-ajankohtaista","category-historiayhdistys","category-tapahtumat"],"jetpack_featured_media_url":"","jetpack_sharing_enabled":true,"jetpack_shortlink":"https:\/\/wp.me\/p72N2f-Tw","_links":{"self":[{"href":"https:\/\/www.rukajarvensuunnanhistoriayhdistys.fi\/rukajarvikeskus\/wp-json\/wp\/v2\/posts\/3442","targetHints":{"allow":["GET"]}}],"collection":[{"href":"https:\/\/www.rukajarvensuunnanhistoriayhdistys.fi\/rukajarvikeskus\/wp-json\/wp\/v2\/posts"}],"about":[{"href":"https:\/\/www.rukajarvensuunnanhistoriayhdistys.fi\/rukajarvikeskus\/wp-json\/wp\/v2\/types\/post"}],"author":[{"embeddable":true,"href":"https:\/\/www.rukajarvensuunnanhistoriayhdistys.fi\/rukajarvikeskus\/wp-json\/wp\/v2\/users\/4"}],"replies":[{"embeddable":true,"href":"https:\/\/www.rukajarvensuunnanhistoriayhdistys.fi\/rukajarvikeskus\/wp-json\/wp\/v2\/comments?post=3442"}],"version-history":[{"count":1,"href":"https:\/\/www.rukajarvensuunnanhistoriayhdistys.fi\/rukajarvikeskus\/wp-json\/wp\/v2\/posts\/3442\/revisions"}],"predecessor-version":[{"id":3444,"href":"https:\/\/www.rukajarvensuunnanhistoriayhdistys.fi\/rukajarvikeskus\/wp-json\/wp\/v2\/posts\/3442\/revisions\/3444"}],"wp:attachment":[{"href":"https:\/\/www.rukajarvensuunnanhistoriayhdistys.fi\/rukajarvikeskus\/wp-json\/wp\/v2\/media?parent=3442"}],"wp:term":[{"taxonomy":"category","embeddable":true,"href":"https:\/\/www.rukajarvensuunnanhistoriayhdistys.fi\/rukajarvikeskus\/wp-json\/wp\/v2\/categories?post=3442"},{"taxonomy":"post_tag","embeddable":true,"href":"https:\/\/www.rukajarvensuunnanhistoriayhdistys.fi\/rukajarvikeskus\/wp-json\/wp\/v2\/tags?post=3442"}],"curies":[{"name":"wp","href":"https:\/\/api.w.org\/{rel}","templated":true}]}}