{"id":3458,"date":"2018-03-06T19:47:26","date_gmt":"2018-03-06T16:47:26","guid":{"rendered":"http:\/\/www.rukajarvensuunnanhistoriayhdistys.fi\/rukajarvikeskus\/?p=3458"},"modified":"2018-03-06T19:50:14","modified_gmt":"2018-03-06T16:50:14","slug":"viestisotaa-rukajarvella-14-3-2018-klo-17-30-seinajoella-esitelmatilaisuus","status":"publish","type":"post","link":"https:\/\/www.rukajarvensuunnanhistoriayhdistys.fi\/rukajarvikeskus\/ajankohtaista\/viestisotaa-rukajarvella-14-3-2018-klo-17-30-seinajoella-esitelmatilaisuus\/","title":{"rendered":"Viestisotaa Rukaj\u00e4rvell\u00e4 14.3.2018 klo 17.30 Sein\u00e4joella esitelm\u00e4tilaisuus"},"content":{"rendered":"<div class=\"fcbkbttn_buttons_block\" id=\"fcbkbttn_left\"><div class=\"fcbkbttn_like \"><fb:like href=\"https:\/\/www.rukajarvensuunnanhistoriayhdistys.fi\/rukajarvikeskus\/ajankohtaista\/viestisotaa-rukajarvella-14-3-2018-klo-17-30-seinajoella-esitelmatilaisuus\/\" action=\"like\" colorscheme=\"light\" layout=\"button_count\"  size=\"small\"><\/fb:like><\/div><\/div><p><strong>Viestisotaa Rukaj\u00e4rvell\u00e4 14.3.2018 klo 17.30 Sein\u00e4joella, os. Impivaarantie 25, Sein\u00e4joki.<\/strong><\/p>\n<p>Esitelm\u00e4n pit\u00e4\u00e4 Kaakkois-Suomen Viestikilta ry:n puheenjohtaja, joka on my\u00f6s Suomen Viestikiltojen liiton pitk\u00e4aikainen hallituksen j\u00e4sen ja nyt my\u00f6s Viestikiltojen liiton kunniaj\u00e4sen.<\/p>\n<p>Tilaisuudessa on myyt\u00e4v\u00e4n\u00e4 my\u00f6s puheenjohtaja Tapio Teittisen ja Martti Susitaipaleen kirjoittamaa uunituoretta saman nimist\u00e4 kirjaa.&nbsp;<\/p>\n<p><a href=\"http:\/\/www.rukajarvensuunnanhistoriayhdistys.fi\/rukajarvikeskus\/wp-content\/uploads\/2018\/03\/Viestisotaa-Rukaj\u00e4rvell\u00e4-14-3-2018.jpg\"><img loading=\"lazy\" decoding=\"async\" class=\"alignnone size-full wp-image-3459\" src=\"http:\/\/www.rukajarvensuunnanhistoriayhdistys.fi\/rukajarvikeskus\/wp-content\/uploads\/2018\/03\/Viestisotaa-Rukaj\u00e4rvell\u00e4-14-3-2018.jpg\" alt=\"\" width=\"1053\" height=\"680\" srcset=\"https:\/\/www.rukajarvensuunnanhistoriayhdistys.fi\/rukajarvikeskus\/wp-content\/uploads\/2018\/03\/Viestisotaa-Rukaj\u00e4rvell\u00e4-14-3-2018.jpg 1053w, https:\/\/www.rukajarvensuunnanhistoriayhdistys.fi\/rukajarvikeskus\/wp-content\/uploads\/2018\/03\/Viestisotaa-Rukaj\u00e4rvell\u00e4-14-3-2018-300x194.jpg 300w, https:\/\/www.rukajarvensuunnanhistoriayhdistys.fi\/rukajarvikeskus\/wp-content\/uploads\/2018\/03\/Viestisotaa-Rukaj\u00e4rvell\u00e4-14-3-2018-768x496.jpg 768w, https:\/\/www.rukajarvensuunnanhistoriayhdistys.fi\/rukajarvikeskus\/wp-content\/uploads\/2018\/03\/Viestisotaa-Rukaj\u00e4rvell\u00e4-14-3-2018-1024x661.jpg 1024w\" sizes=\"auto, (max-width: 1053px) 100vw, 1053px\" \/><\/a><\/p>\n","protected":false},"excerpt":{"rendered":"<p>Viestisotaa Rukaj\u00e4rvell\u00e4 14.3.2018 klo 17.30 Sein\u00e4joella, os. Impivaarantie 25, Sein\u00e4joki. Esitelm\u00e4n pit\u00e4\u00e4 Kaakkois-Suomen Viestikilta ry:n puheenjohtaja, joka on my\u00f6s Suomen Viestikiltojen liiton pitk\u00e4aikainen hallituksen j\u00e4sen ja nyt my\u00f6s Viestikiltojen liiton <a class=\"more-link\" href=\"https:\/\/www.rukajarvensuunnanhistoriayhdistys.fi\/rukajarvikeskus\/ajankohtaista\/viestisotaa-rukajarvella-14-3-2018-klo-17-30-seinajoella-esitelmatilaisuus\/\">Lue lis\u00e4\u00e4&#8230;<span class=\"screen-reader-text\">Viestisotaa Rukaj\u00e4rvell\u00e4 14.3.2018 klo 17.30 Sein\u00e4joella esitelm\u00e4tilaisuus<\/span><span class=\"meta-nav\">\u2192<\/span><\/a><\/p>\n","protected":false},"author":4,"featured_media":0,"comment_status":"closed","ping_status":"open","sticky":false,"template":"","format":"standard","meta":{"ngg_post_thumbnail":0,"_jetpack_newsletter_access":"","_jetpack_dont_email_post_to_subs":false,"_jetpack_newsletter_tier_id":0,"_jetpack_memberships_contains_paywalled_content":false,"_jetpack_memberships_contains_paid_content":false,"footnotes":""},"categories":[26,31],"tags":[],"class_list":["post-3458","post","type-post","status-publish","format-standard","hentry","category-ajankohtaista","category-esitelmat"],"jetpack_featured_media_url":"","jetpack_sharing_enabled":true,"jetpack_shortlink":"https:\/\/wp.me\/p72N2f-TM","_links":{"self":[{"href":"https:\/\/www.rukajarvensuunnanhistoriayhdistys.fi\/rukajarvikeskus\/wp-json\/wp\/v2\/posts\/3458","targetHints":{"allow":["GET"]}}],"collection":[{"href":"https:\/\/www.rukajarvensuunnanhistoriayhdistys.fi\/rukajarvikeskus\/wp-json\/wp\/v2\/posts"}],"about":[{"href":"https:\/\/www.rukajarvensuunnanhistoriayhdistys.fi\/rukajarvikeskus\/wp-json\/wp\/v2\/types\/post"}],"author":[{"embeddable":true,"href":"https:\/\/www.rukajarvensuunnanhistoriayhdistys.fi\/rukajarvikeskus\/wp-json\/wp\/v2\/users\/4"}],"replies":[{"embeddable":true,"href":"https:\/\/www.rukajarvensuunnanhistoriayhdistys.fi\/rukajarvikeskus\/wp-json\/wp\/v2\/comments?post=3458"}],"version-history":[{"count":4,"href":"https:\/\/www.rukajarvensuunnanhistoriayhdistys.fi\/rukajarvikeskus\/wp-json\/wp\/v2\/posts\/3458\/revisions"}],"predecessor-version":[{"id":3463,"href":"https:\/\/www.rukajarvensuunnanhistoriayhdistys.fi\/rukajarvikeskus\/wp-json\/wp\/v2\/posts\/3458\/revisions\/3463"}],"wp:attachment":[{"href":"https:\/\/www.rukajarvensuunnanhistoriayhdistys.fi\/rukajarvikeskus\/wp-json\/wp\/v2\/media?parent=3458"}],"wp:term":[{"taxonomy":"category","embeddable":true,"href":"https:\/\/www.rukajarvensuunnanhistoriayhdistys.fi\/rukajarvikeskus\/wp-json\/wp\/v2\/categories?post=3458"},{"taxonomy":"post_tag","embeddable":true,"href":"https:\/\/www.rukajarvensuunnanhistoriayhdistys.fi\/rukajarvikeskus\/wp-json\/wp\/v2\/tags?post=3458"}],"curies":[{"name":"wp","href":"https:\/\/api.w.org\/{rel}","templated":true}]}}