{"id":3464,"date":"2018-03-10T00:01:39","date_gmt":"2018-03-09T21:01:39","guid":{"rendered":"http:\/\/www.rukajarvensuunnanhistoriayhdistys.fi\/rukajarvikeskus\/?p=3464"},"modified":"2018-03-18T22:01:58","modified_gmt":"2018-03-18T19:01:58","slug":"tauno-tikkanen-tayttaa-tanaan-102-vuotta-onnittelumme","status":"publish","type":"post","link":"https:\/\/www.rukajarvensuunnanhistoriayhdistys.fi\/rukajarvikeskus\/ajankohtaista\/tauno-tikkanen-tayttaa-tanaan-102-vuotta-onnittelumme\/","title":{"rendered":"Tauno Tikkanen t\u00e4ytt\u00e4\u00e4 t\u00e4n\u00e4\u00e4n 102 vuotta &#8211; onnittelumme"},"content":{"rendered":"<div class=\"fcbkbttn_buttons_block\" id=\"fcbkbttn_left\"><div class=\"fcbkbttn_like \"><fb:like href=\"https:\/\/www.rukajarvensuunnanhistoriayhdistys.fi\/rukajarvikeskus\/ajankohtaista\/tauno-tikkanen-tayttaa-tanaan-102-vuotta-onnittelumme\/\" action=\"like\" colorscheme=\"light\" layout=\"button_count\"  size=\"small\"><\/fb:like><\/div><\/div><p>Tauno Tikkanen (s. 10.3.1916) taisteli Rukaj\u00e4rvell\u00e4 jatkosodassa ensin 2.\/Kev.Os.2:ssa ja 1.11.1941 alkaen 7.\/JR 10:ss\u00e4 puolijoukkueen johtajana. H\u00e4n osallistui Muurmannin radan partioretkelle tammikuussa 1942. H\u00e4n on yksi kolmesta viel\u00e4 elossa olevista partioretkelle osallistuneista sotilaista. Muut kaksi elossa olevaa Muurmannin radan partioretkel\u00e4ist\u00e4 ovat Ilmari Koppinen (s. 8.1.1918) Salosta ja Eino Syrj\u00e4niemi (25.4.1018) Haapaj\u00e4rvelt\u00e4.<\/p>\n<p>Talvisodassa Tikkanen taisteli 2.\/JP 2:ssa komppanianp\u00e4\u00e4llik\u00f6n l\u00e4hetin teht\u00e4viss\u00e4.<\/p>\n<figure id=\"attachment_3465\" aria-describedby=\"caption-attachment-3465\" style=\"width: 4864px\" class=\"wp-caption alignnone\"><a href=\"http:\/\/www.rukajarvensuunnanhistoriayhdistys.fi\/rukajarvikeskus\/wp-content\/uploads\/2018\/03\/A-2-S9810062.jpg\"><img loading=\"lazy\" decoding=\"async\" class=\"size-full wp-image-3465\" src=\"http:\/\/www.rukajarvensuunnanhistoriayhdistys.fi\/rukajarvikeskus\/wp-content\/uploads\/2018\/03\/A-2-S9810062.jpg\" alt=\"\" width=\"4864\" height=\"2736\"><\/a><figcaption id=\"caption-attachment-3465\" class=\"wp-caption-text\">Tikkanen asuu kotonaan Kiuruvedell\u00e4. P\u00e4iv\u00e4nsankari ja h\u00e4nen puolisonsa Martta viettiv\u00e4t 21.2.2018 75-vuotish\u00e4\u00e4p\u00e4iv\u00e4\u00e4ns\u00e4 Kiuruvedell\u00e4 Hoitokoti Veikkolassa, jossa puoliso on ollut 1.11.2017 alkaen hoidettavana. Juhlakahvit tarjottiin kaikkiaan 89 juhlavieraalle.<\/figcaption><\/figure>\n<p>Suomessa el\u00e4\u00e4 viel\u00e4 7 paria, jotka ovat olleet avioliitossa yht\u00e4 pitk\u00e4\u00e4n eli 75-vuotta. Yli 102-vuotiaita avioliitossa olevia miehi\u00e4 on 6.<\/p>\n<p>Tauno Tikkanen on ollut yhdistyksemme j\u00e4sen sen perustamisesta alkaen. H\u00e4n on veteraaneista ylivoimaisesti eniten osallistunut erilaisiin yhdistyksemme talkoot\u00f6ihin aina yhdistyksemme 19.9.2009 perustamisesta saakka.<\/p>\n<p>L\u00e4mpim\u00e4t onnittelut 102-vuotiaalle veteraanij\u00e4senellemme Tauno Tikkaselle ja puolisoille 75-vuotish\u00e4\u00e4p\u00e4iv\u00e4n johdosta.<\/p>\n<p><strong>Rukaj\u00e4rven suunnan historiayhdistyksen&nbsp; hallituksen j\u00e4senet Aila Elo ja Jari K\u00e4rkk\u00e4inen<\/strong><\/p>\n<figure id=\"attachment_3471\" aria-describedby=\"caption-attachment-3471\" style=\"width: 2592px\" class=\"wp-caption alignnone\"><a href=\"http:\/\/www.rukajarvensuunnanhistoriayhdistys.fi\/rukajarvikeskus\/wp-content\/uploads\/2018\/03\/\u00c4n\u00e4k\u00e4isenlinja_1_Rajavartija_Tauno_Tikkanen_Paavo_Salmensuu_Armas_Tuononen.jpg\"><img loading=\"lazy\" decoding=\"async\" class=\"size-full wp-image-3471\" src=\"http:\/\/www.rukajarvensuunnanhistoriayhdistys.fi\/rukajarvikeskus\/wp-content\/uploads\/2018\/03\/\u00c4n\u00e4k\u00e4isenlinja_1_Rajavartija_Tauno_Tikkanen_Paavo_Salmensuu_Armas_Tuononen.jpg\" alt=\"\" width=\"2592\" height=\"1944\"><\/a><figcaption id=\"caption-attachment-3471\" class=\"wp-caption-text\">Jo vuonna 2008 Tauno Tikkanen oli selvitt\u00e4m\u00e4ss\u00e4 veteraaniveljiens\u00e4 Paavo Salmensuun ja Armas Tuonosen kanssa, mik\u00e4 olisi Rukaj\u00e4rven tien soveliain opasteen malli. Kuva otettu \u00c4n\u00e4k\u00e4isiss\u00e4 nykyisen Rukaj\u00e4rven tien varrella 23.7.2008.<\/figcaption><\/figure>\n<figure id=\"attachment_3468\" aria-describedby=\"caption-attachment-3468\" style=\"width: 2592px\" class=\"wp-caption alignnone\"><a href=\"http:\/\/www.rukajarvensuunnanhistoriayhdistys.fi\/rukajarvikeskus\/wp-content\/uploads\/2018\/03\/Tauno-Tikkanen-Lassila-DSC00204.jpg\"><img loading=\"lazy\" decoding=\"async\" class=\"size-full wp-image-3468\" src=\"http:\/\/www.rukajarvensuunnanhistoriayhdistys.fi\/rukajarvikeskus\/wp-content\/uploads\/2018\/03\/Tauno-Tikkanen-Lassila-DSC00204.jpg\" alt=\"\" width=\"2592\" height=\"1944\"><\/a><figcaption id=\"caption-attachment-3468\" class=\"wp-caption-text\">Kuvassa Tauno Tikkanen veistelee Rukaj\u00e4rven suunnan historiayhdistyksen opasteitten kehikoita, joita pystytettiin v. 2011 mm. Rukaj\u00e4rven tien eri kohteisiin sek\u00e4 Lieksan ett\u00e4 Kuhmon rajanylityspaikoille, kaikkiaan 14 kpl. Kuva 31.5.2011.<\/figcaption><\/figure>\n<figure id=\"attachment_3469\" aria-describedby=\"caption-attachment-3469\" style=\"width: 2592px\" class=\"wp-caption alignnone\"><a href=\"http:\/\/www.rukajarvensuunnanhistoriayhdistys.fi\/rukajarvikeskus\/wp-content\/uploads\/2018\/03\/Tauno-Tikkanen-Lassila-DSC00207.jpg\"><img loading=\"lazy\" decoding=\"async\" class=\"size-full wp-image-3469\" src=\"http:\/\/www.rukajarvensuunnanhistoriayhdistys.fi\/rukajarvikeskus\/wp-content\/uploads\/2018\/03\/Tauno-Tikkanen-Lassila-DSC00207.jpg\" alt=\"\" width=\"2592\" height=\"1944\"><\/a><figcaption id=\"caption-attachment-3469\" class=\"wp-caption-text\">Rukaj\u00e4rven tien opastekehikot tehtiin Tauno Tikkasen kotona talkooty\u00f6n\u00e4 ja ne lastattiin per\u00e4k\u00e4rryyn, jolla ne kuljetettiin Kuhmon ja Lieksan kohteisiin. Kuva 31.5.2011.<\/figcaption><\/figure>\n<figure id=\"attachment_3472\" aria-describedby=\"caption-attachment-3472\" style=\"width: 1754px\" class=\"wp-caption alignnone\"><a href=\"http:\/\/www.rukajarvensuunnanhistoriayhdistys.fi\/rukajarvikeskus\/wp-content\/uploads\/2018\/03\/70-Pentti-K\u00e4rkk\u00e4inen-Matti-Eskelinen-ja-veteraani-Tauno-Tikkanen-mottitalkoissa.jpg\"><img loading=\"lazy\" decoding=\"async\" class=\"size-full wp-image-3472\" src=\"http:\/\/www.rukajarvensuunnanhistoriayhdistys.fi\/rukajarvikeskus\/wp-content\/uploads\/2018\/03\/70-Pentti-K\u00e4rkk\u00e4inen-Matti-Eskelinen-ja-veteraani-Tauno-Tikkanen-mottitalkoissa.jpg\" alt=\"\" width=\"1754\" height=\"1240\" srcset=\"https:\/\/www.rukajarvensuunnanhistoriayhdistys.fi\/rukajarvikeskus\/wp-content\/uploads\/2018\/03\/70-Pentti-K\u00e4rkk\u00e4inen-Matti-Eskelinen-ja-veteraani-Tauno-Tikkanen-mottitalkoissa.jpg 1754w, https:\/\/www.rukajarvensuunnanhistoriayhdistys.fi\/rukajarvikeskus\/wp-content\/uploads\/2018\/03\/70-Pentti-K\u00e4rkk\u00e4inen-Matti-Eskelinen-ja-veteraani-Tauno-Tikkanen-mottitalkoissa-300x212.jpg 300w, https:\/\/www.rukajarvensuunnanhistoriayhdistys.fi\/rukajarvikeskus\/wp-content\/uploads\/2018\/03\/70-Pentti-K\u00e4rkk\u00e4inen-Matti-Eskelinen-ja-veteraani-Tauno-Tikkanen-mottitalkoissa-768x543.jpg 768w, https:\/\/www.rukajarvensuunnanhistoriayhdistys.fi\/rukajarvikeskus\/wp-content\/uploads\/2018\/03\/70-Pentti-K\u00e4rkk\u00e4inen-Matti-Eskelinen-ja-veteraani-Tauno-Tikkanen-mottitalkoissa-1024x724.jpg 1024w\" sizes=\"auto, (max-width: 1754px) 100vw, 1754px\" \/><\/a><figcaption id=\"caption-attachment-3472\" class=\"wp-caption-text\">Tauno Tikkanen osallistui my\u00f6s mottitalkoisiin. Halkoja tarvittiin h\u00f6yryjunassa, jolla juhlavieraat matkustivat syyskuussa 2014 Kiuruvedelt\u00e4 Lieksassa pidettyyn Kansalaisjuhla 70 vuotta Jatkosodan p\u00e4\u00e4ttymisest\u00e4. Kuvassa Pentti K\u00e4rkk\u00e4inen, Matti Eskelinen sek\u00e4 veteraani 26.5.2014. YLE TV 2 Ajankohtainen kakkonen: \u201dRukaj\u00e4rven veteraanien rauhanjuna\u201d katsottavissa <a href=\"http:\/\/areena.yle.fi\/tv\/2380168\"><strong>T\u00c4\u00c4LT\u00c4<\/strong><\/a>:&nbsp;<\/figcaption><\/figure>\n<figure id=\"attachment_3467\" aria-describedby=\"caption-attachment-3467\" style=\"width: 3072px\" class=\"wp-caption alignnone\"><a href=\"http:\/\/www.rukajarvensuunnanhistoriayhdistys.fi\/rukajarvikeskus\/wp-content\/uploads\/2018\/03\/Maunu-Kankaanp\u00e4\u00e4-ja-Tauno-Tikkanen-WP_20160309_21_19_51_Pro.jpg\"><img loading=\"lazy\" decoding=\"async\" class=\"size-full wp-image-3467\" src=\"http:\/\/www.rukajarvensuunnanhistoriayhdistys.fi\/rukajarvikeskus\/wp-content\/uploads\/2018\/03\/Maunu-Kankaanp\u00e4\u00e4-ja-Tauno-Tikkanen-WP_20160309_21_19_51_Pro.jpg\" alt=\"\" width=\"3072\" height=\"1728\"><\/a><figcaption id=\"caption-attachment-3467\" class=\"wp-caption-text\">Tauno Tikkasen otti vastaan 100-vuotisp\u00e4iv\u00e4ns\u00e4 yhdess\u00e4 aseveljens\u00e4 Maunu Kankaanp\u00e4\u00e4n (s. 11.5.1923) kanssa y\u00f6pym\u00e4ll\u00e4 kotinsa pihalle pystytetyss\u00e4 puolijoukkueteltassa. Kankaanp\u00e4\u00e4 toimi samassa komppaniassa Tauno Tikkasen kanssa 16.8.1944 kaatuneen komppanianp\u00e4\u00e4llikk\u00f6 Seppo H\u00e4nnisen l\u00e4hettin\u00e4. Kuva otettu 10.3.2016. Lyhyt 100-vuotisjuhlan videoleike katsottavissa <a href=\"https:\/\/www.facebook.com\/sotaveteraaniliitto\/videos\/693075050834689\/\"><strong>T\u00c4\u00c4LT\u00c4<\/strong><\/a>:<\/figcaption><\/figure>\n<figure id=\"attachment_3480\" aria-describedby=\"caption-attachment-3480\" style=\"width: 4000px\" class=\"wp-caption alignnone\"><a href=\"http:\/\/www.rukajarvensuunnanhistoriayhdistys.fi\/rukajarvikeskus\/wp-content\/uploads\/2018\/03\/B-Tauno-Maunu-ja-Olavi-10-3-2016.jpg\"><img loading=\"lazy\" decoding=\"async\" class=\"size-full wp-image-3480\" src=\"http:\/\/www.rukajarvensuunnanhistoriayhdistys.fi\/rukajarvikeskus\/wp-content\/uploads\/2018\/03\/B-Tauno-Maunu-ja-Olavi-10-3-2016.jpg\" alt=\"\" width=\"4000\" height=\"3000\"><\/a><figcaption id=\"caption-attachment-3480\" class=\"wp-caption-text\">Taunon100-vuotisjuhlaan saapuivat aseveljet Maunu Kankaanp\u00e4\u00e4 Vantaalta ja Olavi Tiittanen Juuasta. Kaikki kolme samasta komppaniasta 9.\/JR 10. N\u00e4m\u00e4 miehet osallistuivat Suomen ja neuvostoarmeijan v\u00e4lill\u00e4 Jatkosodassa k\u00e4ytyyn viimeiseksi j\u00e4\u00e4neeseen taisteluun.<\/figcaption><\/figure>\n<figure id=\"attachment_3478\" aria-describedby=\"caption-attachment-3478\" style=\"width: 4864px\" class=\"wp-caption alignnone\"><a href=\"http:\/\/www.rukajarvensuunnanhistoriayhdistys.fi\/rukajarvikeskus\/wp-content\/uploads\/2018\/03\/4-Tauno-Olavi-Maunu.jpg\"><img loading=\"lazy\" decoding=\"async\" class=\"size-full wp-image-3478\" src=\"http:\/\/www.rukajarvensuunnanhistoriayhdistys.fi\/rukajarvikeskus\/wp-content\/uploads\/2018\/03\/4-Tauno-Olavi-Maunu.jpg\" alt=\"\" width=\"4864\" height=\"2736\"><\/a><figcaption id=\"caption-attachment-3478\" class=\"wp-caption-text\">Veteraaniveljien onnitteluun kuului saunominen savusaunassa, tunti lauteilla ja toinen saunan eteisess\u00e4. Veteraanien yll\u00e4tyslahja 100 tarinaa savusaunan lauteilla.<\/figcaption><\/figure>\n<figure id=\"attachment_3470\" aria-describedby=\"caption-attachment-3470\" style=\"width: 2592px\" class=\"wp-caption alignnone\"><a href=\"http:\/\/www.rukajarvensuunnanhistoriayhdistys.fi\/rukajarvikeskus\/wp-content\/uploads\/2018\/03\/Virtainkapeikko_2_12062008_DSC04497-Tauno-Tikkanen.jpg\"><img loading=\"lazy\" decoding=\"async\" class=\"size-full wp-image-3470\" src=\"http:\/\/www.rukajarvensuunnanhistoriayhdistys.fi\/rukajarvikeskus\/wp-content\/uploads\/2018\/03\/Virtainkapeikko_2_12062008_DSC04497-Tauno-Tikkanen.jpg\" alt=\"\" width=\"2592\" height=\"1944\"><\/a><figcaption id=\"caption-attachment-3470\" class=\"wp-caption-text\">Tauno Tikkanen osallistui mm. elokuussa 1944 Jatkosodan viimeiseksi j\u00e4\u00e4neeseen taisteluun Suomen ja neuvostoarmeijan v\u00e4lill\u00e4. Tikkanen on k\u00e4ynyt n\u00e4ill\u00e4 taistelupaikoilla useita kertoja. Kuva otettu 12.6.2008 Virran kannaksella, miss\u00e4 h\u00e4net m\u00e4\u00e4r\u00e4ttiin ylitt\u00e4m\u00e4\u00e4n virta Kev.Os.2:n k\u00e4rjess\u00e4 8.7.1941.<\/figcaption><\/figure>\n<figure id=\"attachment_3466\" aria-describedby=\"caption-attachment-3466\" style=\"width: 2592px\" class=\"wp-caption alignnone\"><a href=\"http:\/\/www.rukajarvensuunnanhistoriayhdistys.fi\/rukajarvikeskus\/wp-content\/uploads\/2018\/03\/Kuva-5-Parakkiniemi_9_09062006_Tenho-Tauno-Tikkanen-Leevi-Kuokkanen.jpg\"><img loading=\"lazy\" decoding=\"async\" class=\"size-full wp-image-3466\" src=\"http:\/\/www.rukajarvensuunnanhistoriayhdistys.fi\/rukajarvikeskus\/wp-content\/uploads\/2018\/03\/Kuva-5-Parakkiniemi_9_09062006_Tenho-Tauno-Tikkanen-Leevi-Kuokkanen.jpg\" alt=\"\" width=\"2592\" height=\"1944\"><\/a><figcaption id=\"caption-attachment-3466\" class=\"wp-caption-text\">Kuvassa Tauno Tikkanen Parakkiniemess\u00e4 paikalla, jossa juuri h\u00e4nen puolijoukkueensa joutui torjumaan 7.8.1944 vihollisen p\u00e4\u00e4llekarkaamisen. Vihollisen sotilaita kaatui aivan h\u00e4nen eteens\u00e4 satakunta ja kokonainen vihollisen pataljoona tuhoutui Parakkiniemess\u00e4. Yksi kaatuneista oli JR 345:n komentaja, everstiluutnantti Bashkov, joka l\u00f6ytyi juuri kuvan paikalta, kuva otettu 9.6.2006. Kuvassa keskell\u00e4 veteraani yhdess\u00e4 poikansa Tenhon ja Leevi Kuokkasen kanssa.<\/figcaption><\/figure>\n<figure id=\"attachment_3479\" aria-describedby=\"caption-attachment-3479\" style=\"width: 2592px\" class=\"wp-caption alignnone\"><a href=\"http:\/\/www.rukajarvensuunnanhistoriayhdistys.fi\/rukajarvikeskus\/wp-content\/uploads\/2018\/03\/Arkku_2_09-06-2006.jpg\"><img loading=\"lazy\" decoding=\"async\" class=\"size-full wp-image-3479\" src=\"http:\/\/www.rukajarvensuunnanhistoriayhdistys.fi\/rukajarvikeskus\/wp-content\/uploads\/2018\/03\/Arkku_2_09-06-2006.jpg\" alt=\"\" width=\"2592\" height=\"1944\"><\/a><figcaption id=\"caption-attachment-3479\" class=\"wp-caption-text\">Tauno on k\u00e4ynyt useita kertoja Rukaj\u00e4rvell\u00e4. T\u00e4ss\u00e4 aseveljet Arkun tukikohdassa 9.6.2006, Erkki Marin, Paavo Salmensuu, Armas Tuononen, Pentti Katainen, Tauno Tikkanen ja Heikki Toivonen.<\/figcaption><\/figure>\n","protected":false},"excerpt":{"rendered":"<p>Tauno Tikkanen (s. 10.3.1916) taisteli Rukaj\u00e4rvell\u00e4 jatkosodassa ensin 2.\/Kev.Os.2:ssa ja 1.11.1941 alkaen 7.\/JR 10:ss\u00e4 puolijoukkueen johtajana. H\u00e4n osallistui Muurmannin radan partioretkelle tammikuussa 1942. H\u00e4n on yksi kolmesta viel\u00e4 elossa olevista <a class=\"more-link\" href=\"https:\/\/www.rukajarvensuunnanhistoriayhdistys.fi\/rukajarvikeskus\/ajankohtaista\/tauno-tikkanen-tayttaa-tanaan-102-vuotta-onnittelumme\/\">Lue lis\u00e4\u00e4&#8230;<span class=\"screen-reader-text\">Tauno Tikkanen t\u00e4ytt\u00e4\u00e4 t\u00e4n\u00e4\u00e4n 102 vuotta &#8211; onnittelumme<\/span><span class=\"meta-nav\">\u2192<\/span><\/a><\/p>\n","protected":false},"author":4,"featured_media":0,"comment_status":"closed","ping_status":"open","sticky":false,"template":"","format":"standard","meta":{"ngg_post_thumbnail":0,"_jetpack_newsletter_access":"","_jetpack_dont_email_post_to_subs":false,"_jetpack_newsletter_tier_id":0,"_jetpack_memberships_contains_paywalled_content":false,"_jetpack_memberships_contains_paid_content":false,"footnotes":""},"categories":[26,32],"tags":[],"class_list":["post-3464","post","type-post","status-publish","format-standard","hentry","category-ajankohtaista","category-historiayhdistys"],"jetpack_featured_media_url":"","jetpack_sharing_enabled":true,"jetpack_shortlink":"https:\/\/wp.me\/p72N2f-TS","_links":{"self":[{"href":"https:\/\/www.rukajarvensuunnanhistoriayhdistys.fi\/rukajarvikeskus\/wp-json\/wp\/v2\/posts\/3464","targetHints":{"allow":["GET"]}}],"collection":[{"href":"https:\/\/www.rukajarvensuunnanhistoriayhdistys.fi\/rukajarvikeskus\/wp-json\/wp\/v2\/posts"}],"about":[{"href":"https:\/\/www.rukajarvensuunnanhistoriayhdistys.fi\/rukajarvikeskus\/wp-json\/wp\/v2\/types\/post"}],"author":[{"embeddable":true,"href":"https:\/\/www.rukajarvensuunnanhistoriayhdistys.fi\/rukajarvikeskus\/wp-json\/wp\/v2\/users\/4"}],"replies":[{"embeddable":true,"href":"https:\/\/www.rukajarvensuunnanhistoriayhdistys.fi\/rukajarvikeskus\/wp-json\/wp\/v2\/comments?post=3464"}],"version-history":[{"count":4,"href":"https:\/\/www.rukajarvensuunnanhistoriayhdistys.fi\/rukajarvikeskus\/wp-json\/wp\/v2\/posts\/3464\/revisions"}],"predecessor-version":[{"id":3474,"href":"https:\/\/www.rukajarvensuunnanhistoriayhdistys.fi\/rukajarvikeskus\/wp-json\/wp\/v2\/posts\/3464\/revisions\/3474"}],"wp:attachment":[{"href":"https:\/\/www.rukajarvensuunnanhistoriayhdistys.fi\/rukajarvikeskus\/wp-json\/wp\/v2\/media?parent=3464"}],"wp:term":[{"taxonomy":"category","embeddable":true,"href":"https:\/\/www.rukajarvensuunnanhistoriayhdistys.fi\/rukajarvikeskus\/wp-json\/wp\/v2\/categories?post=3464"},{"taxonomy":"post_tag","embeddable":true,"href":"https:\/\/www.rukajarvensuunnanhistoriayhdistys.fi\/rukajarvikeskus\/wp-json\/wp\/v2\/tags?post=3464"}],"curies":[{"name":"wp","href":"https:\/\/api.w.org\/{rel}","templated":true}]}}