{"id":3635,"date":"2018-05-15T12:45:49","date_gmt":"2018-05-15T09:45:49","guid":{"rendered":"http:\/\/www.rukajarvensuunnanhistoriayhdistys.fi\/rukajarvikeskus\/?p=3635"},"modified":"2018-05-15T12:45:49","modified_gmt":"2018-05-15T09:45:49","slug":"sankarivainaja-seppo-hannisen-hautajaiset-19-5-2018","status":"publish","type":"post","link":"https:\/\/www.rukajarvensuunnanhistoriayhdistys.fi\/rukajarvikeskus\/ajankohtaista\/sankarivainaja-seppo-hannisen-hautajaiset-19-5-2018\/","title":{"rendered":"Sankarivainaja Seppo H\u00e4nnisen hautajaiset 19.5.2018"},"content":{"rendered":"<div class=\"fcbkbttn_buttons_block\" id=\"fcbkbttn_left\"><div class=\"fcbkbttn_like \"><fb:like href=\"https:\/\/www.rukajarvensuunnanhistoriayhdistys.fi\/rukajarvikeskus\/ajankohtaista\/sankarivainaja-seppo-hannisen-hautajaiset-19-5-2018\/\" action=\"like\" colorscheme=\"light\" layout=\"button_count\"  size=\"small\"><\/fb:like><\/div><\/div><p>Jatkosodan viimeiseksi j\u00e4\u00e4neess\u00e4 taistelussa kaatuneen, kent\u00e4lle j\u00e4\u00e4neen ja v.2012 l\u00f6ydetyn ja DNA-tunnistuksella varmistetun 9.\/JR 10:n komppanianp\u00e4\u00e4llikk\u00f6 Seppo H\u00e4nnisen hautaan siunaaminen Sukevan kirkossa 19.5.2018 klo 10.00.<\/p>\n<p>Muistotilaisuus Iisalmen Rukaj\u00e4rvi-keskuksessa klo.12.30,&nbsp;<a href=\"https:\/\/maps.google.com\/?q=Savonkatu+24&amp;entry=gmail&amp;source=g\">Savonkatu 24<\/a>, Iisalmi<\/p>\n<p>Oheisena siunaus- ja muistotilaisuuden ohjelma:<\/p>\n<p><a href=\"http:\/\/www.rukajarvensuunnanhistoriayhdistys.fi\/rukajarvikeskus\/wp-content\/uploads\/2018\/05\/Sankarivainaja-Seppo-H\u00e4nnisen-ohjelma-netti-15-5-2018.jpg\"><img loading=\"lazy\" decoding=\"async\" class=\"alignnone size-full wp-image-3636\" src=\"http:\/\/www.rukajarvensuunnanhistoriayhdistys.fi\/rukajarvikeskus\/wp-content\/uploads\/2018\/05\/Sankarivainaja-Seppo-H\u00e4nnisen-ohjelma-netti-15-5-2018.jpg\" alt=\"\" width=\"1654\" height=\"2339\" srcset=\"https:\/\/www.rukajarvensuunnanhistoriayhdistys.fi\/rukajarvikeskus\/wp-content\/uploads\/2018\/05\/Sankarivainaja-Seppo-H\u00e4nnisen-ohjelma-netti-15-5-2018.jpg 1654w, https:\/\/www.rukajarvensuunnanhistoriayhdistys.fi\/rukajarvikeskus\/wp-content\/uploads\/2018\/05\/Sankarivainaja-Seppo-H\u00e4nnisen-ohjelma-netti-15-5-2018-300x424.jpg 300w, https:\/\/www.rukajarvensuunnanhistoriayhdistys.fi\/rukajarvikeskus\/wp-content\/uploads\/2018\/05\/Sankarivainaja-Seppo-H\u00e4nnisen-ohjelma-netti-15-5-2018-212x300.jpg 212w, https:\/\/www.rukajarvensuunnanhistoriayhdistys.fi\/rukajarvikeskus\/wp-content\/uploads\/2018\/05\/Sankarivainaja-Seppo-H\u00e4nnisen-ohjelma-netti-15-5-2018-768x1086.jpg 768w, https:\/\/www.rukajarvensuunnanhistoriayhdistys.fi\/rukajarvikeskus\/wp-content\/uploads\/2018\/05\/Sankarivainaja-Seppo-H\u00e4nnisen-ohjelma-netti-15-5-2018-724x1024.jpg 724w\" sizes=\"auto, (max-width: 1654px) 100vw, 1654px\" \/><\/a><\/p>\n<p>Muistotilaisuudessa tarjotaan Rukaj\u00e4rvi-menu.<\/p>\n<p>Ilmoittautuminen ruokailua varten muistotilaisuuteen Iisalmen seurahuoneelle puh. &nbsp;044 0207701<\/p>\n<p>Omaisten toivomuksesta mahdolliset muistamiset kukkatervehdysten sijaan pyydet\u00e4\u00e4n ohjaamaan RSHYry:n tilille: Osuuspankki FI02 5723 0220 2696 12, OKOFIHH<\/p>\n","protected":false},"excerpt":{"rendered":"<p>Jatkosodan viimeiseksi j\u00e4\u00e4neess\u00e4 taistelussa kaatuneen, kent\u00e4lle j\u00e4\u00e4neen ja v.2012 l\u00f6ydetyn ja DNA-tunnistuksella varmistetun 9.\/JR 10:n komppanianp\u00e4\u00e4llikk\u00f6 Seppo H\u00e4nnisen hautaan siunaaminen Sukevan kirkossa 19.5.2018 klo 10.00. Muistotilaisuus Iisalmen Rukaj\u00e4rvi-keskuksessa klo.12.30,&nbsp;Savonkatu 24, <a class=\"more-link\" href=\"https:\/\/www.rukajarvensuunnanhistoriayhdistys.fi\/rukajarvikeskus\/ajankohtaista\/sankarivainaja-seppo-hannisen-hautajaiset-19-5-2018\/\">Lue lis\u00e4\u00e4&#8230;<span class=\"screen-reader-text\">Sankarivainaja Seppo H\u00e4nnisen hautajaiset 19.5.2018<\/span><span class=\"meta-nav\">\u2192<\/span><\/a><\/p>\n","protected":false},"author":4,"featured_media":0,"comment_status":"closed","ping_status":"open","sticky":false,"template":"","format":"standard","meta":{"ngg_post_thumbnail":0,"_jetpack_newsletter_access":"","_jetpack_dont_email_post_to_subs":false,"_jetpack_newsletter_tier_id":0,"_jetpack_memberships_contains_paywalled_content":false,"_jetpack_memberships_contains_paid_content":false,"footnotes":""},"categories":[26,32],"tags":[],"class_list":["post-3635","post","type-post","status-publish","format-standard","hentry","category-ajankohtaista","category-historiayhdistys"],"jetpack_featured_media_url":"","jetpack_sharing_enabled":true,"jetpack_shortlink":"https:\/\/wp.me\/p72N2f-WD","_links":{"self":[{"href":"https:\/\/www.rukajarvensuunnanhistoriayhdistys.fi\/rukajarvikeskus\/wp-json\/wp\/v2\/posts\/3635","targetHints":{"allow":["GET"]}}],"collection":[{"href":"https:\/\/www.rukajarvensuunnanhistoriayhdistys.fi\/rukajarvikeskus\/wp-json\/wp\/v2\/posts"}],"about":[{"href":"https:\/\/www.rukajarvensuunnanhistoriayhdistys.fi\/rukajarvikeskus\/wp-json\/wp\/v2\/types\/post"}],"author":[{"embeddable":true,"href":"https:\/\/www.rukajarvensuunnanhistoriayhdistys.fi\/rukajarvikeskus\/wp-json\/wp\/v2\/users\/4"}],"replies":[{"embeddable":true,"href":"https:\/\/www.rukajarvensuunnanhistoriayhdistys.fi\/rukajarvikeskus\/wp-json\/wp\/v2\/comments?post=3635"}],"version-history":[{"count":1,"href":"https:\/\/www.rukajarvensuunnanhistoriayhdistys.fi\/rukajarvikeskus\/wp-json\/wp\/v2\/posts\/3635\/revisions"}],"predecessor-version":[{"id":3637,"href":"https:\/\/www.rukajarvensuunnanhistoriayhdistys.fi\/rukajarvikeskus\/wp-json\/wp\/v2\/posts\/3635\/revisions\/3637"}],"wp:attachment":[{"href":"https:\/\/www.rukajarvensuunnanhistoriayhdistys.fi\/rukajarvikeskus\/wp-json\/wp\/v2\/media?parent=3635"}],"wp:term":[{"taxonomy":"category","embeddable":true,"href":"https:\/\/www.rukajarvensuunnanhistoriayhdistys.fi\/rukajarvikeskus\/wp-json\/wp\/v2\/categories?post=3635"},{"taxonomy":"post_tag","embeddable":true,"href":"https:\/\/www.rukajarvensuunnanhistoriayhdistys.fi\/rukajarvikeskus\/wp-json\/wp\/v2\/tags?post=3635"}],"curies":[{"name":"wp","href":"https:\/\/api.w.org\/{rel}","templated":true}]}}