{"id":3826,"date":"2018-09-01T13:24:38","date_gmt":"2018-09-01T10:24:38","guid":{"rendered":"http:\/\/www.rukajarvensuunnanhistoriayhdistys.fi\/rukajarvikeskus\/?p=3826"},"modified":"2018-09-01T18:08:32","modified_gmt":"2018-09-01T15:08:32","slug":"lieksan-rukajarvi-keskus-siirtyy-3-9-2018-talviaikaan","status":"publish","type":"post","link":"https:\/\/www.rukajarvensuunnanhistoriayhdistys.fi\/rukajarvikeskus\/tapahtumat\/lieksan-rukajarvi-keskus-siirtyy-3-9-2018-talviaikaan\/","title":{"rendered":"Lieksan Rukaj\u00e4rvi-keskus siirtyy 3.9.2018 talviaikaan"},"content":{"rendered":"<div class=\"fcbkbttn_buttons_block\" id=\"fcbkbttn_left\"><div class=\"fcbkbttn_like \"><fb:like href=\"https:\/\/www.rukajarvensuunnanhistoriayhdistys.fi\/rukajarvikeskus\/tapahtumat\/lieksan-rukajarvi-keskus-siirtyy-3-9-2018-talviaikaan\/\" action=\"like\" colorscheme=\"light\" layout=\"button_count\"  size=\"small\"><\/fb:like><\/div><\/div><p><strong>Lieksan Rukaj\u00e4rvi-keskus siirtyy 3.9.2018 talviaikaan.&nbsp; Viel\u00e4 t\u00e4n\u00e4\u00e4n ja sunnuntaina Lieksan Rukaj\u00e4rvi-keskus on avoinna klo 10. &#8211; 16.<\/strong><\/p>\n<p>Syksy saapuu. Vilkas kes\u00e4 ja enn\u00e4tyksellinen k\u00e4vij\u00e4m\u00e4\u00e4r\u00e4 Lieksan Rukaj\u00e4rvi-keskuksessa on takana.<\/p>\n<p>&#8221;Liljankukka&#8221;-konsertit t\u00e4yttiv\u00e4t salin kahteen kertaan ja yleis\u00f6 toivoo uusintaesityksi\u00e4. Seuraavassa &#8221;Liljankukka&#8221;-konsertista valokuvia.<\/p>\n<p><a href=\"http:\/\/www.rukajarvensuunnanhistoriayhdistys.fi\/rukajarvikeskus\/wp-content\/uploads\/2018\/09\/Esityksest\u00e4-2.jpg\"><img loading=\"lazy\" decoding=\"async\" class=\"alignnone size-full wp-image-3829\" src=\"http:\/\/www.rukajarvensuunnanhistoriayhdistys.fi\/rukajarvikeskus\/wp-content\/uploads\/2018\/09\/Esityksest\u00e4-2.jpg\" alt=\"\" width=\"1280\" height=\"720\" srcset=\"https:\/\/www.rukajarvensuunnanhistoriayhdistys.fi\/rukajarvikeskus\/wp-content\/uploads\/2018\/09\/Esityksest\u00e4-2.jpg 1280w, https:\/\/www.rukajarvensuunnanhistoriayhdistys.fi\/rukajarvikeskus\/wp-content\/uploads\/2018\/09\/Esityksest\u00e4-2-300x169.jpg 300w, https:\/\/www.rukajarvensuunnanhistoriayhdistys.fi\/rukajarvikeskus\/wp-content\/uploads\/2018\/09\/Esityksest\u00e4-2-768x432.jpg 768w, https:\/\/www.rukajarvensuunnanhistoriayhdistys.fi\/rukajarvikeskus\/wp-content\/uploads\/2018\/09\/Esityksest\u00e4-2-1024x576.jpg 1024w\" sizes=\"auto, (max-width: 1280px) 100vw, 1280px\" \/><\/a><\/p>\n<p><a href=\"http:\/\/www.rukajarvensuunnanhistoriayhdistys.fi\/rukajarvikeskus\/wp-content\/uploads\/2018\/09\/1-Esityksest\u00e4-1-2.jpg\"><img loading=\"lazy\" decoding=\"async\" class=\"alignnone size-full wp-image-3830\" src=\"http:\/\/www.rukajarvensuunnanhistoriayhdistys.fi\/rukajarvikeskus\/wp-content\/uploads\/2018\/09\/1-Esityksest\u00e4-1-2.jpg\" alt=\"\" width=\"1280\" height=\"720\" srcset=\"https:\/\/www.rukajarvensuunnanhistoriayhdistys.fi\/rukajarvikeskus\/wp-content\/uploads\/2018\/09\/1-Esityksest\u00e4-1-2.jpg 1280w, https:\/\/www.rukajarvensuunnanhistoriayhdistys.fi\/rukajarvikeskus\/wp-content\/uploads\/2018\/09\/1-Esityksest\u00e4-1-2-300x169.jpg 300w, https:\/\/www.rukajarvensuunnanhistoriayhdistys.fi\/rukajarvikeskus\/wp-content\/uploads\/2018\/09\/1-Esityksest\u00e4-1-2-768x432.jpg 768w, https:\/\/www.rukajarvensuunnanhistoriayhdistys.fi\/rukajarvikeskus\/wp-content\/uploads\/2018\/09\/1-Esityksest\u00e4-1-2-1024x576.jpg 1024w\" sizes=\"auto, (max-width: 1280px) 100vw, 1280px\" \/><\/a><\/p>\n<p><a href=\"http:\/\/www.rukajarvensuunnanhistoriayhdistys.fi\/rukajarvikeskus\/wp-content\/uploads\/2018\/09\/3-Esityksest\u00e4-3-2.jpg\"><img loading=\"lazy\" decoding=\"async\" class=\"alignnone size-full wp-image-3828\" src=\"http:\/\/www.rukajarvensuunnanhistoriayhdistys.fi\/rukajarvikeskus\/wp-content\/uploads\/2018\/09\/3-Esityksest\u00e4-3-2.jpg\" alt=\"\" width=\"1280\" height=\"720\" srcset=\"https:\/\/www.rukajarvensuunnanhistoriayhdistys.fi\/rukajarvikeskus\/wp-content\/uploads\/2018\/09\/3-Esityksest\u00e4-3-2.jpg 1280w, https:\/\/www.rukajarvensuunnanhistoriayhdistys.fi\/rukajarvikeskus\/wp-content\/uploads\/2018\/09\/3-Esityksest\u00e4-3-2-300x169.jpg 300w, https:\/\/www.rukajarvensuunnanhistoriayhdistys.fi\/rukajarvikeskus\/wp-content\/uploads\/2018\/09\/3-Esityksest\u00e4-3-2-768x432.jpg 768w, https:\/\/www.rukajarvensuunnanhistoriayhdistys.fi\/rukajarvikeskus\/wp-content\/uploads\/2018\/09\/3-Esityksest\u00e4-3-2-1024x576.jpg 1024w\" sizes=\"auto, (max-width: 1280px) 100vw, 1280px\" \/><\/a><\/p>\n<figure id=\"attachment_3827\" aria-describedby=\"caption-attachment-3827\" style=\"width: 1280px\" class=\"wp-caption alignnone\"><a href=\"http:\/\/www.rukajarvensuunnanhistoriayhdistys.fi\/rukajarvikeskus\/wp-content\/uploads\/2018\/09\/2-Esityksest\u00e4-2-2.jpg\"><img loading=\"lazy\" decoding=\"async\" class=\"size-full wp-image-3827\" src=\"http:\/\/www.rukajarvensuunnanhistoriayhdistys.fi\/rukajarvikeskus\/wp-content\/uploads\/2018\/09\/2-Esityksest\u00e4-2-2.jpg\" alt=\"\" width=\"1280\" height=\"720\" srcset=\"https:\/\/www.rukajarvensuunnanhistoriayhdistys.fi\/rukajarvikeskus\/wp-content\/uploads\/2018\/09\/2-Esityksest\u00e4-2-2.jpg 1280w, https:\/\/www.rukajarvensuunnanhistoriayhdistys.fi\/rukajarvikeskus\/wp-content\/uploads\/2018\/09\/2-Esityksest\u00e4-2-2-300x169.jpg 300w, https:\/\/www.rukajarvensuunnanhistoriayhdistys.fi\/rukajarvikeskus\/wp-content\/uploads\/2018\/09\/2-Esityksest\u00e4-2-2-768x432.jpg 768w, https:\/\/www.rukajarvensuunnanhistoriayhdistys.fi\/rukajarvikeskus\/wp-content\/uploads\/2018\/09\/2-Esityksest\u00e4-2-2-1024x576.jpg 1024w\" sizes=\"auto, (max-width: 1280px) 100vw, 1280px\" \/><\/a><figcaption id=\"caption-attachment-3827\" class=\"wp-caption-text\">Parhaat kiitoksemme veteraaneilta ja koko Rukaj\u00e4rvi-yhteis\u00f6lt\u00e4 kaikesta. Vasemmalta, Ilma Vihonen, Sirkka Knouna, Teuvo ja Jatta Kettunen, Jouni Per\u00e4alho ja Ritva Malinen.<\/figcaption><\/figure>\n<p>Neuvottelemme &#8221;Liljankukka&#8221;-konsertin esitt\u00e4misest\u00e4 my\u00f6s Iisalmen Rukaj\u00e4rvi-keskuksessa. Alustavan suunnitelman mukaan konsertti j\u00e4rjestett\u00e4isiin 20.10.2018 kenraaliluutnantti Ermei Kannisen muistoseminaarin yhteydess\u00e4. Lieksan uusintakonserteista neuvottelut ovat my\u00f6s kesken.<\/p>\n<p><strong>Lieksassa aukioloajat muuttuvat talviaikaan <\/strong><\/p>\n<p>Lieksan Rukaj\u00e4rvi-keskuksen uudet aukioloajat 3.9.2018 alkaen 9.00 &#8211; 15.00, muuna aikana keskus on avoinna tilauksesta. Opastuksesta vastaavat Lieksan Matkailuoppaat ry. Tulevan syksyn aikana keskuksessa vierailee viel\u00e4 useita ryhmi\u00e4. Ylivieskan El\u00e4kkeensaajien linja-autollinen tulee 19. syyskuuta ja RadioSandelssin kuuntelijamatka saapuu 23.9.2018. RadioSandelssin ryhm\u00e4 tutustuu samalla kaikkiin Rukaj\u00e4rven tien muihinkin kohteisiin.<\/p>\n<p>Rukaj\u00e4rvi-keskuksen viestin\u00e4yttely\u00e4 uusitaan 3.9.2018. Kaakkois-Suomen Viestikillan kokoama viestin\u00e4yttely siirtyy H\u00e4meenlinnan Museo Militariaan talveksi ja palaa Lieksaan taas kev\u00e4\u00e4ll\u00e4. Viestin\u00e4yttely\u00e4 t\u00e4ydennet\u00e4\u00e4n jo nyt maanantaina 3.9. Pohjois-Karjalan radiokerho ry:n kalustolla, mik\u00e4 j\u00e4\u00e4 my\u00f6s pysyv\u00e4sti Lieksan keskuksen n\u00e4yttelyyn.<\/p>\n<p><strong>Muistattehan varata aikaa kenraaliluutnantti Ermei Kannisen muistoseminaaria varten<\/strong>, joka j\u00e4rjestet\u00e4\u00e4n 20.10.2018 &nbsp;alkaen klo 12.00 Iisalmen Rukaj\u00e4rvi-keskuksessa. Ohjelmasta ilmoitamme tarkemmin my\u00f6hemmin. Jo t\u00e4ss\u00e4 vaiheessa voimme paljastaa seuraavista kiinnostavista esitelmist\u00e4:<\/p>\n<p><strong>Esitelm\u00e4t:<\/strong><\/p>\n<p><strong>1) Marskin viestiyhteydet 1918.&nbsp;<\/strong>Kyl\u00e4kaupan sein\u00e4puhelimesta itsen\u00e4isen Suomen viestijoukkojen syntyyn. Tarinaa salaisista viestiyhteyksist\u00e4 ja Marskin esikuntajunasta. Esitelm\u00f6i insin\u00f6\u00f6rimajuri (evp.) Tapio Teittinen. Kesto noin 20 minuuttia.<\/p>\n<p><strong>2) Viestisotaa Rukaj\u00e4rvell\u00e4. 14.&nbsp;<\/strong>divisioonan viestitoimintaa Rukaj\u00e4rven laajalla korpialueella Jatkosodan aikana. Mukana my\u00f6s kuvauksia tykist\u00f6n ja partioiden viestitoiminnasta. Esitykseen liittyy TK-filmimateriaalista tehty lyhytfilmi Viestipataljoona 30:n toiminnasta. Rukaj\u00e4rven suunnalla. Esitelm\u00f6i DI Martti Susitaival. Kesto noin 1h 30 minuuttia.<\/p>\n<p><strong>3) Tutkimusmatka Rukaj\u00e4rven suunnan etulinjan kentt\u00e4vartioihin.&nbsp;<\/strong>Ari Komulainen, kertoo 12.-23.8.2018 v\u00e4lisen\u00e4 aikana suorittamastaan tutkimusmatkasta E.J. Raappanan askelissa Rukaj\u00e4rven suunnan etulinjan kentt\u00e4vartioihin.<\/p>\n<p>Ari Komulainen, Kari Junnikkala ja Kalle Martikainen suorittivat saman kentt\u00e4vartiolinjan matkan mink\u00e4 komentaja E.J.Raappana teki kes\u00e4ll\u00e4 1943 eli l\u00e4hes p\u00e4iv\u00e4lleen 75 vuotta sitten. Raappana k\u00e4vi kaikissa kentt\u00e4- ja aliupseerivartioissa koko divisioonan laajalla vastuualueella. T\u00e4ll\u00e4 tarkastusmatkalla Raappana vaelsi koko kentt\u00e4vartiolinjan l\u00e4vitse, kentt\u00e4vartiosta toiseen samaa reitti\u00e4, jota kentt\u00e4vartioiden v\u00e4liset yhdyspartiot k\u00e4yttiv\u00e4t. Matkaa t\u00e4lle Raappanan suorittamalle tarkastusmatkalle kertyi yhteens\u00e4 noin 220 kilometri\u00e4, kun kartalta mitattuna koko kentt\u00e4vartiolinjan pituus oli 204 kilometri\u00e4. (30 min).<\/p>\n<p>Seurahuoneella on mahdollisuus ennen seminaaria klo 11.00 alkaen nauttia Rukaj\u00e4rvi-menu. Ruokailu- ja majoitusvaraukset Hotelli Iisalmen Seurahuoneen vastaanottoon puhelimitse 0440207701 tai s\u00e4hk\u00f6postilla&nbsp;<a href=\"mailto:seurahuone@haapaniemenmatkailu.fi\">seurahuone@haapaniemenmatkailu.fi<\/a><\/p>\n<p><strong>Rukaj\u00e4rven matka 7. &#8211; 9.2018<\/strong><\/p>\n<p>Yhdistyksemme matka Rukaj\u00e4rvelle t\u00e4yttyi pikavauhtia. Matkan johtajana toimii Jari K\u00e4rkk\u00e4inen. Toivotamme matkalaisille hyv\u00e4\u00e4 matkaa. Julkaisemme matkakertomuksen my\u00f6hemmin.<\/p>\n","protected":false},"excerpt":{"rendered":"<p>Lieksan Rukaj\u00e4rvi-keskus siirtyy 3.9.2018 talviaikaan.&nbsp; Viel\u00e4 t\u00e4n\u00e4\u00e4n ja sunnuntaina Lieksan Rukaj\u00e4rvi-keskus on avoinna klo 10. &#8211; 16. Syksy saapuu. Vilkas kes\u00e4 ja enn\u00e4tyksellinen k\u00e4vij\u00e4m\u00e4\u00e4r\u00e4 Lieksan Rukaj\u00e4rvi-keskuksessa on takana. &#8221;Liljankukka&#8221;-konsertit t\u00e4yttiv\u00e4t <a class=\"more-link\" href=\"https:\/\/www.rukajarvensuunnanhistoriayhdistys.fi\/rukajarvikeskus\/tapahtumat\/lieksan-rukajarvi-keskus-siirtyy-3-9-2018-talviaikaan\/\">Lue lis\u00e4\u00e4&#8230;<span class=\"screen-reader-text\">Lieksan Rukaj\u00e4rvi-keskus siirtyy 3.9.2018 talviaikaan<\/span><span class=\"meta-nav\">\u2192<\/span><\/a><\/p>\n","protected":false},"author":4,"featured_media":0,"comment_status":"closed","ping_status":"open","sticky":false,"template":"","format":"standard","meta":{"ngg_post_thumbnail":0,"_jetpack_newsletter_access":"","_jetpack_dont_email_post_to_subs":false,"_jetpack_newsletter_tier_id":0,"_jetpack_memberships_contains_paywalled_content":false,"_jetpack_memberships_contains_paid_content":false,"footnotes":""},"categories":[26,32,15],"tags":[],"class_list":["post-3826","post","type-post","status-publish","format-standard","hentry","category-ajankohtaista","category-historiayhdistys","category-tapahtumat"],"jetpack_featured_media_url":"","jetpack_sharing_enabled":true,"jetpack_shortlink":"https:\/\/wp.me\/p72N2f-ZI","_links":{"self":[{"href":"https:\/\/www.rukajarvensuunnanhistoriayhdistys.fi\/rukajarvikeskus\/wp-json\/wp\/v2\/posts\/3826","targetHints":{"allow":["GET"]}}],"collection":[{"href":"https:\/\/www.rukajarvensuunnanhistoriayhdistys.fi\/rukajarvikeskus\/wp-json\/wp\/v2\/posts"}],"about":[{"href":"https:\/\/www.rukajarvensuunnanhistoriayhdistys.fi\/rukajarvikeskus\/wp-json\/wp\/v2\/types\/post"}],"author":[{"embeddable":true,"href":"https:\/\/www.rukajarvensuunnanhistoriayhdistys.fi\/rukajarvikeskus\/wp-json\/wp\/v2\/users\/4"}],"replies":[{"embeddable":true,"href":"https:\/\/www.rukajarvensuunnanhistoriayhdistys.fi\/rukajarvikeskus\/wp-json\/wp\/v2\/comments?post=3826"}],"version-history":[{"count":2,"href":"https:\/\/www.rukajarvensuunnanhistoriayhdistys.fi\/rukajarvikeskus\/wp-json\/wp\/v2\/posts\/3826\/revisions"}],"predecessor-version":[{"id":3832,"href":"https:\/\/www.rukajarvensuunnanhistoriayhdistys.fi\/rukajarvikeskus\/wp-json\/wp\/v2\/posts\/3826\/revisions\/3832"}],"wp:attachment":[{"href":"https:\/\/www.rukajarvensuunnanhistoriayhdistys.fi\/rukajarvikeskus\/wp-json\/wp\/v2\/media?parent=3826"}],"wp:term":[{"taxonomy":"category","embeddable":true,"href":"https:\/\/www.rukajarvensuunnanhistoriayhdistys.fi\/rukajarvikeskus\/wp-json\/wp\/v2\/categories?post=3826"},{"taxonomy":"post_tag","embeddable":true,"href":"https:\/\/www.rukajarvensuunnanhistoriayhdistys.fi\/rukajarvikeskus\/wp-json\/wp\/v2\/tags?post=3826"}],"curies":[{"name":"wp","href":"https:\/\/api.w.org\/{rel}","templated":true}]}}