{"id":3836,"date":"2018-09-05T00:03:30","date_gmt":"2018-09-04T21:03:30","guid":{"rendered":"http:\/\/www.rukajarvensuunnanhistoriayhdistys.fi\/rukajarvikeskus\/?p=3836"},"modified":"2018-09-05T00:05:09","modified_gmt":"2018-09-04T21:05:09","slug":"rukajarven-tien-kuulumisia","status":"publish","type":"post","link":"https:\/\/www.rukajarvensuunnanhistoriayhdistys.fi\/rukajarvikeskus\/ajankohtaista\/rukajarven-tien-kuulumisia\/","title":{"rendered":"Rukaj\u00e4rven tien kuulumisia"},"content":{"rendered":"<div class=\"fcbkbttn_buttons_block\" id=\"fcbkbttn_left\"><div class=\"fcbkbttn_like \"><fb:like href=\"https:\/\/www.rukajarvensuunnanhistoriayhdistys.fi\/rukajarvikeskus\/ajankohtaista\/rukajarven-tien-kuulumisia\/\" action=\"like\" colorscheme=\"light\" layout=\"button_count\"  size=\"small\"><\/fb:like><\/div><\/div><p>T\u00e4n\u00e4\u00e4n tulee kuluneeksi 74 vuotta Jatkosodan aselevon tulosta. T\u00e4t\u00e4 juhlimme Lieksassa 4.-7.9.2014 juhlassa, mist\u00e4 l\u00f6ytyy lis\u00e4tietoa <a href=\"http:\/\/www.rukajarvensuunnanhistoriayhdistys.fi\/historiayhdistys\/onnistunut-kansanjuhla-saakin-suosi\/\"><strong>T\u00c4\u00c4LT\u00c4<\/strong><\/a>:<\/p>\n<p>&nbsp;Kaakkois-Suomen Viestikillan puheenjohtaja Tapio Teittisen ja Martti Susitaipaleen kokoama &#8221;Viestitoimintaa Rukaj\u00e4rvell\u00e4&#8221; n\u00e4yttely siirtyy talven ajaksi H\u00e4meenlinnaan Museo Militariaan. Osa n\u00e4yttelyst\u00e4 j\u00e4\u00e4 edelleen Lieksaan. Lieksan viestin\u00e4yttelyyn saatiin t\u00e4ydennyst\u00e4 Pohjois-Karjalan radiokerho ry:lt\u00e4. Esit\u00e4mme siit\u00e4 kiitokset. Kaakkois-Suomen Viestikillan kokoama viestin\u00e4yttely palaa Lieksaan kev\u00e4\u00e4ll\u00e4 2019 hiukan uusittuna.<\/p>\n<figure id=\"attachment_3841\" aria-describedby=\"caption-attachment-3841\" style=\"width: 3072px\" class=\"wp-caption alignnone\"><a href=\"http:\/\/www.rukajarvensuunnanhistoriayhdistys.fi\/rukajarvikeskus\/wp-content\/uploads\/2018\/09\/WP_20180903_15_08_18_Pro-netti.jpg\"><img loading=\"lazy\" decoding=\"async\" class=\"size-full wp-image-3841\" src=\"http:\/\/www.rukajarvensuunnanhistoriayhdistys.fi\/rukajarvikeskus\/wp-content\/uploads\/2018\/09\/WP_20180903_15_08_18_Pro-netti.jpg\" alt=\"\" width=\"3072\" height=\"1728\"><\/a><figcaption id=\"caption-attachment-3841\" class=\"wp-caption-text\">Seppo R\u00e4ih\u00e4, Tapio Teittinen ja Martti Susitaival. Parhaat kiitoksemme.<\/figcaption><\/figure>\n<figure id=\"attachment_3842\" aria-describedby=\"caption-attachment-3842\" style=\"width: 3072px\" class=\"wp-caption alignnone\"><a href=\"http:\/\/www.rukajarvensuunnanhistoriayhdistys.fi\/rukajarvikeskus\/wp-content\/uploads\/2018\/09\/WP_20180903_16_04_34_Pro-netti.jpg\"><img loading=\"lazy\" decoding=\"async\" class=\"size-full wp-image-3842\" src=\"http:\/\/www.rukajarvensuunnanhistoriayhdistys.fi\/rukajarvikeskus\/wp-content\/uploads\/2018\/09\/WP_20180903_16_04_34_Pro-netti.jpg\" alt=\"\" width=\"3072\" height=\"1728\"><\/a><figcaption id=\"caption-attachment-3842\" class=\"wp-caption-text\">Nyt viestin\u00e4yttelyss\u00e4 on my\u00f6s Pohjois-Karjalan radikerho ry:n luovuttamaa kalustoa.<\/figcaption><\/figure>\n<p>Seppo R\u00e4ih\u00e4 ja Tenho Tikkanen esittiv\u00e4t Tapio Teittiselle ja Martti Susitaipaleelle parhaat kiitokset heid\u00e4n Rukaj\u00e4rven suunnan sotahistoriaty\u00f6n hyv\u00e4ksi tekem\u00e4st\u00e4 ty\u00f6st\u00e4. N\u00e4yttelyn kokoamisen ja pystytt\u00e4misen lis\u00e4ksi valmistui samaan aikaan my\u00f6s Rukaj\u00e4rven suunnalla toimineen Viestipataljoona 30 arvokas joukko-osaston historiateos.<\/p>\n<p><strong>Rukaj\u00e4rven tien kohteet kunnossa<\/strong><\/p>\n<p>Jongunjoen kyl\u00e4yhdistyksen johdolla on jatkettu kes\u00e4n j\u00e4lkeen Rukaj\u00e4rven tien kohteitten kunnostamista. Nyt n\u00e4m\u00e4 alkavat olla hyv\u00e4ss\u00e4 kunnossa. Nurmij\u00e4rven tien risteyksess\u00e4 on Rukaj\u00e4rven suunnan historiayhdistys ry:n omistama tykki, mik\u00e4 on suojattu katoksella.<\/p>\n<figure id=\"attachment_3837\" aria-describedby=\"caption-attachment-3837\" style=\"width: 3072px\" class=\"wp-caption alignnone\"><a href=\"http:\/\/www.rukajarvensuunnanhistoriayhdistys.fi\/rukajarvikeskus\/wp-content\/uploads\/2018\/09\/WP_20180903_17_00_18_Pro-netti.jpg\"><img loading=\"lazy\" decoding=\"async\" class=\"size-full wp-image-3837\" src=\"http:\/\/www.rukajarvensuunnanhistoriayhdistys.fi\/rukajarvikeskus\/wp-content\/uploads\/2018\/09\/WP_20180903_17_00_18_Pro-netti.jpg\" alt=\"\" width=\"3072\" height=\"1728\"><\/a><figcaption id=\"caption-attachment-3837\" class=\"wp-caption-text\">Kivivaarantien ja Kuhmontien risteyksen tykki sai katoksensa.<\/figcaption><\/figure>\n<figure id=\"attachment_3838\" aria-describedby=\"caption-attachment-3838\" style=\"width: 3072px\" class=\"wp-caption alignnone\"><a href=\"http:\/\/www.rukajarvensuunnanhistoriayhdistys.fi\/rukajarvikeskus\/wp-content\/uploads\/2018\/09\/WP_20180903_17_35_47_Pro-Netti.jpg\"><img loading=\"lazy\" decoding=\"async\" class=\"size-full wp-image-3838\" src=\"http:\/\/www.rukajarvensuunnanhistoriayhdistys.fi\/rukajarvikeskus\/wp-content\/uploads\/2018\/09\/WP_20180903_17_35_47_Pro-Netti.jpg\" alt=\"\" width=\"3072\" height=\"1728\"><\/a><figcaption id=\"caption-attachment-3838\" class=\"wp-caption-text\">Seppo R\u00e4ih\u00e4 ja Heikki Turunen totesivat, ett\u00e4 mit\u00e4\u00e4n vahingontekoa ei ole paikalla tapahtunut.<\/figcaption><\/figure>\n<figure id=\"attachment_3038\" aria-describedby=\"caption-attachment-3038\" style=\"width: 3840px\" class=\"wp-caption alignnone\"><a href=\"http:\/\/www.rukajarvensuunnanhistoriayhdistys.fi\/rukajarvikeskus\/wp-content\/uploads\/2017\/07\/TVL90331-2.jpg\"><img loading=\"lazy\" decoding=\"async\" class=\"size-full wp-image-3038\" src=\"http:\/\/www.rukajarvensuunnanhistoriayhdistys.fi\/rukajarvikeskus\/wp-content\/uploads\/2017\/07\/TVL90331-2.jpg\" alt=\"\" width=\"3840\" height=\"2560\"><\/a><figcaption id=\"caption-attachment-3038\" class=\"wp-caption-text\">\u00c4n\u00e4k\u00e4inen, taisteluhautaa. Kuva Tenho Liimatta.<\/figcaption><\/figure>\n<figure id=\"attachment_3840\" aria-describedby=\"caption-attachment-3840\" style=\"width: 3056px\" class=\"wp-caption alignnone\"><a href=\"http:\/\/www.rukajarvensuunnanhistoriayhdistys.fi\/rukajarvikeskus\/wp-content\/uploads\/2018\/09\/DSC06417.jpg\"><img loading=\"lazy\" decoding=\"async\" class=\"size-full wp-image-3840\" src=\"http:\/\/www.rukajarvensuunnanhistoriayhdistys.fi\/rukajarvikeskus\/wp-content\/uploads\/2018\/09\/DSC06417.jpg\" alt=\"\" width=\"3056\" height=\"4592\"><\/a><figcaption id=\"caption-attachment-3840\" class=\"wp-caption-text\">Jongunjoen kyl\u00e4yhdistys on tehnyt Vornasenvaaran luolan ymp\u00e4rist\u00f6n siivousty\u00f6t\u00e4, mik\u00e4 teht\u00e4v\u00e4 on pian valmistumassa.<\/figcaption><\/figure>\n<figure id=\"attachment_3839\" aria-describedby=\"caption-attachment-3839\" style=\"width: 4592px\" class=\"wp-caption alignnone\"><a href=\"http:\/\/www.rukajarvensuunnanhistoriayhdistys.fi\/rukajarvikeskus\/wp-content\/uploads\/2018\/09\/DSC06408.jpg\"><img loading=\"lazy\" decoding=\"async\" class=\"size-full wp-image-3839\" src=\"http:\/\/www.rukajarvensuunnanhistoriayhdistys.fi\/rukajarvikeskus\/wp-content\/uploads\/2018\/09\/DSC06408.jpg\" alt=\"\" width=\"4592\" height=\"3056\"><\/a><figcaption id=\"caption-attachment-3839\" class=\"wp-caption-text\">Jongunjoen kyl\u00e4yhdistys halusi siivota my\u00f6s Vornasenvaaran luolan ymp\u00e4rist\u00f6n, josta teht\u00e4v\u00e4st\u00e4 he olivat sopineet Senaatti-kiinteist\u00f6jen kanssa.<\/figcaption><\/figure>\n<p>Kyl\u00e4yhdistys on jatkanut my\u00f6s \u00c4n\u00e4k\u00e4isen Vornasenvaaran luolan l\u00e4hialueen siivousta. Ty\u00f6 valmistunee piakkoin.<\/p>\n<figure id=\"attachment_2432\" aria-describedby=\"caption-attachment-2432\" style=\"width: 4608px\" class=\"wp-caption alignnone\"><a href=\"http:\/\/www.rukajarvensuunnanhistoriayhdistys.fi\/rukajarvikeskus\/wp-content\/uploads\/2016\/09\/YUNC0004.jpg\"><img loading=\"lazy\" decoding=\"async\" class=\"size-full wp-image-2432\" src=\"http:\/\/www.rukajarvensuunnanhistoriayhdistys.fi\/rukajarvikeskus\/wp-content\/uploads\/2016\/09\/YUNC0004.jpg\" alt=\"\" width=\"4608\" height=\"3456\"><\/a><figcaption id=\"caption-attachment-2432\" class=\"wp-caption-text\">Jukolan motti -pirtti on suosittu Rukaj\u00e4rven tien kohde<\/figcaption><\/figure>\n<p>Jukolan Motti -pirtin puuvaraston hupeneminen on merkki paikan tarpeellisuudesta ja merkki my\u00f6s huomattavasta k\u00e4yt\u00f6st\u00e4. Pian talkooporukan on aloitettava pilketalkoot, jotta tulevana talvena ja kes\u00e4n\u00e4 puita riitt\u00e4isi kaikille tarvitsijoille. Motti -pirtin k\u00e4ytt\u00e4j\u00e4t ovat hyvin k\u00e4ytt\u00e4ytyvi\u00e4 kansalaisia. Paikalla ei ole esiintynyt mit\u00e4\u00e4n vahingontekoa.<\/p>\n","protected":false},"excerpt":{"rendered":"<p>T\u00e4n\u00e4\u00e4n tulee kuluneeksi 74 vuotta Jatkosodan aselevon tulosta. T\u00e4t\u00e4 juhlimme Lieksassa 4.-7.9.2014 juhlassa, mist\u00e4 l\u00f6ytyy lis\u00e4tietoa T\u00c4\u00c4LT\u00c4: &nbsp;Kaakkois-Suomen Viestikillan puheenjohtaja Tapio Teittisen ja Martti Susitaipaleen kokoama &#8221;Viestitoimintaa Rukaj\u00e4rvell\u00e4&#8221; n\u00e4yttely siirtyy <a class=\"more-link\" href=\"https:\/\/www.rukajarvensuunnanhistoriayhdistys.fi\/rukajarvikeskus\/ajankohtaista\/rukajarven-tien-kuulumisia\/\">Lue lis\u00e4\u00e4&#8230;<span class=\"screen-reader-text\">Rukaj\u00e4rven tien kuulumisia<\/span><span class=\"meta-nav\">\u2192<\/span><\/a><\/p>\n","protected":false},"author":4,"featured_media":0,"comment_status":"closed","ping_status":"open","sticky":false,"template":"","format":"standard","meta":{"ngg_post_thumbnail":0,"_jetpack_newsletter_access":"","_jetpack_dont_email_post_to_subs":false,"_jetpack_newsletter_tier_id":0,"_jetpack_memberships_contains_paywalled_content":false,"_jetpack_memberships_contains_paid_content":false,"footnotes":""},"categories":[26,32],"tags":[],"class_list":["post-3836","post","type-post","status-publish","format-standard","hentry","category-ajankohtaista","category-historiayhdistys"],"jetpack_featured_media_url":"","jetpack_sharing_enabled":true,"jetpack_shortlink":"https:\/\/wp.me\/p72N2f-ZS","_links":{"self":[{"href":"https:\/\/www.rukajarvensuunnanhistoriayhdistys.fi\/rukajarvikeskus\/wp-json\/wp\/v2\/posts\/3836","targetHints":{"allow":["GET"]}}],"collection":[{"href":"https:\/\/www.rukajarvensuunnanhistoriayhdistys.fi\/rukajarvikeskus\/wp-json\/wp\/v2\/posts"}],"about":[{"href":"https:\/\/www.rukajarvensuunnanhistoriayhdistys.fi\/rukajarvikeskus\/wp-json\/wp\/v2\/types\/post"}],"author":[{"embeddable":true,"href":"https:\/\/www.rukajarvensuunnanhistoriayhdistys.fi\/rukajarvikeskus\/wp-json\/wp\/v2\/users\/4"}],"replies":[{"embeddable":true,"href":"https:\/\/www.rukajarvensuunnanhistoriayhdistys.fi\/rukajarvikeskus\/wp-json\/wp\/v2\/comments?post=3836"}],"version-history":[{"count":3,"href":"https:\/\/www.rukajarvensuunnanhistoriayhdistys.fi\/rukajarvikeskus\/wp-json\/wp\/v2\/posts\/3836\/revisions"}],"predecessor-version":[{"id":3845,"href":"https:\/\/www.rukajarvensuunnanhistoriayhdistys.fi\/rukajarvikeskus\/wp-json\/wp\/v2\/posts\/3836\/revisions\/3845"}],"wp:attachment":[{"href":"https:\/\/www.rukajarvensuunnanhistoriayhdistys.fi\/rukajarvikeskus\/wp-json\/wp\/v2\/media?parent=3836"}],"wp:term":[{"taxonomy":"category","embeddable":true,"href":"https:\/\/www.rukajarvensuunnanhistoriayhdistys.fi\/rukajarvikeskus\/wp-json\/wp\/v2\/categories?post=3836"},{"taxonomy":"post_tag","embeddable":true,"href":"https:\/\/www.rukajarvensuunnanhistoriayhdistys.fi\/rukajarvikeskus\/wp-json\/wp\/v2\/tags?post=3836"}],"curies":[{"name":"wp","href":"https:\/\/api.w.org\/{rel}","templated":true}]}}