{"id":3849,"date":"2018-09-11T12:21:37","date_gmt":"2018-09-11T09:21:37","guid":{"rendered":"http:\/\/www.rukajarvensuunnanhistoriayhdistys.fi\/rukajarvikeskus\/?p=3849"},"modified":"2018-09-11T12:21:37","modified_gmt":"2018-09-11T09:21:37","slug":"matka-rukajarven-tien-kohteisiin-loppuun-myyty-radio-sandels-harkitsee-lisaauton-varaamista","status":"publish","type":"post","link":"https:\/\/www.rukajarvensuunnanhistoriayhdistys.fi\/rukajarvikeskus\/tapahtumat\/matka-rukajarven-tien-kohteisiin-loppuun-myyty-radio-sandels-harkitsee-lisaauton-varaamista\/","title":{"rendered":"Matka Rukaj\u00e4rven tien kohteisiin loppuun myyty &#8211;  Radio Sandels harkitsee lis\u00e4auton varaamista!"},"content":{"rendered":"<div class=\"fcbkbttn_buttons_block\" id=\"fcbkbttn_left\"><div class=\"fcbkbttn_like \"><fb:like href=\"https:\/\/www.rukajarvensuunnanhistoriayhdistys.fi\/rukajarvikeskus\/tapahtumat\/matka-rukajarven-tien-kohteisiin-loppuun-myyty-radio-sandels-harkitsee-lisaauton-varaamista\/\" action=\"like\" colorscheme=\"light\" layout=\"button_count\"  size=\"small\"><\/fb:like><\/div><\/div><p>Kiitos ilmoittautuneille. Tutustumismatka Rukaj\u00e4rven tien sotahistoriakohteisiin 23.9.2018 on loppuun myyty. Olimme varanneet matkaa varten 63 hengen bussin.<\/p>\n<p>Matkalle on t\u00e4h\u00e4n menness\u00e4 ilmoittautunut kaikkiaan 60, joista naisia on&nbsp; 17. Seppo R\u00e4ih\u00e4ll\u00e4 on este, joten h\u00e4nen tilallaan oppaana toimii Matti Tikka Iisalmesta. Tenho Tikkanen on toinen matkan oppaista. Lieksassa Rukaj\u00e4rvi-keskuksessa toimii ammattiopas Lieksan Matkailuoppaitten Ritva Malinen ja lis\u00e4ksi opastuksesta huolehtii my\u00f6s puheenjohtaja Tenho Tikkanen.<\/p>\n<p>Radio Sandels p\u00e4\u00e4tt\u00e4\u00e4 viel\u00e4 t\u00e4m\u00e4n p\u00e4iv\u00e4n aikana varataanko matkaa varten toinen bussi, jolloin mukaan mahtuisivat kaikki halukkaat. Radion p\u00e4\u00e4t\u00f6ksest\u00e4 ilmoitamme v\u00e4litt\u00f6m\u00e4sti.<\/p>\n<p>Matkaohjelma oheisena:<\/p>\n<figure id=\"attachment_3834\" aria-describedby=\"caption-attachment-3834\" style=\"width: 4592px\" class=\"wp-caption alignnone\"><a href=\"http:\/\/www.rukajarvensuunnanhistoriayhdistys.fi\/rukajarvikeskus\/wp-content\/uploads\/2018\/08\/Lieksan-kuuntelijamatka-sotahistoriakohteisiin-23-9-2018-osoitteet-1.jpg\"><img loading=\"lazy\" decoding=\"async\" class=\"size-full wp-image-3834\" src=\"http:\/\/www.rukajarvensuunnanhistoriayhdistys.fi\/rukajarvikeskus\/wp-content\/uploads\/2018\/08\/Lieksan-kuuntelijamatka-sotahistoriakohteisiin-23-9-2018-osoitteet-1.jpg\" alt=\"\" width=\"4592\" height=\"3056\"><\/a><figcaption id=\"caption-attachment-3834\" class=\"wp-caption-text\">SONY DSC<\/figcaption><\/figure>\n<p>Tarjolla on nyt lisukkeena yll\u00e4tyksen\u00e4 lis\u00e4ohjelmaa, josta p\u00e4\u00e4t\u00e4mme matkan aikana yhdess\u00e4.<\/p>\n","protected":false},"excerpt":{"rendered":"<p>Kiitos ilmoittautuneille. Tutustumismatka Rukaj\u00e4rven tien sotahistoriakohteisiin 23.9.2018 on loppuun myyty. Olimme varanneet matkaa varten 63 hengen bussin. Matkalle on t\u00e4h\u00e4n menness\u00e4 ilmoittautunut kaikkiaan 60, joista naisia on&nbsp; 17. Seppo R\u00e4ih\u00e4ll\u00e4 <a class=\"more-link\" href=\"https:\/\/www.rukajarvensuunnanhistoriayhdistys.fi\/rukajarvikeskus\/tapahtumat\/matka-rukajarven-tien-kohteisiin-loppuun-myyty-radio-sandels-harkitsee-lisaauton-varaamista\/\">Lue lis\u00e4\u00e4&#8230;<span class=\"screen-reader-text\">Matka Rukaj\u00e4rven tien kohteisiin loppuun myyty &#8211;  Radio Sandels harkitsee lis\u00e4auton varaamista!<\/span><span class=\"meta-nav\">\u2192<\/span><\/a><\/p>\n","protected":false},"author":4,"featured_media":0,"comment_status":"closed","ping_status":"open","sticky":false,"template":"","format":"standard","meta":{"ngg_post_thumbnail":0,"_jetpack_newsletter_access":"","_jetpack_dont_email_post_to_subs":false,"_jetpack_newsletter_tier_id":0,"_jetpack_memberships_contains_paywalled_content":false,"_jetpack_memberships_contains_paid_content":false,"footnotes":""},"categories":[26,32,15],"tags":[],"class_list":["post-3849","post","type-post","status-publish","format-standard","hentry","category-ajankohtaista","category-historiayhdistys","category-tapahtumat"],"jetpack_featured_media_url":"","jetpack_sharing_enabled":true,"jetpack_shortlink":"https:\/\/wp.me\/p72N2f-105","_links":{"self":[{"href":"https:\/\/www.rukajarvensuunnanhistoriayhdistys.fi\/rukajarvikeskus\/wp-json\/wp\/v2\/posts\/3849","targetHints":{"allow":["GET"]}}],"collection":[{"href":"https:\/\/www.rukajarvensuunnanhistoriayhdistys.fi\/rukajarvikeskus\/wp-json\/wp\/v2\/posts"}],"about":[{"href":"https:\/\/www.rukajarvensuunnanhistoriayhdistys.fi\/rukajarvikeskus\/wp-json\/wp\/v2\/types\/post"}],"author":[{"embeddable":true,"href":"https:\/\/www.rukajarvensuunnanhistoriayhdistys.fi\/rukajarvikeskus\/wp-json\/wp\/v2\/users\/4"}],"replies":[{"embeddable":true,"href":"https:\/\/www.rukajarvensuunnanhistoriayhdistys.fi\/rukajarvikeskus\/wp-json\/wp\/v2\/comments?post=3849"}],"version-history":[{"count":1,"href":"https:\/\/www.rukajarvensuunnanhistoriayhdistys.fi\/rukajarvikeskus\/wp-json\/wp\/v2\/posts\/3849\/revisions"}],"predecessor-version":[{"id":3850,"href":"https:\/\/www.rukajarvensuunnanhistoriayhdistys.fi\/rukajarvikeskus\/wp-json\/wp\/v2\/posts\/3849\/revisions\/3850"}],"wp:attachment":[{"href":"https:\/\/www.rukajarvensuunnanhistoriayhdistys.fi\/rukajarvikeskus\/wp-json\/wp\/v2\/media?parent=3849"}],"wp:term":[{"taxonomy":"category","embeddable":true,"href":"https:\/\/www.rukajarvensuunnanhistoriayhdistys.fi\/rukajarvikeskus\/wp-json\/wp\/v2\/categories?post=3849"},{"taxonomy":"post_tag","embeddable":true,"href":"https:\/\/www.rukajarvensuunnanhistoriayhdistys.fi\/rukajarvikeskus\/wp-json\/wp\/v2\/tags?post=3849"}],"curies":[{"name":"wp","href":"https:\/\/api.w.org\/{rel}","templated":true}]}}