{"id":3854,"date":"2018-09-11T13:39:35","date_gmt":"2018-09-11T10:39:35","guid":{"rendered":"http:\/\/www.rukajarvensuunnanhistoriayhdistys.fi\/rukajarvikeskus\/?p=3854"},"modified":"2018-09-12T08:39:46","modified_gmt":"2018-09-12T05:39:46","slug":"vuorossa-sotahistorian-helmi-rukajarven-tie-23-9-2018-lisapaikkoja-sittenkin-tarjolla-2","status":"publish","type":"post","link":"https:\/\/www.rukajarvensuunnanhistoriayhdistys.fi\/rukajarvikeskus\/tapahtumat\/vuorossa-sotahistorian-helmi-rukajarven-tie-23-9-2018-lisapaikkoja-sittenkin-tarjolla-2\/","title":{"rendered":"Vuorossa Sotahistorian helmi &#8211; Rukaj\u00e4rven tie 23.9.2018 &#8211; lis\u00e4paikkoja sittenkin tarjolla!"},"content":{"rendered":"<div class=\"fcbkbttn_buttons_block\" id=\"fcbkbttn_left\"><div class=\"fcbkbttn_like \"><fb:like href=\"https:\/\/www.rukajarvensuunnanhistoriayhdistys.fi\/rukajarvikeskus\/tapahtumat\/vuorossa-sotahistorian-helmi-rukajarven-tie-23-9-2018-lisapaikkoja-sittenkin-tarjolla-2\/\" action=\"like\" colorscheme=\"light\" layout=\"button_count\"  size=\"small\"><\/fb:like><\/div><\/div><p>Rukaj\u00e4rven tien matkaan kohdistuneen suuren suosion vuoksi Radio Sandels on varannut matkaa varten toisen linja-auton. Nyt tarjolla on 36 lis\u00e4paikkaa. Silti kannattaa ilmoittautua ripe\u00e4sti. Matkalle p\u00e4\u00e4sy varmistuu ilmoittautumisj\u00e4rjestyksess\u00e4.<\/p>\n<p><a href=\"http:\/\/www.rukajarvensuunnanhistoriayhdistys.fi\/rukajarvikeskus\/wp-content\/uploads\/2018\/09\/Lieksan-kuuntelijamatka-sotahistoriakohteisiin-23-9-2018-osoitteet-3-1.jpg\"><img loading=\"lazy\" decoding=\"async\" class=\"alignnone size-full wp-image-3855\" src=\"http:\/\/www.rukajarvensuunnanhistoriayhdistys.fi\/rukajarvikeskus\/wp-content\/uploads\/2018\/09\/Lieksan-kuuntelijamatka-sotahistoriakohteisiin-23-9-2018-osoitteet-3-1.jpg\" alt=\"\" width=\"4592\" height=\"3056\"><\/a><\/p>\n<p>Lieksassa ruokailemme sotahistoriaan sopivan perinteen mukaisesti Rukaj\u00e4rvi-menun merkeiss\u00e4.<\/p>\n<p>Tervetuoa &#8211; Kiitos Radio Sandelssille lis\u00e4paikoista !<\/p>\n<p>Tarjolla on yll\u00e4tyksen\u00e4 lis\u00e4ohjelmaa, josta tosin p\u00e4\u00e4t\u00e4mme matkan aikana yhdess\u00e4.<\/p>\n<p>(pankkiyhteys:&nbsp; FI68 4600 0010 7703 74,&nbsp; \u2013 Radio Sandels, viesti Rukaj\u00e4rven tie)<\/p>\n","protected":false},"excerpt":{"rendered":"<p>Rukaj\u00e4rven tien matkaan kohdistuneen suuren suosion vuoksi Radio Sandels on varannut matkaa varten toisen linja-auton. Nyt tarjolla on 36 lis\u00e4paikkaa. Silti kannattaa ilmoittautua ripe\u00e4sti. Matkalle p\u00e4\u00e4sy varmistuu ilmoittautumisj\u00e4rjestyksess\u00e4. Lieksassa ruokailemme <a class=\"more-link\" href=\"https:\/\/www.rukajarvensuunnanhistoriayhdistys.fi\/rukajarvikeskus\/tapahtumat\/vuorossa-sotahistorian-helmi-rukajarven-tie-23-9-2018-lisapaikkoja-sittenkin-tarjolla-2\/\">Lue lis\u00e4\u00e4&#8230;<span class=\"screen-reader-text\">Vuorossa Sotahistorian helmi &#8211; Rukaj\u00e4rven tie 23.9.2018 &#8211; lis\u00e4paikkoja sittenkin tarjolla!<\/span><span class=\"meta-nav\">\u2192<\/span><\/a><\/p>\n","protected":false},"author":4,"featured_media":0,"comment_status":"closed","ping_status":"open","sticky":false,"template":"","format":"standard","meta":{"ngg_post_thumbnail":0,"_jetpack_newsletter_access":"","_jetpack_dont_email_post_to_subs":false,"_jetpack_newsletter_tier_id":0,"_jetpack_memberships_contains_paywalled_content":false,"_jetpack_memberships_contains_paid_content":false,"footnotes":""},"categories":[26,32,15],"tags":[],"class_list":["post-3854","post","type-post","status-publish","format-standard","hentry","category-ajankohtaista","category-historiayhdistys","category-tapahtumat"],"jetpack_featured_media_url":"","jetpack_sharing_enabled":true,"jetpack_shortlink":"https:\/\/wp.me\/p72N2f-10a","_links":{"self":[{"href":"https:\/\/www.rukajarvensuunnanhistoriayhdistys.fi\/rukajarvikeskus\/wp-json\/wp\/v2\/posts\/3854","targetHints":{"allow":["GET"]}}],"collection":[{"href":"https:\/\/www.rukajarvensuunnanhistoriayhdistys.fi\/rukajarvikeskus\/wp-json\/wp\/v2\/posts"}],"about":[{"href":"https:\/\/www.rukajarvensuunnanhistoriayhdistys.fi\/rukajarvikeskus\/wp-json\/wp\/v2\/types\/post"}],"author":[{"embeddable":true,"href":"https:\/\/www.rukajarvensuunnanhistoriayhdistys.fi\/rukajarvikeskus\/wp-json\/wp\/v2\/users\/4"}],"replies":[{"embeddable":true,"href":"https:\/\/www.rukajarvensuunnanhistoriayhdistys.fi\/rukajarvikeskus\/wp-json\/wp\/v2\/comments?post=3854"}],"version-history":[{"count":3,"href":"https:\/\/www.rukajarvensuunnanhistoriayhdistys.fi\/rukajarvikeskus\/wp-json\/wp\/v2\/posts\/3854\/revisions"}],"predecessor-version":[{"id":3858,"href":"https:\/\/www.rukajarvensuunnanhistoriayhdistys.fi\/rukajarvikeskus\/wp-json\/wp\/v2\/posts\/3854\/revisions\/3858"}],"wp:attachment":[{"href":"https:\/\/www.rukajarvensuunnanhistoriayhdistys.fi\/rukajarvikeskus\/wp-json\/wp\/v2\/media?parent=3854"}],"wp:term":[{"taxonomy":"category","embeddable":true,"href":"https:\/\/www.rukajarvensuunnanhistoriayhdistys.fi\/rukajarvikeskus\/wp-json\/wp\/v2\/categories?post=3854"},{"taxonomy":"post_tag","embeddable":true,"href":"https:\/\/www.rukajarvensuunnanhistoriayhdistys.fi\/rukajarvikeskus\/wp-json\/wp\/v2\/tags?post=3854"}],"curies":[{"name":"wp","href":"https:\/\/api.w.org\/{rel}","templated":true}]}}