{"id":3867,"date":"2018-09-17T12:48:13","date_gmt":"2018-09-17T09:48:13","guid":{"rendered":"http:\/\/www.rukajarvensuunnanhistoriayhdistys.fi\/rukajarvikeskus\/?p=3867"},"modified":"2018-09-17T12:48:13","modified_gmt":"2018-09-17T09:48:13","slug":"matka-23-9-2018-lieksaan-loppuunmyyty","status":"publish","type":"post","link":"https:\/\/www.rukajarvensuunnanhistoriayhdistys.fi\/rukajarvikeskus\/ajankohtaista\/matka-23-9-2018-lieksaan-loppuunmyyty\/","title":{"rendered":"Matka 23.9.2018 Lieksaan loppuunmyyty"},"content":{"rendered":"<div class=\"fcbkbttn_buttons_block\" id=\"fcbkbttn_left\"><div class=\"fcbkbttn_like \"><fb:like href=\"https:\/\/www.rukajarvensuunnanhistoriayhdistys.fi\/rukajarvikeskus\/ajankohtaista\/matka-23-9-2018-lieksaan-loppuunmyyty\/\" action=\"like\" colorscheme=\"light\" layout=\"button_count\"  size=\"small\"><\/fb:like><\/div><\/div><p><strong>Rukaj\u00e4rven tielle l\u00e4hdet\u00e4\u00e4n 23.9.2018<\/strong><\/p>\n<p><strong>Nyt matka on loppuun myyty. <\/strong><\/p>\n<p><strong>Matkalle ilmoittautui kaikkiaan 112 l\u00e4htij\u00e4\u00e4.<\/strong><\/p>\n<p><strong>Kiitos mielenkiinnosta.<\/strong><\/p>\n<p><a href=\"http:\/\/www.rukajarvensuunnanhistoriayhdistys.fi\/rukajarvikeskus\/wp-content\/uploads\/2018\/09\/Lieksan-kuuntelijamatka-sotahistoriakohteisiin-23-9-2018-osoitteet-3-1.jpg\"><img loading=\"lazy\" decoding=\"async\" class=\"alignnone size-full wp-image-3855\" src=\"http:\/\/www.rukajarvensuunnanhistoriayhdistys.fi\/rukajarvikeskus\/wp-content\/uploads\/2018\/09\/Lieksan-kuuntelijamatka-sotahistoriakohteisiin-23-9-2018-osoitteet-3-1.jpg\" alt=\"\" width=\"4592\" height=\"3056\"><\/a><\/p>\n<figure id=\"attachment_3261\" aria-describedby=\"caption-attachment-3261\" style=\"width: 2048px\" class=\"wp-caption alignnone\"><a href=\"http:\/\/www.rukajarvensuunnanhistoriayhdistys.fi\/rukajarvikeskus\/wp-content\/uploads\/2017\/08\/\u00c4n\u00e4k\u00e4inen-taulut-2017.jpg\"><img loading=\"lazy\" decoding=\"async\" class=\"size-full wp-image-3261\" src=\"http:\/\/www.rukajarvensuunnanhistoriayhdistys.fi\/rukajarvikeskus\/wp-content\/uploads\/2017\/08\/\u00c4n\u00e4k\u00e4inen-taulut-2017.jpg\" alt=\"\" width=\"2048\" height=\"1536\" srcset=\"https:\/\/www.rukajarvensuunnanhistoriayhdistys.fi\/rukajarvikeskus\/wp-content\/uploads\/2017\/08\/\u00c4n\u00e4k\u00e4inen-taulut-2017.jpg 2048w, https:\/\/www.rukajarvensuunnanhistoriayhdistys.fi\/rukajarvikeskus\/wp-content\/uploads\/2017\/08\/\u00c4n\u00e4k\u00e4inen-taulut-2017-300x225.jpg 300w, https:\/\/www.rukajarvensuunnanhistoriayhdistys.fi\/rukajarvikeskus\/wp-content\/uploads\/2017\/08\/\u00c4n\u00e4k\u00e4inen-taulut-2017-768x576.jpg 768w, https:\/\/www.rukajarvensuunnanhistoriayhdistys.fi\/rukajarvikeskus\/wp-content\/uploads\/2017\/08\/\u00c4n\u00e4k\u00e4inen-taulut-2017-1024x768.jpg 1024w\" sizes=\"auto, (max-width: 2048px) 100vw, 2048px\" \/><\/a><figcaption id=\"caption-attachment-3261\" class=\"wp-caption-text\">Tenho Liimatta asensi \u00c4n\u00e4k\u00e4isen kohteen taulut. Vasemmalla on lueteltu talkoomiesten nimet (54).<\/figcaption><\/figure>\n<figure id=\"attachment_3035\" aria-describedby=\"caption-attachment-3035\" style=\"width: 3840px\" class=\"wp-caption alignnone\"><a href=\"http:\/\/www.rukajarvensuunnanhistoriayhdistys.fi\/rukajarvikeskus\/wp-content\/uploads\/2017\/07\/TVL90350-2.jpg\"><img loading=\"lazy\" decoding=\"async\" class=\"size-full wp-image-3035\" src=\"http:\/\/www.rukajarvensuunnanhistoriayhdistys.fi\/rukajarvikeskus\/wp-content\/uploads\/2017\/07\/TVL90350-2.jpg\" alt=\"\" width=\"3840\" height=\"2560\"><\/a><figcaption id=\"caption-attachment-3035\" class=\"wp-caption-text\">\u00c4n\u00e4k\u00e4isen taisteluhauta, betonielementeist\u00e4, kelopuuj\u00e4ljitelm\u00e4\u00e4. Kuva Tenho Liimatta.<\/figcaption><\/figure>\n<figure id=\"attachment_2432\" aria-describedby=\"caption-attachment-2432\" style=\"width: 4608px\" class=\"wp-caption alignnone\"><a href=\"http:\/\/www.rukajarvensuunnanhistoriayhdistys.fi\/rukajarvikeskus\/wp-content\/uploads\/2016\/09\/YUNC0004.jpg\"><img loading=\"lazy\" decoding=\"async\" class=\"size-full wp-image-2432\" src=\"http:\/\/www.rukajarvensuunnanhistoriayhdistys.fi\/rukajarvikeskus\/wp-content\/uploads\/2016\/09\/YUNC0004.jpg\" alt=\"\" width=\"4608\" height=\"3456\"><\/a><figcaption id=\"caption-attachment-2432\" class=\"wp-caption-text\">Jukolan motti -pirtti on suosittu Rukaj\u00e4rven tien kohde mihin my\u00f6s tutustumme matkalla.<\/figcaption><\/figure>\n<figure id=\"attachment_232\" aria-describedby=\"caption-attachment-232\" style=\"width: 1695px\" class=\"wp-caption alignnone\"><a href=\"http:\/\/www.rukajarvensuunnanhistoriayhdistys.fi\/rukajarvikeskus\/wp-content\/uploads\/2013\/06\/Jukolan_motti_taulu.jpg\"><img loading=\"lazy\" decoding=\"async\" class=\"size-full wp-image-232\" src=\"http:\/\/www.rukajarvensuunnanhistoriayhdistys.fi\/rukajarvikeskus\/wp-content\/uploads\/2013\/06\/Jukolan_motti_taulu.jpg\" alt=\"\" width=\"1695\" height=\"1184\" srcset=\"https:\/\/www.rukajarvensuunnanhistoriayhdistys.fi\/rukajarvikeskus\/wp-content\/uploads\/2013\/06\/Jukolan_motti_taulu.jpg 1695w, https:\/\/www.rukajarvensuunnanhistoriayhdistys.fi\/rukajarvikeskus\/wp-content\/uploads\/2013\/06\/Jukolan_motti_taulu-300x209.jpg 300w, https:\/\/www.rukajarvensuunnanhistoriayhdistys.fi\/rukajarvikeskus\/wp-content\/uploads\/2013\/06\/Jukolan_motti_taulu-1024x715.jpg 1024w\" sizes=\"auto, (max-width: 1695px) 100vw, 1695px\" \/><\/a><figcaption id=\"caption-attachment-232\" class=\"wp-caption-text\">Jukolan motin opasteessa on taiteilija Paavo Martikaisen 1994 maalaus. T\u00e4\u00e4ll\u00e4 toimi Jatkosodan aikana huolto- ja koulutuskeskus. T\u00e4ydennyspataljoona 12 koulutti t\u00e4ydennysjoukkoja Rukaj\u00e4rven rintamalle. \/RSHYry.<\/figcaption><\/figure>\n<p><strong>Edess\u00e4 monta mielenkiintoista kohdetta.<\/strong><\/p>\n<p><strong>Terveisin<\/strong><\/p>\n<p><strong>Reijo Glad, Susanna Sajankoski, Matti Tikka ja Tenho Tikkanen<\/strong><\/p>\n","protected":false},"excerpt":{"rendered":"<p>Rukaj\u00e4rven tielle l\u00e4hdet\u00e4\u00e4n 23.9.2018 Nyt matka on loppuun myyty. Matkalle ilmoittautui kaikkiaan 112 l\u00e4htij\u00e4\u00e4. Kiitos mielenkiinnosta. Edess\u00e4 monta mielenkiintoista kohdetta. Terveisin Reijo Glad, Susanna Sajankoski, Matti Tikka ja Tenho Tikkanen<\/p>\n","protected":false},"author":4,"featured_media":0,"comment_status":"closed","ping_status":"open","sticky":false,"template":"","format":"standard","meta":{"ngg_post_thumbnail":0,"_jetpack_newsletter_access":"","_jetpack_dont_email_post_to_subs":false,"_jetpack_newsletter_tier_id":0,"_jetpack_memberships_contains_paywalled_content":false,"_jetpack_memberships_contains_paid_content":false,"footnotes":""},"categories":[26,32],"tags":[],"class_list":["post-3867","post","type-post","status-publish","format-standard","hentry","category-ajankohtaista","category-historiayhdistys"],"jetpack_featured_media_url":"","jetpack_sharing_enabled":true,"jetpack_shortlink":"https:\/\/wp.me\/p72N2f-10n","_links":{"self":[{"href":"https:\/\/www.rukajarvensuunnanhistoriayhdistys.fi\/rukajarvikeskus\/wp-json\/wp\/v2\/posts\/3867","targetHints":{"allow":["GET"]}}],"collection":[{"href":"https:\/\/www.rukajarvensuunnanhistoriayhdistys.fi\/rukajarvikeskus\/wp-json\/wp\/v2\/posts"}],"about":[{"href":"https:\/\/www.rukajarvensuunnanhistoriayhdistys.fi\/rukajarvikeskus\/wp-json\/wp\/v2\/types\/post"}],"author":[{"embeddable":true,"href":"https:\/\/www.rukajarvensuunnanhistoriayhdistys.fi\/rukajarvikeskus\/wp-json\/wp\/v2\/users\/4"}],"replies":[{"embeddable":true,"href":"https:\/\/www.rukajarvensuunnanhistoriayhdistys.fi\/rukajarvikeskus\/wp-json\/wp\/v2\/comments?post=3867"}],"version-history":[{"count":1,"href":"https:\/\/www.rukajarvensuunnanhistoriayhdistys.fi\/rukajarvikeskus\/wp-json\/wp\/v2\/posts\/3867\/revisions"}],"predecessor-version":[{"id":3868,"href":"https:\/\/www.rukajarvensuunnanhistoriayhdistys.fi\/rukajarvikeskus\/wp-json\/wp\/v2\/posts\/3867\/revisions\/3868"}],"wp:attachment":[{"href":"https:\/\/www.rukajarvensuunnanhistoriayhdistys.fi\/rukajarvikeskus\/wp-json\/wp\/v2\/media?parent=3867"}],"wp:term":[{"taxonomy":"category","embeddable":true,"href":"https:\/\/www.rukajarvensuunnanhistoriayhdistys.fi\/rukajarvikeskus\/wp-json\/wp\/v2\/categories?post=3867"},{"taxonomy":"post_tag","embeddable":true,"href":"https:\/\/www.rukajarvensuunnanhistoriayhdistys.fi\/rukajarvikeskus\/wp-json\/wp\/v2\/tags?post=3867"}],"curies":[{"name":"wp","href":"https:\/\/api.w.org\/{rel}","templated":true}]}}