{"id":3913,"date":"2018-11-21T23:58:24","date_gmt":"2018-11-21T20:58:24","guid":{"rendered":"http:\/\/www.rukajarvensuunnanhistoriayhdistys.fi\/rukajarvikeskus\/?p=3913"},"modified":"2018-11-21T23:59:00","modified_gmt":"2018-11-21T20:59:00","slug":"onnittelemme-yhdistyksemme-jasenia","status":"publish","type":"post","link":"https:\/\/www.rukajarvensuunnanhistoriayhdistys.fi\/rukajarvikeskus\/tapahtumat\/onnittelemme-yhdistyksemme-jasenia\/","title":{"rendered":"Onnittelemme yhdistyksemme j\u00e4seni\u00e4 &#8211; Matti K\u00e4rkk\u00e4inen ja Paavo Salmensuu"},"content":{"rendered":"<div class=\"fcbkbttn_buttons_block\" id=\"fcbkbttn_left\"><div class=\"fcbkbttn_like \"><fb:like href=\"https:\/\/www.rukajarvensuunnanhistoriayhdistys.fi\/rukajarvikeskus\/tapahtumat\/onnittelemme-yhdistyksemme-jasenia\/\" action=\"like\" colorscheme=\"light\" layout=\"button_count\"  size=\"small\"><\/fb:like><\/div><\/div><p>Yhdistyksemme edustajat onnittelivat Rukaj\u00e4rven veteraani <strong>Matti K\u00e4rkk\u00e4ist\u00e4<\/strong> (15.11.1916), joka t\u00e4ytti jo per\u00e4ti 102 vuotta. Matti viett\u00e4\u00e4 ansaittuja el\u00e4kep\u00e4ivi\u00e4\u00e4n Iisalmen Vetre\u00e4 terveys-hoitokodissa. Onnitteluja olivat viem\u00e4ss\u00e4 Matin ik\u00e4kaveri yhdistyksemme veteraanij\u00e4sen Tauno Tikkanen (s. 10.3.1916), yhdistyksen hallituksen puheenjohtajisto Seppo R\u00e4ih\u00e4 ja Tenho Tikkanen.<\/p>\n<figure id=\"attachment_3914\" aria-describedby=\"caption-attachment-3914\" style=\"width: 3072px\" class=\"wp-caption alignnone\"><a href=\"http:\/\/www.rukajarvensuunnanhistoriayhdistys.fi\/rukajarvikeskus\/wp-content\/uploads\/2018\/11\/WP_20181110_10_53_07_Pro.jpg\"><img loading=\"lazy\" decoding=\"async\" class=\"size-full wp-image-3914\" src=\"http:\/\/www.rukajarvensuunnanhistoriayhdistys.fi\/rukajarvikeskus\/wp-content\/uploads\/2018\/11\/WP_20181110_10_53_07_Pro.jpg\" alt=\"\" width=\"3072\" height=\"1728\"><\/a><figcaption id=\"caption-attachment-3914\" class=\"wp-caption-text\">Rukaj\u00e4rven suunnan historiayhdistys ry onnittelee veteraani Matti K\u00e4rk\u00e4ist\u00e4, Seppo R\u00e4ih\u00e4 ja veteraani Matti K\u00e4rkk\u00e4inen 102 vuotta.<\/figcaption><\/figure>\n<figure id=\"attachment_2505\" aria-describedby=\"caption-attachment-2505\" style=\"width: 4592px\" class=\"wp-caption alignnone\"><a href=\"http:\/\/www.rukajarvensuunnanhistoriayhdistys.fi\/rukajarvikeskus\/wp-content\/uploads\/2016\/11\/DSC03899-Nuorin-veteraani.jpg\"><img loading=\"lazy\" decoding=\"async\" class=\"size-full wp-image-2505\" src=\"http:\/\/www.rukajarvensuunnanhistoriayhdistys.fi\/rukajarvikeskus\/wp-content\/uploads\/2016\/11\/DSC03899-Nuorin-veteraani.jpg\" alt=\"\" width=\"4592\" height=\"3056\"><\/a><figcaption id=\"caption-attachment-2505\" class=\"wp-caption-text\">Matti K\u00e4rkk\u00e4inen satavuotisjuhlassaan nuorin veteraani. Matti K\u00e4rkk\u00e4inen (15.11.1916) vietti 100-vuotisjuhliaan Iisalmen Vetre\u00e4Terveys hoitokodissa. H\u00e4nt\u00e4 olivat onnittelemassa 103-vuotias Mikko Bergman (1.9.1913) ja 100-vuotias Tauno Tikkanen (10.3.1916).<\/figcaption><\/figure>\n<p>Matti K\u00e4rkk\u00e4isen aikaisemmista syntym\u00e4p\u00e4iv\u00e4onnitteluista voi lukea <a href=\"http:\/\/www.rukajarvensuunnanhistoriayhdistys.fi\/historiayhdistys\/matti-karkkainen-satavuotisjuhlassaan-nuorin-veteraani\/\"><strong>T\u00c4\u00c4LT\u00c4<\/strong><\/a>.<\/p>\n<p><strong>Paavo Salmensuu<\/strong>&nbsp;(s.&nbsp;22. marraskuuta&nbsp;1926&nbsp;Joensuu) toimi yhdistyksemme hallituksessa sen perustamisesta 19.9.2009 alkaen aina vuoteen 2014 saakka. H\u00e4n oli Suomen ensimm\u00e4inen&nbsp;televisiometeorologi. H\u00e4n esiintyi vuosina&nbsp;1958-1964&nbsp;S\u00e4\u00e4ruudussa ja h\u00e4nen &#8221;tavaramerkikseen&#8221; muodostui piippu, jolla h\u00e4n esitteli s\u00e4\u00e4havaintojaan. Salmensuu oli aluksi&nbsp;Ilmatieteen laitoksen&nbsp;palveluksessa, mutta siirtyi sitten Puolustusvoimien palvelukseen meteorologiksi, mist\u00e4 toimesta h\u00e4n j\u00e4i el\u00e4kkeelle. H\u00e4n viett\u00e4\u00e4 el\u00e4kep\u00e4ivi\u00e4\u00e4n&nbsp;Joensuussa.&nbsp;<\/p>\n<figure id=\"attachment_2490\" aria-describedby=\"caption-attachment-2490\" style=\"width: 3072px\" class=\"wp-caption alignnone\"><a href=\"http:\/\/www.rukajarvensuunnanhistoriayhdistys.fi\/rukajarvikeskus\/wp-content\/uploads\/2016\/11\/WP_20161112_16_38_35_Pro-Paavo-Salmensuu.jpg\"><img loading=\"lazy\" decoding=\"async\" class=\"size-full wp-image-2490\" src=\"http:\/\/www.rukajarvensuunnanhistoriayhdistys.fi\/rukajarvikeskus\/wp-content\/uploads\/2016\/11\/WP_20161112_16_38_35_Pro-Paavo-Salmensuu.jpg\" alt=\"\" width=\"3072\" height=\"1728\"><\/a><figcaption id=\"caption-attachment-2490\" class=\"wp-caption-text\">Paavo Salmensuu puolisoineen.<\/figcaption><\/figure>\n<p>Esit\u00e4mme veteraanille parhaat syntym\u00e4p\u00e4iv\u00e4onnittelumme. Paavo Salmensuuta koskevia haastatteluja l\u00f6ytyy <a href=\"http:\/\/www.rukajarvensuunnanhistoriayhdistys.fi\/historiayhdistys\/paavo-salmensuu-90-vuotta-22-11-2016\/\"><strong>T\u00c4\u00c4LT\u00c4<\/strong><\/a> ja <strong><a href=\"http:\/\/www.rukajarvensuunnanhistoriayhdistys.fi\/historiayhdistys\/aleksis-kiven-paivan-viesti-veteraani-paavo-salmensuulta\/\">T\u00c4\u00c4LT\u00c4<\/a>.<\/strong><\/p>\n","protected":false},"excerpt":{"rendered":"<p>Yhdistyksemme edustajat onnittelivat Rukaj\u00e4rven veteraani Matti K\u00e4rkk\u00e4ist\u00e4 (15.11.1916), joka t\u00e4ytti jo per\u00e4ti 102 vuotta. Matti viett\u00e4\u00e4 ansaittuja el\u00e4kep\u00e4ivi\u00e4\u00e4n Iisalmen Vetre\u00e4 terveys-hoitokodissa. Onnitteluja olivat viem\u00e4ss\u00e4 Matin ik\u00e4kaveri yhdistyksemme veteraanij\u00e4sen Tauno Tikkanen <a class=\"more-link\" href=\"https:\/\/www.rukajarvensuunnanhistoriayhdistys.fi\/rukajarvikeskus\/tapahtumat\/onnittelemme-yhdistyksemme-jasenia\/\">Lue lis\u00e4\u00e4&#8230;<span class=\"screen-reader-text\">Onnittelemme yhdistyksemme j\u00e4seni\u00e4 &#8211; Matti K\u00e4rkk\u00e4inen ja Paavo Salmensuu<\/span><span class=\"meta-nav\">\u2192<\/span><\/a><\/p>\n","protected":false},"author":4,"featured_media":0,"comment_status":"closed","ping_status":"open","sticky":false,"template":"","format":"standard","meta":{"ngg_post_thumbnail":0,"_jetpack_newsletter_access":"","_jetpack_dont_email_post_to_subs":false,"_jetpack_newsletter_tier_id":0,"_jetpack_memberships_contains_paywalled_content":false,"_jetpack_memberships_contains_paid_content":false,"footnotes":""},"categories":[26,32,15],"tags":[],"class_list":["post-3913","post","type-post","status-publish","format-standard","hentry","category-ajankohtaista","category-historiayhdistys","category-tapahtumat"],"jetpack_featured_media_url":"","jetpack_sharing_enabled":true,"jetpack_shortlink":"https:\/\/wp.me\/p72N2f-117","_links":{"self":[{"href":"https:\/\/www.rukajarvensuunnanhistoriayhdistys.fi\/rukajarvikeskus\/wp-json\/wp\/v2\/posts\/3913","targetHints":{"allow":["GET"]}}],"collection":[{"href":"https:\/\/www.rukajarvensuunnanhistoriayhdistys.fi\/rukajarvikeskus\/wp-json\/wp\/v2\/posts"}],"about":[{"href":"https:\/\/www.rukajarvensuunnanhistoriayhdistys.fi\/rukajarvikeskus\/wp-json\/wp\/v2\/types\/post"}],"author":[{"embeddable":true,"href":"https:\/\/www.rukajarvensuunnanhistoriayhdistys.fi\/rukajarvikeskus\/wp-json\/wp\/v2\/users\/4"}],"replies":[{"embeddable":true,"href":"https:\/\/www.rukajarvensuunnanhistoriayhdistys.fi\/rukajarvikeskus\/wp-json\/wp\/v2\/comments?post=3913"}],"version-history":[{"count":2,"href":"https:\/\/www.rukajarvensuunnanhistoriayhdistys.fi\/rukajarvikeskus\/wp-json\/wp\/v2\/posts\/3913\/revisions"}],"predecessor-version":[{"id":3917,"href":"https:\/\/www.rukajarvensuunnanhistoriayhdistys.fi\/rukajarvikeskus\/wp-json\/wp\/v2\/posts\/3913\/revisions\/3917"}],"wp:attachment":[{"href":"https:\/\/www.rukajarvensuunnanhistoriayhdistys.fi\/rukajarvikeskus\/wp-json\/wp\/v2\/media?parent=3913"}],"wp:term":[{"taxonomy":"category","embeddable":true,"href":"https:\/\/www.rukajarvensuunnanhistoriayhdistys.fi\/rukajarvikeskus\/wp-json\/wp\/v2\/categories?post=3913"},{"taxonomy":"post_tag","embeddable":true,"href":"https:\/\/www.rukajarvensuunnanhistoriayhdistys.fi\/rukajarvikeskus\/wp-json\/wp\/v2\/tags?post=3913"}],"curies":[{"name":"wp","href":"https:\/\/api.w.org\/{rel}","templated":true}]}}