{"id":3982,"date":"2019-02-18T23:29:29","date_gmt":"2019-02-18T20:29:29","guid":{"rendered":"http:\/\/www.rukajarvensuunnanhistoriayhdistys.fi\/rukajarvikeskus\/?p=3982"},"modified":"2019-02-18T23:29:35","modified_gmt":"2019-02-18T20:29:35","slug":"iisalmen-rukajarvi-keskus-suljettu-taman-viikon-18-24-2-2019-valisen-ajan","status":"publish","type":"post","link":"https:\/\/www.rukajarvensuunnanhistoriayhdistys.fi\/rukajarvikeskus\/ajankohtaista\/iisalmen-rukajarvi-keskus-suljettu-taman-viikon-18-24-2-2019-valisen-ajan\/","title":{"rendered":"Iisalmen Rukaj\u00e4rvi-keskus suljettu t\u00e4m\u00e4n viikon 18. &#8211; 24.2.2019 v\u00e4lisen ajan."},"content":{"rendered":"<div class=\"fcbkbttn_buttons_block\" id=\"fcbkbttn_left\"><div class=\"fcbkbttn_like \"><fb:like href=\"https:\/\/www.rukajarvensuunnanhistoriayhdistys.fi\/rukajarvikeskus\/ajankohtaista\/iisalmen-rukajarvi-keskus-suljettu-taman-viikon-18-24-2-2019-valisen-ajan\/\" action=\"like\" colorscheme=\"light\" layout=\"button_count\"  size=\"small\"><\/fb:like><\/div><\/div>\n<p>Katolta pudonnut lumi vahingoitti Rukaj\u00e4rvi-keskuksen\nlasikattoa, joten Iisalmen Rukaj\u00e4rvi-keskus on suljettu t\u00e4m\u00e4n viikon eli 18.2.\n2019 alkaen. Iisalmen Rukaj\u00e4rvi-keskus avataan j\u00e4lleen tulevan viikon\nmaanantaina 25.2.2019.<\/p>\n\n\n\n<p>RSHYry:n hallitus<\/p>\n","protected":false},"excerpt":{"rendered":"<p>Katolta pudonnut lumi vahingoitti Rukaj\u00e4rvi-keskuksen lasikattoa, joten Iisalmen Rukaj\u00e4rvi-keskus on suljettu t\u00e4m\u00e4n viikon eli 18.2. 2019 alkaen. Iisalmen Rukaj\u00e4rvi-keskus avataan j\u00e4lleen tulevan viikon maanantaina 25.2.2019. RSHYry:n hallitus<\/p>\n","protected":false},"author":4,"featured_media":0,"comment_status":"closed","ping_status":"open","sticky":false,"template":"","format":"standard","meta":{"ngg_post_thumbnail":0,"_jetpack_newsletter_access":"","_jetpack_dont_email_post_to_subs":false,"_jetpack_newsletter_tier_id":0,"_jetpack_memberships_contains_paywalled_content":false,"_jetpack_memberships_contains_paid_content":false,"footnotes":""},"categories":[26,32],"tags":[],"class_list":["post-3982","post","type-post","status-publish","format-standard","hentry","category-ajankohtaista","category-historiayhdistys"],"jetpack_featured_media_url":"","jetpack_sharing_enabled":true,"jetpack_shortlink":"https:\/\/wp.me\/p72N2f-12e","_links":{"self":[{"href":"https:\/\/www.rukajarvensuunnanhistoriayhdistys.fi\/rukajarvikeskus\/wp-json\/wp\/v2\/posts\/3982","targetHints":{"allow":["GET"]}}],"collection":[{"href":"https:\/\/www.rukajarvensuunnanhistoriayhdistys.fi\/rukajarvikeskus\/wp-json\/wp\/v2\/posts"}],"about":[{"href":"https:\/\/www.rukajarvensuunnanhistoriayhdistys.fi\/rukajarvikeskus\/wp-json\/wp\/v2\/types\/post"}],"author":[{"embeddable":true,"href":"https:\/\/www.rukajarvensuunnanhistoriayhdistys.fi\/rukajarvikeskus\/wp-json\/wp\/v2\/users\/4"}],"replies":[{"embeddable":true,"href":"https:\/\/www.rukajarvensuunnanhistoriayhdistys.fi\/rukajarvikeskus\/wp-json\/wp\/v2\/comments?post=3982"}],"version-history":[{"count":1,"href":"https:\/\/www.rukajarvensuunnanhistoriayhdistys.fi\/rukajarvikeskus\/wp-json\/wp\/v2\/posts\/3982\/revisions"}],"predecessor-version":[{"id":3983,"href":"https:\/\/www.rukajarvensuunnanhistoriayhdistys.fi\/rukajarvikeskus\/wp-json\/wp\/v2\/posts\/3982\/revisions\/3983"}],"wp:attachment":[{"href":"https:\/\/www.rukajarvensuunnanhistoriayhdistys.fi\/rukajarvikeskus\/wp-json\/wp\/v2\/media?parent=3982"}],"wp:term":[{"taxonomy":"category","embeddable":true,"href":"https:\/\/www.rukajarvensuunnanhistoriayhdistys.fi\/rukajarvikeskus\/wp-json\/wp\/v2\/categories?post=3982"},{"taxonomy":"post_tag","embeddable":true,"href":"https:\/\/www.rukajarvensuunnanhistoriayhdistys.fi\/rukajarvikeskus\/wp-json\/wp\/v2\/tags?post=3982"}],"curies":[{"name":"wp","href":"https:\/\/api.w.org\/{rel}","templated":true}]}}