{"id":3994,"date":"2019-02-23T08:30:45","date_gmt":"2019-02-23T05:30:45","guid":{"rendered":"http:\/\/www.rukajarvensuunnanhistoriayhdistys.fi\/rukajarvikeskus\/?p=3994"},"modified":"2019-02-23T08:30:53","modified_gmt":"2019-02-23T05:30:53","slug":"rukajarven-veteraani-hannes-tuovinen-tayttaa-tanaan-95-vuotta-onnittelumme","status":"publish","type":"post","link":"https:\/\/www.rukajarvensuunnanhistoriayhdistys.fi\/rukajarvikeskus\/ajankohtaista\/rukajarven-veteraani-hannes-tuovinen-tayttaa-tanaan-95-vuotta-onnittelumme\/","title":{"rendered":"Rukaj\u00e4rven veteraani Hannes Tuovinen t\u00e4ytt\u00e4\u00e4 t\u00e4n\u00e4\u00e4n 95 vuotta &#8211; onnittelumme"},"content":{"rendered":"<div class=\"fcbkbttn_buttons_block\" id=\"fcbkbttn_left\"><div class=\"fcbkbttn_like \"><fb:like href=\"https:\/\/www.rukajarvensuunnanhistoriayhdistys.fi\/rukajarvikeskus\/ajankohtaista\/rukajarven-veteraani-hannes-tuovinen-tayttaa-tanaan-95-vuotta-onnittelumme\/\" action=\"like\" colorscheme=\"light\" layout=\"button_count\"  size=\"small\"><\/fb:like><\/div><\/div>\n<p>Vire\u00e4 95-vuotias Rukaj\u00e4rven veteraani Hannes Tuovinen\nt\u00e4ytt\u00e4\u00e4 t\u00e4n\u00e4\u00e4n 95 vuotta. Hannes Tuovinen on syntynyt 23.2.1924\nVarpaisj\u00e4rvelt\u00e4. Nykyisin vire\u00e4 veteraani asuu Vihdin Nummelassa l\u00e4hell\u00e4\nlapsiaan ja lastenlapsiaan.<\/p>\n\n\n\n<p>Hannes Tuovinen on tuttu vieras linnan juhlista puolustusvoimain vastaanottotilaisuuksista. <\/p>\n\n\n\n<figure class=\"wp-block-image\"><img loading=\"lazy\" decoding=\"async\" width=\"928\" height=\"768\" src=\"http:\/\/www.rukajarvensuunnanhistoriayhdistys.fi\/rukajarvikeskus\/wp-content\/uploads\/2017\/10\/E_K_MSe_-2017-10-21-1064_preview.jpeg\" alt=\"\" class=\"wp-image-3244\" srcset=\"https:\/\/www.rukajarvensuunnanhistoriayhdistys.fi\/rukajarvikeskus\/wp-content\/uploads\/2017\/10\/E_K_MSe_-2017-10-21-1064_preview.jpeg 928w, https:\/\/www.rukajarvensuunnanhistoriayhdistys.fi\/rukajarvikeskus\/wp-content\/uploads\/2017\/10\/E_K_MSe_-2017-10-21-1064_preview-300x248.jpeg 300w, https:\/\/www.rukajarvensuunnanhistoriayhdistys.fi\/rukajarvikeskus\/wp-content\/uploads\/2017\/10\/E_K_MSe_-2017-10-21-1064_preview-768x636.jpeg 768w\" sizes=\"auto, (max-width: 928px) 100vw, 928px\" \/><figcaption>  Mauno Turunen ja Hannes Tuovinen Helsingin Suomalaisella Klubilla j\u00e4rjestetyss\u00e4 kenraaliluutnantti Ermei Kannisen muistoseminaarissa 19.10.2017. <\/figcaption><\/figure>\n\n\n\n<p>Rukaj\u00e4rven suunnan historiayhdistys onnittelee veteraani\nHannes Tuovista h\u00e4nen merkkip\u00e4iv\u00e4n\u00e4\u00e4n.<\/p>\n","protected":false},"excerpt":{"rendered":"<p>Vire\u00e4 95-vuotias Rukaj\u00e4rven veteraani Hannes Tuovinen t\u00e4ytt\u00e4\u00e4 t\u00e4n\u00e4\u00e4n 95 vuotta. Hannes Tuovinen on syntynyt 23.2.1924 Varpaisj\u00e4rvelt\u00e4. Nykyisin vire\u00e4 veteraani asuu Vihdin Nummelassa l\u00e4hell\u00e4 lapsiaan ja lastenlapsiaan. Hannes Tuovinen on tuttu <a class=\"more-link\" href=\"https:\/\/www.rukajarvensuunnanhistoriayhdistys.fi\/rukajarvikeskus\/ajankohtaista\/rukajarven-veteraani-hannes-tuovinen-tayttaa-tanaan-95-vuotta-onnittelumme\/\">Lue lis\u00e4\u00e4&#8230;<span class=\"screen-reader-text\">Rukaj\u00e4rven veteraani Hannes Tuovinen t\u00e4ytt\u00e4\u00e4 t\u00e4n\u00e4\u00e4n 95 vuotta &#8211; onnittelumme<\/span><span class=\"meta-nav\">\u2192<\/span><\/a><\/p>\n","protected":false},"author":4,"featured_media":0,"comment_status":"closed","ping_status":"open","sticky":false,"template":"","format":"standard","meta":{"ngg_post_thumbnail":0,"_jetpack_newsletter_access":"","_jetpack_dont_email_post_to_subs":false,"_jetpack_newsletter_tier_id":0,"_jetpack_memberships_contains_paywalled_content":false,"_jetpack_memberships_contains_paid_content":false,"footnotes":""},"categories":[26,32],"tags":[],"class_list":["post-3994","post","type-post","status-publish","format-standard","hentry","category-ajankohtaista","category-historiayhdistys"],"jetpack_featured_media_url":"","jetpack_sharing_enabled":true,"jetpack_shortlink":"https:\/\/wp.me\/p72N2f-12q","_links":{"self":[{"href":"https:\/\/www.rukajarvensuunnanhistoriayhdistys.fi\/rukajarvikeskus\/wp-json\/wp\/v2\/posts\/3994","targetHints":{"allow":["GET"]}}],"collection":[{"href":"https:\/\/www.rukajarvensuunnanhistoriayhdistys.fi\/rukajarvikeskus\/wp-json\/wp\/v2\/posts"}],"about":[{"href":"https:\/\/www.rukajarvensuunnanhistoriayhdistys.fi\/rukajarvikeskus\/wp-json\/wp\/v2\/types\/post"}],"author":[{"embeddable":true,"href":"https:\/\/www.rukajarvensuunnanhistoriayhdistys.fi\/rukajarvikeskus\/wp-json\/wp\/v2\/users\/4"}],"replies":[{"embeddable":true,"href":"https:\/\/www.rukajarvensuunnanhistoriayhdistys.fi\/rukajarvikeskus\/wp-json\/wp\/v2\/comments?post=3994"}],"version-history":[{"count":1,"href":"https:\/\/www.rukajarvensuunnanhistoriayhdistys.fi\/rukajarvikeskus\/wp-json\/wp\/v2\/posts\/3994\/revisions"}],"predecessor-version":[{"id":3995,"href":"https:\/\/www.rukajarvensuunnanhistoriayhdistys.fi\/rukajarvikeskus\/wp-json\/wp\/v2\/posts\/3994\/revisions\/3995"}],"wp:attachment":[{"href":"https:\/\/www.rukajarvensuunnanhistoriayhdistys.fi\/rukajarvikeskus\/wp-json\/wp\/v2\/media?parent=3994"}],"wp:term":[{"taxonomy":"category","embeddable":true,"href":"https:\/\/www.rukajarvensuunnanhistoriayhdistys.fi\/rukajarvikeskus\/wp-json\/wp\/v2\/categories?post=3994"},{"taxonomy":"post_tag","embeddable":true,"href":"https:\/\/www.rukajarvensuunnanhistoriayhdistys.fi\/rukajarvikeskus\/wp-json\/wp\/v2\/tags?post=3994"}],"curies":[{"name":"wp","href":"https:\/\/api.w.org\/{rel}","templated":true}]}}