{"id":4026,"date":"2019-03-09T13:19:30","date_gmt":"2019-03-09T10:19:30","guid":{"rendered":"http:\/\/www.rukajarvensuunnanhistoriayhdistys.fi\/rukajarvikeskus\/?p=4026"},"modified":"2019-03-11T23:40:57","modified_gmt":"2019-03-11T20:40:57","slug":"tikkanen-tenho-perttulin-jotos-seminaariavaus-9-3-2019-perttulin-jotos-seminaarissa-mielenkiintoisia-luentoja","status":"publish","type":"post","link":"https:\/\/www.rukajarvensuunnanhistoriayhdistys.fi\/rukajarvikeskus\/tapahtumat\/tikkanen-tenho-perttulin-jotos-seminaariavaus-9-3-2019-perttulin-jotos-seminaarissa-mielenkiintoisia-luentoja\/","title":{"rendered":"Tikkanen Tenho Perttulin Jotos seminaariavaus 9.3.2019 Perttulin Jotos seminaarissa mielenkiintoisia luentoja"},"content":{"rendered":"<div class=\"fcbkbttn_buttons_block\" id=\"fcbkbttn_left\"><div class=\"fcbkbttn_like \"><fb:like href=\"https:\/\/www.rukajarvensuunnanhistoriayhdistys.fi\/rukajarvikeskus\/tapahtumat\/tikkanen-tenho-perttulin-jotos-seminaariavaus-9-3-2019-perttulin-jotos-seminaarissa-mielenkiintoisia-luentoja\/\" action=\"like\" colorscheme=\"light\" layout=\"button_count\"  size=\"small\"><\/fb:like><\/div><\/div><p>\n<\/p><p><!--StartFragment--><\/p>\n\n\n<p>Rukaj\u00e4rven suunnan historiayhdistyksen perustamisesta tulee kuluneeksi t\u00e4n\u00e4 vuonna 10 vuotta. Kaikki alkoi Kajaanista 6.9.2008, kun kaksi arvostettua Rukaj\u00e4rven veteraania kenraaliluutnantti Ermei Kanninen ja Pentti Perttuli rohkenivat nousta veteraanitapaamisessa puhumaan Rukaj\u00e4rven suunnan sotahistoriaty\u00f6st\u00e4. Kannisen puhe l\u00f6ytyy yhdistyksen Youtube-kanavalta<strong><a href=\"https:\/\/www.youtube.com\/watch?v=p2OhZW3v1uQ\"> T\u00c4\u00c4LT\u00c4<\/a><\/strong> ja  ja Perttulin puhe on n\u00e4ht\u00e4viss\u00e4 Rukaj\u00e4rvi-keskuksissa. <\/p>\n\n\n\n<figure class=\"wp-block-image\"><img loading=\"lazy\" decoding=\"async\" width=\"1024\" height=\"768\" src=\"http:\/\/www.rukajarvensuunnanhistoriayhdistys.fi\/rukajarvikeskus\/wp-content\/uploads\/2016\/03\/87-DSC07865-1024x768.jpg\" alt=\"\" class=\"wp-image-2122\" srcset=\"https:\/\/www.rukajarvensuunnanhistoriayhdistys.fi\/rukajarvikeskus\/wp-content\/uploads\/2016\/03\/87-DSC07865-1024x768.jpg 1024w, https:\/\/www.rukajarvensuunnanhistoriayhdistys.fi\/rukajarvikeskus\/wp-content\/uploads\/2016\/03\/87-DSC07865-300x225.jpg 300w, https:\/\/www.rukajarvensuunnanhistoriayhdistys.fi\/rukajarvikeskus\/wp-content\/uploads\/2016\/03\/87-DSC07865-768x576.jpg 768w\" sizes=\"auto, (max-width: 1024px) 100vw, 1024px\" \/><figcaption>Pentti Perttuli kirjoittaa Rukaj\u00e4rven suunnan historiayhdistyksen perustavan kokouksen kutsua. Kokous pidettiin Marskin Majalla 19.9.2009.<\/figcaption><\/figure>\n\n\n\n<p>Pentti Perttuli oli jo tuossa vaiheessa osoittanut\nk\u00e4yt\u00e4nn\u00f6n ty\u00f6ll\u00e4\u00e4n miten sotahistoriaty\u00f6t\u00e4 tulisi tehd\u00e4 ja miksi sit\u00e4 tulisi\njatkaa. N\u00e4m\u00e4 em. aseveljet ovat yhdistyksemme perustajaj\u00e4seni\u00e4. Yhdistyksemme\nperusta luotiin n\u00e4iss\u00e4 puheissa. He pyysiv\u00e4t my\u00f6s ns. nuoremman polven\nedustajien esitt\u00e4v\u00e4n n\u00e4kemyksens\u00e4. Heid\u00e4n toivomuksensa mukaisesti kirjoitin\nranskalaisin viivoin n\u00e4iden puheitten aikana asioita, joita meid\u00e4n tulisi\nRukaj\u00e4rven suunnan sotahistoriaty\u00f6n hyv\u00e4ksi tehd\u00e4. Olin kovin pettynyt, kun\nminulle ei tuossa tilaisuudessa my\u00f6nnettyk\u00e4\u00e4n puheenvuoroa. Tallensin\nmuistiinpanoni vastaisen varalle ja kun Rukaj\u00e4rven suunnan historiayhdistys\nperustettiin laitoin muistiossa esitt\u00e4m\u00e4ni asiat yhdistyksemme\ntoimintasuunnitelmaan.<\/p>\n\n\n\n<p>Yhdistyksemme on jatkanut ansiokkaasti aineiston\nker\u00e4ysty\u00f6t\u00e4, Rukaj\u00e4rvi-keskuksia on perustettu ja Rukaj\u00e4rven tie on nimetty ja\nsen palvelutasoa on parannettu monin tavoin, mm. Jukolan Motti -pirtti ja\n\u00c4n\u00e4k\u00e4isen Salpaetuasemaa on kunnostettu. Rukaj\u00e4rven suunnan\nsotahistoria-aineistoa on kasassa todella suuri m\u00e4\u00e4r\u00e4, valokuvia yli 20.000\nkappaletta, veteraaneja on haastateltu, ja olemme julkaisseet parikymment\u00e4\nteosta. Ty\u00f6 ei ole ollut kovin helppoa, mutta kukaan ei voi sanoa, etteik\u00f6\ntuloksia ole tullut. L\u00e4hes kaikki t\u00e4m\u00e4 olisi j\u00e4\u00e4nyt tekem\u00e4tt\u00e4, ellei yhdistyst\u00e4mme\nolisi perustettu ja n\u00e4iden kahden veteraanin johdolla olisi k\u00e4\u00e4nnetty kokka\nkohti tuulta. Hyvin perustein voi sanoa, ett\u00e4 aivan viimeisell\u00e4 hetkell\u00e4, juuri\nsiin\u00e4 vaiheessa, kun veteraanisukupolven kunto mahdollisti aktiivisen\nker\u00e4ysty\u00f6n. <\/p>\n\n\n\n<p>T\u00e4ss\u00e4 seminaarissa on aika arvioida ty\u00f6mme onnistumista\nja erityisesti meid\u00e4n on syyt\u00e4 luoda katsaus tulevaisuuteen. Eli siihen mit\u00e4\nmeid\u00e4n pit\u00e4isi ottaa huomioon suunniteltaessa tulevaa sotahistoriaty\u00f6t\u00e4mme.\nSiksi olemme kutsuneet t\u00e4nne arvostettuja luennoitsijoita, joiden esitelmien\npohjalta voisimme entist\u00e4kin m\u00e4\u00e4r\u00e4tietoisemmin ja suunnitelmallisemmin asettaa\ntavoitteita tulevalle toiminnalle.<\/p>\n\n\n\n<p>N\u00e4ill\u00e4 sanoilla avaan t\u00e4m\u00e4n seminaarin. Seminaarin\np\u00e4\u00e4tteeksi varaan itselleni keskustelun yhteydess\u00e4 kommenttipuheenvuoron.<\/p>\n\n\n\n<p>Aluksi kuulemme Perttulin pojan tytt\u00e4ren Erika Perttuli-Borobion esitelm\u00e4n &#8221;Isois\u00e4ni Pentti Perttuli. Erika toimii nykyisin Aalto yliopistossa pedagogisena asiantuntijana. Tied\u00e4n, ett\u00e4 Pentti Perttuli arvosti Erikan monipuolisia taitoja nuoresta pit\u00e4en ja heill\u00e4 oli eritt\u00e4in l\u00e4heiset v\u00e4lit. Sen yhteisty\u00f6n tuloksena monet Pentin aseveljet ovat merkkip\u00e4ivin\u00e4 voineet ilahtua Pentin korttitervehdyksist\u00e4. Kirjekuoreen oli painettu Erikan suunnittelema Pentti Perttulin exlibris-tunnus ja kirjekuoren sis\u00e4ll\u00e4 oli Erikan suunnittelema ja tekem\u00e4 kortti. N\u00e4ihin korttivalikoimiin olen voinut tutustua Pentti Perttulin l\u00e4heisten aseveljien kotona, jossa korttirivist\u00f6t on asetettu esille kirjahyllyjen n\u00e4kyvimmille paikoille. T\u00e4m\u00e4 Erikan luento valaisee Pentti Perttulia meille tuntemattomalta osin. Tied\u00e4mme Pentti Perttulin ansiot sotahistoriaty\u00f6n alalla ja my\u00f6s teollisuusjohtajana, mutta me emme tunne sit\u00e4 puolta, millainen isois\u00e4 h\u00e4n samalla oli. Mainittakoon, ett\u00e4 Erika on tehnyt isois\u00e4st\u00e4\u00e4n nettisivut, joihin voi tutustua <strong><a href=\"https:\/\/www.penttiperttuli.fi\/\">T\u00c4\u00c4LT\u00c4<\/a><\/strong>:<\/p>\n\n\n\n<p>T\u00e4m\u00e4n j\u00e4lkeen suuntaamme katseemme tulevaisuuteen, mit\u00e4\nsotahistoriaty\u00f6 on tulevaisuudessa. Mikkeliin on perusteilla Sodan ja rauhan\nkeskus Muisti, josta tulee\nkansainv\u00e4lisesti ja kansallisesti merkitt\u00e4v\u00e4 tiedekeskus, mik\u00e4 v\u00e4litt\u00e4\u00e4 sotien\ntapahtumat ja kokemukset uusimman n\u00e4yttelyteknologian avulla. Toivomme, ett\u00e4\nvoisimme omalta v\u00e4h\u00e4iselt\u00e4 osalta tukea t\u00e4m\u00e4n heid\u00e4n aloittamansa ty\u00f6n\nonnistumista.<\/p>\n\n\n\n<p>Muistin toimitusjohtaja Olli-Pekka Leskisen pit\u00e4\u00e4\nesitelm\u00e4n aiheesta &#8221;Mit\u00e4 sotahistoriaty\u00f6 on tulevaisuudessa. Samasta\naiheesta jatkaa Iisalmen seudun Sotaveteraanit ry:n puheenjohtaja Martti Harju.<\/p>\n\n\n\n<p>Aloitamme t\u00e4m\u00e4n seminaaritilaisuuden kuuntelemalla nuorta sopraanoa Selene Rossia. H\u00e4nen laulunsa &#8221;Kiitos Teille veteraanit&#8221;. on sanoittanut ja s\u00e4velt\u00e4nyt Veikko Juntunen. Espoon sotaveteraanikuorossa esiintyy yhdistyksemme j\u00e4sen Aulis Lintunen. Esityksen voi n\u00e4hd\u00e4 <strong><a href=\"https:\/\/www.youtube.com\/watch?v=UdmQnmWKwRA\">T\u00c4\u00c4LT\u00c4<\/a><\/strong>:<\/p>\n\n\n\n<p>Muut esitelm\u00e4t ja kirjalliset kommenttipuheenvuorot tallennamme\nseminaarin j\u00e4lkeen viel\u00e4 t\u00e4m\u00e4n p\u00e4iv\u00e4n aikana.<\/p>\n\n\n\n<p>1) Erika Perttuli-Borobion esitelm\u00e4n &#8221;Isois\u00e4ni Pentti Perttuli&#8221;. Esitelm\u00e4n voi n\u00e4hd\u00e4 <strong><a href=\"https:\/\/www.youtube.com\/watch?v=8rGulTxd9Qk\">T\u00c4\u00c4LT\u00c4<\/a><\/strong>:<\/p>\n\n\n\n<figure class=\"wp-block-image\"><img loading=\"lazy\" decoding=\"async\" width=\"1024\" height=\"576\" src=\"http:\/\/www.rukajarvensuunnanhistoriayhdistys.fi\/rukajarvikeskus\/wp-content\/uploads\/2019\/03\/A-WP_20190309_12_22_29_Pro-1024x576.jpg\" alt=\"\" class=\"wp-image-4031\" srcset=\"https:\/\/www.rukajarvensuunnanhistoriayhdistys.fi\/rukajarvikeskus\/wp-content\/uploads\/2019\/03\/A-WP_20190309_12_22_29_Pro-1024x576.jpg 1024w, https:\/\/www.rukajarvensuunnanhistoriayhdistys.fi\/rukajarvikeskus\/wp-content\/uploads\/2019\/03\/A-WP_20190309_12_22_29_Pro-300x169.jpg 300w, https:\/\/www.rukajarvensuunnanhistoriayhdistys.fi\/rukajarvikeskus\/wp-content\/uploads\/2019\/03\/A-WP_20190309_12_22_29_Pro-768x432.jpg 768w\" sizes=\"auto, (max-width: 1024px) 100vw, 1024px\" \/><figcaption>Yleis\u00f6 keskittyi kuulemaan Erkika Perttuli-Borobion esitelm\u00e4\u00e4 Isois\u00e4ni Pentti Perttuli.<\/figcaption><\/figure>\n\n\n\n<p>2) Sodan ja rauhan keskus Muistin toimitusjohtaja Olli-Pekka Leskisen esitelm\u00e4\u00e4n voi tutustua <strong><a href=\"http:\/\/www.rukajarvensuunnanhistoriayhdistys.fi\/historiayhdistys\/wp-content\/uploads\/2019\/03\/Muisti-9.3.2019-Leskinen-Olli-Pekka.pdf\">T\u00c4\u00c4LT\u00c4<\/a><\/strong>:<\/p>\n\n\n\n<figure class=\"wp-block-image\"><img loading=\"lazy\" decoding=\"async\" width=\"1024\" height=\"681\" src=\"http:\/\/www.rukajarvensuunnanhistoriayhdistys.fi\/rukajarvikeskus\/wp-content\/uploads\/2019\/03\/DSC07127_Leskinen-1024x681.jpg\" alt=\"\" class=\"wp-image-4032\" srcset=\"https:\/\/www.rukajarvensuunnanhistoriayhdistys.fi\/rukajarvikeskus\/wp-content\/uploads\/2019\/03\/DSC07127_Leskinen-1024x681.jpg 1024w, https:\/\/www.rukajarvensuunnanhistoriayhdistys.fi\/rukajarvikeskus\/wp-content\/uploads\/2019\/03\/DSC07127_Leskinen-300x200.jpg 300w, https:\/\/www.rukajarvensuunnanhistoriayhdistys.fi\/rukajarvikeskus\/wp-content\/uploads\/2019\/03\/DSC07127_Leskinen-768x511.jpg 768w\" sizes=\"auto, (max-width: 1024px) 100vw, 1024px\" \/><figcaption>Sodan ja rauhan keskus Muistin toimitusjohtaja Olli-Pekka Leskisen esitelm\u00e4 viritti vilkkaan keskustelun.<\/figcaption><\/figure>\n\n\n\n<p>3) Tenho Tikkasen kommenttipuheenvuoron voi lukea <strong><a href=\"http:\/\/www.rukajarvensuunnanhistoriayhdistys.fi\/historiayhdistys\/wp-content\/uploads\/2019\/03\/Tenho-Tikkanen-kommenttipuheenvuoro-9-3-2019-1.pdf\">T\u00c4\u00c4LT\u00c4<\/a><\/strong>:<\/p>\n\n\n\n<p>4) Martti Harjun luennon voi lukea <strong><a href=\"http:\/\/www.rukajarvensuunnanhistoriayhdistys.fi\/historiayhdistys\/wp-content\/uploads\/2019\/03\/Perinneaikaan-siirtyminen-ver-17.12.2018-Martti-Harju-1.pdf\">T\u00c4\u00c4LT\u00c4<\/a><\/strong>:<\/p>\n\n\n\n<figure class=\"wp-block-image\"><img loading=\"lazy\" decoding=\"async\" width=\"1024\" height=\"681\" src=\"http:\/\/www.rukajarvensuunnanhistoriayhdistys.fi\/rukajarvikeskus\/wp-content\/uploads\/2019\/03\/A-DSC07135-Harju-1024x681.jpg\" alt=\"\" class=\"wp-image-4034\" srcset=\"https:\/\/www.rukajarvensuunnanhistoriayhdistys.fi\/rukajarvikeskus\/wp-content\/uploads\/2019\/03\/A-DSC07135-Harju-1024x681.jpg 1024w, https:\/\/www.rukajarvensuunnanhistoriayhdistys.fi\/rukajarvikeskus\/wp-content\/uploads\/2019\/03\/A-DSC07135-Harju-300x200.jpg 300w, https:\/\/www.rukajarvensuunnanhistoriayhdistys.fi\/rukajarvikeskus\/wp-content\/uploads\/2019\/03\/A-DSC07135-Harju-768x511.jpg 768w\" sizes=\"auto, (max-width: 1024px) 100vw, 1024px\" \/><figcaption>MarttiHarju, Iisalmen Seudun sotaveteraanien puheenjohtaja.<\/figcaption><\/figure>\n\n\n\n<p>4) Antti Haapalaisen ja Reijo Pulkkisen esitelm\u00e4 &#8221;Kentt\u00e4vartiotutkimuksen Pentti Perttulin j\u00e4ljill\u00e4&#8221; voi lukea <strong><a href=\"http:\/\/www.rukajarvensuunnanhistoriayhdistys.fi\/historiayhdistys\/wp-content\/uploads\/2019\/03\/KV-matkat-Perttuli-Haapalainen.pdf\">T\u00c4\u00c4LT\u00c4<\/a><\/strong>: <\/p>\n\n\n\n<figure class=\"wp-block-image\"><img loading=\"lazy\" decoding=\"async\" width=\"1024\" height=\"681\" src=\"http:\/\/www.rukajarvensuunnanhistoriayhdistys.fi\/rukajarvikeskus\/wp-content\/uploads\/2019\/03\/A-DSC07132-Haapalainen-1024x681.jpg\" alt=\"\" class=\"wp-image-4033\" srcset=\"https:\/\/www.rukajarvensuunnanhistoriayhdistys.fi\/rukajarvikeskus\/wp-content\/uploads\/2019\/03\/A-DSC07132-Haapalainen-1024x681.jpg 1024w, https:\/\/www.rukajarvensuunnanhistoriayhdistys.fi\/rukajarvikeskus\/wp-content\/uploads\/2019\/03\/A-DSC07132-Haapalainen-300x200.jpg 300w, https:\/\/www.rukajarvensuunnanhistoriayhdistys.fi\/rukajarvikeskus\/wp-content\/uploads\/2019\/03\/A-DSC07132-Haapalainen-768x511.jpg 768w\" sizes=\"auto, (max-width: 1024px) 100vw, 1024px\" \/><figcaption>Antti Haapalainen, esitelm\u00e4 t\u00e4n\u00e4\u00e4n: Kentt\u00e4vartiotutkimukset Pentti Perttulin j\u00e4ljill\u00e4.<\/figcaption><\/figure>\n\n\n<p><!--EndFragment--><\/p>\n<p><\/p>","protected":false},"excerpt":{"rendered":"<p>Rukaj\u00e4rven suunnan historiayhdistyksen perustamisesta tulee kuluneeksi t\u00e4n\u00e4 vuonna 10 vuotta. Kaikki alkoi Kajaanista 6.9.2008, kun kaksi arvostettua Rukaj\u00e4rven veteraania kenraaliluutnantti Ermei Kanninen ja Pentti Perttuli rohkenivat nousta veteraanitapaamisessa puhumaan Rukaj\u00e4rven <a class=\"more-link\" href=\"https:\/\/www.rukajarvensuunnanhistoriayhdistys.fi\/rukajarvikeskus\/tapahtumat\/tikkanen-tenho-perttulin-jotos-seminaariavaus-9-3-2019-perttulin-jotos-seminaarissa-mielenkiintoisia-luentoja\/\">Lue lis\u00e4\u00e4&#8230;<span class=\"screen-reader-text\">Tikkanen Tenho Perttulin Jotos seminaariavaus 9.3.2019 Perttulin Jotos seminaarissa mielenkiintoisia luentoja<\/span><span class=\"meta-nav\">\u2192<\/span><\/a><\/p>\n","protected":false},"author":4,"featured_media":0,"comment_status":"closed","ping_status":"open","sticky":false,"template":"","format":"standard","meta":{"ngg_post_thumbnail":0,"_jetpack_newsletter_access":"","_jetpack_dont_email_post_to_subs":false,"_jetpack_newsletter_tier_id":0,"_jetpack_memberships_contains_paywalled_content":false,"_jetpack_memberships_contains_paid_content":false,"footnotes":""},"categories":[26,31,32,15],"tags":[],"class_list":["post-4026","post","type-post","status-publish","format-standard","hentry","category-ajankohtaista","category-esitelmat","category-historiayhdistys","category-tapahtumat"],"jetpack_featured_media_url":"","jetpack_sharing_enabled":true,"jetpack_shortlink":"https:\/\/wp.me\/p72N2f-12W","_links":{"self":[{"href":"https:\/\/www.rukajarvensuunnanhistoriayhdistys.fi\/rukajarvikeskus\/wp-json\/wp\/v2\/posts\/4026","targetHints":{"allow":["GET"]}}],"collection":[{"href":"https:\/\/www.rukajarvensuunnanhistoriayhdistys.fi\/rukajarvikeskus\/wp-json\/wp\/v2\/posts"}],"about":[{"href":"https:\/\/www.rukajarvensuunnanhistoriayhdistys.fi\/rukajarvikeskus\/wp-json\/wp\/v2\/types\/post"}],"author":[{"embeddable":true,"href":"https:\/\/www.rukajarvensuunnanhistoriayhdistys.fi\/rukajarvikeskus\/wp-json\/wp\/v2\/users\/4"}],"replies":[{"embeddable":true,"href":"https:\/\/www.rukajarvensuunnanhistoriayhdistys.fi\/rukajarvikeskus\/wp-json\/wp\/v2\/comments?post=4026"}],"version-history":[{"count":4,"href":"https:\/\/www.rukajarvensuunnanhistoriayhdistys.fi\/rukajarvikeskus\/wp-json\/wp\/v2\/posts\/4026\/revisions"}],"predecessor-version":[{"id":4036,"href":"https:\/\/www.rukajarvensuunnanhistoriayhdistys.fi\/rukajarvikeskus\/wp-json\/wp\/v2\/posts\/4026\/revisions\/4036"}],"wp:attachment":[{"href":"https:\/\/www.rukajarvensuunnanhistoriayhdistys.fi\/rukajarvikeskus\/wp-json\/wp\/v2\/media?parent=4026"}],"wp:term":[{"taxonomy":"category","embeddable":true,"href":"https:\/\/www.rukajarvensuunnanhistoriayhdistys.fi\/rukajarvikeskus\/wp-json\/wp\/v2\/categories?post=4026"},{"taxonomy":"post_tag","embeddable":true,"href":"https:\/\/www.rukajarvensuunnanhistoriayhdistys.fi\/rukajarvikeskus\/wp-json\/wp\/v2\/tags?post=4026"}],"curies":[{"name":"wp","href":"https:\/\/api.w.org\/{rel}","templated":true}]}}