{"id":4040,"date":"2019-03-15T13:39:57","date_gmt":"2019-03-15T10:39:57","guid":{"rendered":"http:\/\/www.rukajarvensuunnanhistoriayhdistys.fi\/rukajarvikeskus\/?p=4040"},"modified":"2019-03-15T13:43:34","modified_gmt":"2019-03-15T10:43:34","slug":"merkkipaivaa-muistellessa-13-3-2019-lassilan-aamukahvipoydassa","status":"publish","type":"post","link":"https:\/\/www.rukajarvensuunnanhistoriayhdistys.fi\/rukajarvikeskus\/tapahtumat\/merkkipaivaa-muistellessa-13-3-2019-lassilan-aamukahvipoydassa\/","title":{"rendered":"Merkkip\u00e4iv\u00e4\u00e4 muistellessa 13.3.2019 Lassilan aamukahvip\u00f6yd\u00e4ss\u00e4"},"content":{"rendered":"<div class=\"fcbkbttn_buttons_block\" id=\"fcbkbttn_left\"><div class=\"fcbkbttn_like \"><fb:like href=\"https:\/\/www.rukajarvensuunnanhistoriayhdistys.fi\/rukajarvikeskus\/tapahtumat\/merkkipaivaa-muistellessa-13-3-2019-lassilan-aamukahvipoydassa\/\" action=\"like\" colorscheme=\"light\" layout=\"button_count\"  size=\"small\"><\/fb:like><\/div><\/div><p>\n<\/p><p><!--StartFragment--><\/p>\n\n\n<p>L\u00e4hetin yhdistyksemme\nj\u00e4senille kirjeen. Sain sen johdosta paljon palautetta. Julkaisen oheisena vain\nkahden Rukaj\u00e4rven suunnan historiikkitoimikunnan nykyisen j\u00e4senen kirjailija\nAntti Tuurin ja professori Martti Soikkelin l\u00e4hett\u00e4m\u00e4n palautteen sellaisenaan.<\/p>\n\n\n\n<p>Lis\u00e4ksi julkaisen suuresta\npalautteiden m\u00e4\u00e4r\u00e4st\u00e4 Ponsse Oyj:n hallituksen puheenjohtaja Juha Vidgrenin is\u00e4lleni\nl\u00e4hett\u00e4m\u00e4t terveiset ja entisen ty\u00f6kaverini verotusneuvos Markku Hirvosen\nl\u00e4hett\u00e4m\u00e4t terveiset sek\u00e4 my\u00f6s h\u00e4nen tytt\u00e4rens\u00e4 kirjailija Elina Hirvosen\nsamana p\u00e4iv\u00e4n\u00e4 pit\u00e4m\u00e4n Talvisodan p\u00e4\u00e4tymisen muistojuhlassa pit\u00e4m\u00e4n juhlapuheen.<\/p>\n\n\n\n<p>Pidimme pienell\u00e4 joukolla Lassilan\npihapiiriin rakennetulla Rukaj\u00e4rven perinnepolulla lyhyen muistotilaisuuden. Suomen\nlippu liehui perinnepolun salossa.<\/p>\n\n\n\n<p>Tenho Tikkanen<\/p>\n\n\n\n<p><strong>***<\/strong><\/p>\n\n\n\n<p><strong>1) Ensin l\u00e4hett\u00e4m\u00e4ni j\u00e4senkirje kuvineen.<\/strong><strong><\/strong><\/p>\n\n\n\n<p>Hei<\/p>\n\n\n\n<p>Veteraanilla takana kaksi sotaa. H\u00e4n muistaa aina, ett\u00e4 t\u00e4n\u00e4\u00e4n niist\u00e4\nsodista p\u00e4\u00e4ttyi ensimm\u00e4inen ja ett\u00e4 aseveli Pentti Perttuli syntyi samana\np\u00e4iv\u00e4n\u00e4.&nbsp;<\/p>\n\n\n\n<p>N\u00e4iden asioiden vuoksi 13.3. on merkkip\u00e4iv\u00e4, jolloin pit\u00e4\u00e4 nostaa lippu\nsalkoon.<\/p>\n\n\n\n<p>Lippu p\u00f6yd\u00e4ll\u00e4 ja lippu n\u00e4kyy my\u00f6s keitti\u00f6n ikkunasta.<\/p>\n\n\n\n<p>Terveiset Lassilan aamukahvip\u00f6yd\u00e4st\u00e4.<br>\n<\/p>\n\n\n\n<p>Tenho Tikkanen, puheenjohtaja <\/p>\n\n\n\n<p><strong>PS 1:<\/strong>&nbsp;Pentti Perttulin muistoseminaari 9.3.2019 onnistui hyvin. Kiitos\nesitelmien pit\u00e4jille ja kuulijoille. Seminaariesitelm\u00e4t l\u00f6ytyv\u00e4t\nnettisivuiltamme.<\/p>\n\n\n\n<p><strong>PS 2:<\/strong>&nbsp;Is\u00e4 t\u00e4ytti 10.3.2019 103 vuotta. Vieraita k\u00e4vi ja onnitteluja satoi.\nH\u00e4n sai Juha Vidgrenilt\u00e4 100-vuotislahjaksi pari hattua, lippiksen, karvahatun\nsek\u00e4 flanelipaidan. Lippis on aina p\u00e4\u00e4ss\u00e4, niin nytkin ja flanelipaita p\u00e4\u00e4ll\u00e4.\nN\u00e4iden lahjojen my\u00f6t\u00e4 h\u00e4n haluaa kunnioittaa suomalaista ty\u00f6t\u00e4, osaamista,\npyyt\u00e4\u00e4 luottamaan omiin voimiin eik\u00e4 vieraan apuun. Se on is\u00e4n mukaan\noivallettu Yl\u00e4-Savossa Ponssen toiminnassa. Ulkopolitiikassakin is\u00e4 antaa\nminulle ohjeita: &#8221;Min\u00e4 oon sit\u00e4 mielt\u00e4, ett\u00e4 tuumoomalla asiat hoituu eik\u00e4\ntappelemalla. Hyv\u00e4t v\u00e4lit pit\u00e4\u00e4 s\u00e4ilytt\u00e4\u00e4 l\u00e4heisiin naapureihin my\u00f6s\nulkopolitiikassa. Sill\u00e4 tavoin s\u00e4ilyt\u00e4\u00e4n rauhantiell\u00e4. Vieraan vallan koneet\nkotimaan ilmatilassa luovat ep\u00e4luottamusta. Pidet\u00e4\u00e4n hyv\u00e4\u00e4 huolta omasta\npuolustuksesta, siit\u00e4 ei kukaan voi hermostua.&#8221;<\/p>\n\n\n\n<p><strong>JK 1:<\/strong>&nbsp;Kirje piilokopiona RSHY:n j\u00e4senille. Voi jakaa.<\/p>\n\n\n\n<p><strong>JK 2:<\/strong> Veteraani Tauno Tikkasen sodan vuodet:  &#8211; Varusmiesaika Valkj\u00e4rvell\u00e4 2.9.1938 &#8211; 17.8.1939, 349 pv. &#8211; Ylim\u00e4\u00e4r\u00e4iset kertausharjoitukset 12.9. -29.11.1939,  &#8211; Talvisota alkoi 30.11.1939, yhteens\u00e4&nbsp; 254 pv. &#8211; Haavoittui 29.2.1940, &#8211; Toipilaana hoidossa ja kotiutui 23.5.1940, &#8211; Jatkosota, 17.6.1941 &#8211; 15.11.1944 yhteens\u00e4 1155 pv. Sotavuodet yhteens\u00e4, varusmiesaika ja ylim\u00e4\u00e4r\u00e4iset harjoitukset mukaan luettuna : 4 v 9 kk 27 pv.<\/p>\n\n\n<p><!--EndFragment--><\/p>\n<p><\/p>\n\n\n<figure class=\"wp-block-image\"><img loading=\"lazy\" decoding=\"async\" width=\"1024\" height=\"576\" src=\"http:\/\/www.rukajarvensuunnanhistoriayhdistys.fi\/rukajarvikeskus\/wp-content\/uploads\/2019\/03\/Talvisodan-p\u00e4\u00e4ttymisest\u00e4-79-vuotta-Tauno-Tikkanen-1024x576.jpg\" alt=\"\" class=\"wp-image-4039\" srcset=\"https:\/\/www.rukajarvensuunnanhistoriayhdistys.fi\/rukajarvikeskus\/wp-content\/uploads\/2019\/03\/Talvisodan-p\u00e4\u00e4ttymisest\u00e4-79-vuotta-Tauno-Tikkanen-1024x576.jpg 1024w, https:\/\/www.rukajarvensuunnanhistoriayhdistys.fi\/rukajarvikeskus\/wp-content\/uploads\/2019\/03\/Talvisodan-p\u00e4\u00e4ttymisest\u00e4-79-vuotta-Tauno-Tikkanen-300x169.jpg 300w, https:\/\/www.rukajarvensuunnanhistoriayhdistys.fi\/rukajarvikeskus\/wp-content\/uploads\/2019\/03\/Talvisodan-p\u00e4\u00e4ttymisest\u00e4-79-vuotta-Tauno-Tikkanen-768x432.jpg 768w\" sizes=\"auto, (max-width: 1024px) 100vw, 1024px\" \/><figcaption>Kahden sodan veteraani Tauno Tikkanen, Talvisodan p\u00e4\u00e4ttyminen oman keitti\u00f6n ikkunasta katsottuna 13.3.2019.<\/figcaption><\/figure>\n\n\n\n<figure class=\"wp-block-image\"><img loading=\"lazy\" decoding=\"async\" width=\"1024\" height=\"576\" src=\"http:\/\/www.rukajarvensuunnanhistoriayhdistys.fi\/rukajarvikeskus\/wp-content\/uploads\/2019\/03\/Talvisodan-p\u00e4\u00e4ttymisest\u00e4-79-vuotta-1024x576.jpg\" alt=\"\" class=\"wp-image-4038\" srcset=\"https:\/\/www.rukajarvensuunnanhistoriayhdistys.fi\/rukajarvikeskus\/wp-content\/uploads\/2019\/03\/Talvisodan-p\u00e4\u00e4ttymisest\u00e4-79-vuotta-1024x576.jpg 1024w, https:\/\/www.rukajarvensuunnanhistoriayhdistys.fi\/rukajarvikeskus\/wp-content\/uploads\/2019\/03\/Talvisodan-p\u00e4\u00e4ttymisest\u00e4-79-vuotta-300x169.jpg 300w, https:\/\/www.rukajarvensuunnanhistoriayhdistys.fi\/rukajarvikeskus\/wp-content\/uploads\/2019\/03\/Talvisodan-p\u00e4\u00e4ttymisest\u00e4-79-vuotta-768x432.jpg 768w\" sizes=\"auto, (max-width: 1024px) 100vw, 1024px\" \/><figcaption>Suomen lippu oman kodin lipputangossa heti aamuvarhaisella.<\/figcaption><\/figure>\n\n\n\n<figure class=\"wp-block-image\"><img loading=\"lazy\" decoding=\"async\" width=\"1024\" height=\"576\" src=\"http:\/\/www.rukajarvensuunnanhistoriayhdistys.fi\/rukajarvikeskus\/wp-content\/uploads\/2019\/03\/Rukaj\u00e4rven-perinnepolku-13-3-2019-1024x576.jpg\" alt=\"\" class=\"wp-image-4037\" srcset=\"https:\/\/www.rukajarvensuunnanhistoriayhdistys.fi\/rukajarvikeskus\/wp-content\/uploads\/2019\/03\/Rukaj\u00e4rven-perinnepolku-13-3-2019-1024x576.jpg 1024w, https:\/\/www.rukajarvensuunnanhistoriayhdistys.fi\/rukajarvikeskus\/wp-content\/uploads\/2019\/03\/Rukaj\u00e4rven-perinnepolku-13-3-2019-300x169.jpg 300w, https:\/\/www.rukajarvensuunnanhistoriayhdistys.fi\/rukajarvikeskus\/wp-content\/uploads\/2019\/03\/Rukaj\u00e4rven-perinnepolku-13-3-2019-768x432.jpg 768w, https:\/\/www.rukajarvensuunnanhistoriayhdistys.fi\/rukajarvikeskus\/wp-content\/uploads\/2019\/03\/Rukaj\u00e4rven-perinnepolku-13-3-2019.jpg 1632w\" sizes=\"auto, (max-width: 1024px) 100vw, 1024px\" \/><figcaption>Lippu nostettiin my\u00f6s Rukaj\u00e4rven perinnepolun salkoon 13.3.2019.<\/figcaption><\/figure>\n\n\n<p>\n<\/p><p><!--StartFragment--><\/p>\n\n\n<p><strong>***<\/strong><\/p>\n\n\n\n<p><strong>2)\nAntti Tuurin kirje.<\/strong><\/p>\n\n\n\n<p>Tenho<br> Terveiset is\u00e4llesi, on se vankka vaari.<br> Aurinkoisia talvip\u00e4ivi\u00e4.<br> terv.  Antti<\/p>\n\n\n\n<p><strong>****<\/strong><\/p>\n\n\n\n<p><strong>3) Juha Vidgrenin kirje:<\/strong><\/p>\n\n\n\n<p>Hyv\u00e4\u00e4 huomenta Lassilaan! Kyll\u00e4 se on liputusp\u00e4iv\u00e4. <\/p>\n\n\n\n<p>Liian v\u00e4h\u00e4n t\u00e4h\u00e4n p\u00e4iv\u00e4\u00e4n kiinnitet\u00e4\u00e4n huomiota \u2013 kirpe\u00e4 pakkasaamu antaa\nkuitenkin muistutuksensa siit\u00e4, ett\u00e4 suurilla uhrauksilla voimme t\u00e4n\u00e4\u00e4nkin valita vapaasti kielemme,\nuskomme, koulutuksemme, ty\u00f6mme ja omat ajatuksemme.<\/p>\n\n\n\n<p>Kiitos. Kaikkea hyv\u00e4\u00e4 t\u00e4h\u00e4n p\u00e4iv\u00e4\u00e4n ja kev\u00e4\u00e4n odotukseen. Pakkasaamuterveisin Vierem\u00e4n kirkonkyl\u00e4lt\u00e4,<\/p>\n\n\n\n<p>Juha<\/p>\n\n\n\n<p><strong>****&nbsp;<\/strong><\/p>\n\n\n\n<p><strong>4)\nMarkku Hirvosen kirje:<\/strong><\/p>\n\n\n\n<p>Talvisodan p\u00e4\u00e4ttymisp\u00e4iv\u00e4 on\nperheellemme ollut aina t\u00e4rke\u00e4 p\u00e4iv\u00e4. Vaimoni Eilan is\u00e4 Aleksi kaatui\nSalmenkaidassa 28.2.1939 h\u00e4nen komppaniansa j\u00e4\u00e4ty\u00e4 viivytt\u00e4m\u00e4\u00e4n etenev\u00e4\u00e4\nvihollista. Olimme sunnuntaina P\u00e4\u00e4kaupunkiseudun sotaorpojen j\u00e4rjest\u00e4m\u00e4ss\u00e4\ntalvisodan p\u00e4\u00e4ttymisen 79-vuotisjuhlassa Helsingin Vanhassa kirkossa. Tilaisuus\noli herkk\u00e4 ja tunnelmallinen. Vaimoni lauloi siell\u00e4 sotaorpojen kuorossa,\ntytt\u00e4reni Elina piti \u201dsotaorvon tytt\u00e4ren puheen\u201d ja 8- ja 6-vuotiaat\nlapsenlapsemme olivat is\u00e4ns\u00e4 kanssa mukana kuuntelemassa ja katselemassa\nvakavina varmasti heid\u00e4n mieleens\u00e4 painuvia muistoja ja asioita. He ovat olleet\nn\u00e4ist\u00e4 asioista kiinnostuneita ja heille on niist\u00e4 kerrottu k\u00e4ydess\u00e4mme\nHeinolan maaseurakunnan sankarihautausmaalla mummin is\u00e4n haudalla.<\/p>\n\n\n\n<p>On t\u00e4rke\u00e4\u00e4, ett\u00e4 nuo itsen\u00e4isyyden\ns\u00e4ilytt\u00e4miselle kriittiset tapahtumat v\u00e4littyv\u00e4t j\u00e4lkipolville sotahistorian,\nveteraanity\u00f6n ja veteraanien sek\u00e4 sodassa kaatuneiden sankarivainajien\nj\u00e4lkipolvien kautta.<\/p>\n\n\n\n<p>Onnittelut is\u00e4llesi meilt\u00e4 kaikilta<\/p>\n\n\n\n<p>Markku.<\/p>\n\n\n\n<p><strong>Kirjailija Elina Hirvosen em. tilaisuuden 13.3.2019 juhlapuhe:<\/strong><\/p>\n\n\n\n<p>Hyv\u00e4t yst\u00e4v\u00e4t, sotaorvot, sotaorpojen omaiset,<\/p>\n\n\n\n<p>Hyv\u00e4\u00e4 talvisodan p\u00e4\u00e4ttymisen muistop\u00e4iv\u00e4\u00e4. Kiitos, ett\u00e4\nsaan puhua t\u00e4\u00e4ll\u00e4 t\u00e4n\u00e4\u00e4n.<\/p>\n\n\n\n<p>Joka vuosi t\u00e4n\u00e4 p\u00e4iv\u00e4n\u00e4 ajattelen edesmennytt\u00e4 mummiani.\nT\u00e4n\u00e4 p\u00e4iv\u00e4n\u00e4, vuonna 1940, mummini oli Heinolan torilla yhdess\u00e4 muiden ihmisten\nkanssa, juhlimassa sodan p\u00e4\u00e4ttymist\u00e4. Torilla ihmiset alkoivat supista: miksi\ntuo Hilda iloitsee, vaikka Aleksi on kuollut?<\/p>\n\n\n\n<p>Vasta silloin mummini sai kuulla, ett\u00e4 h\u00e4nen miehens\u00e4,\nisois\u00e4ni, silloin alle kaksivuotiaan \u00e4itini is\u00e4 Aleksi, oli kuollut paria\nviikkoa aikaisemmin Salmenkaidalla kranaatinsirpaleen aiheuttamaan\nverenvuotoon.<\/p>\n\n\n\n<p>Kun olin lapsi, mummi kertoi minulle usein el\u00e4m\u00e4st\u00e4\u00e4n.\nH\u00e4n kertoi useimmiten kauniita asioita: miten rakastunut oli ollut isois\u00e4\u00e4n, ja\nmiten ajatteli aina, ett\u00e4 he kohtaisivat joskus taivaassa.<\/p>\n\n\n\n<p>Tiesin, ett\u00e4 oli my\u00f6s paljon muuta. Isois\u00e4n kuoleman\nj\u00e4lkeen mummini, vain v\u00e4h\u00e4n kouluja k\u00e4ynyt, pieness\u00e4 torpassa 12-lapsisessa\nperheess\u00e4 kasvanut nainen, huolehti \u00e4idist\u00e4ni, ainoasta lapsestaan, yksin. H\u00e4n\nteki ensin kolmivuoroty\u00f6t\u00e4 tehtaassa, ja my\u00f6hemmin seitsem\u00e4np\u00e4iv\u00e4ist\u00e4\nty\u00f6viikkoa taloudenhoitajana Forskullan kartanossa.<\/p>\n\n\n\n<p>My\u00f6s \u00e4iti on kertonut minulle aina el\u00e4m\u00e4st\u00e4\u00e4n paljon.\nMutta sen, mit\u00e4 kaikkea is\u00e4n kaipuu h\u00e4nelle merkitsi, ymm\u00e4rsin kunnolla vasta,\nkun kuljimme minun lasteni kanssa \u00e4idin lapsuuden maisemissa Heinolassa.<\/p>\n\n\n\n<p>Ymm\u00e4rsin, miten paljon \u00e4iti\u00e4 oli pelottanut juosta\niltaisin pime\u00e4n kuusiaidan l\u00e4pi naapurista tyhj\u00e4\u00e4n kotiin, kun katselimme sit\u00e4\nkuusiaitaa yhdess\u00e4 omien lasteni kanssa.<\/p>\n\n\n\n<p>Ymm\u00e4rsin, miten yksin\u00e4ist\u00e4 \u00e4idin oli pienen\u00e4\nekaluokkalaisena letitt\u00e4\u00e4 itse tukkansa ja l\u00e4hte\u00e4 yksin kouluun, kun letitin\noman ekaluokkalaisen tytt\u00e4reni tukkaa.<\/p>\n\n\n\n<p>Ymm\u00e4rsin, miten yksin \u00e4idin oli t\u00e4ytynyt olla kartanossa,\nmiss\u00e4 mummini teki jatkuvasti t\u00f6it\u00e4. H\u00e4n sai asua kartanossa, se oli h\u00e4nelle\nrakas paikka, mutta koskaan se ei ollut sellainen koti, mihin h\u00e4nell\u00e4 olisi\nollut lupa kutsua koulutovereita kyl\u00e4\u00e4n.<\/p>\n\n\n\n<p>Talvisodan tarinaa on Suomessa kerrottu paitsi historian\nsuuren kuvan, my\u00f6s sodassa taistelleiden, sotaleskien, ja sotalasten\nn\u00e4k\u00f6kulmasta. Toivon, ett\u00e4 nyt meill\u00e4 on tilaa kuulla my\u00f6s sotaorpojen\ntarinoita, \u00e4\u00e4ni\u00e4 is\u00e4n, ja joskus my\u00f6s \u00e4idin kaipuusta, joka monien kohdalla on\nv\u00e4ritt\u00e4nyt koko el\u00e4m\u00e4\u00e4.<\/p>\n\n\n\n<p>Ne tarinat, teid\u00e4n tarinanne, on t\u00e4rke\u00e4\u00e4 siirt\u00e4\u00e4\neteenp\u00e4in. On t\u00e4rke\u00e4\u00e4 siirt\u00e4\u00e4 ne paitsi meille sotaorpojen lapsille, my\u00f6s\nlapsenlapsille, joiden kautta saatamme ymm\u00e4rt\u00e4\u00e4 jotakin enemm\u00e4n. Ne ovat\nt\u00e4rkeit\u00e4 sek\u00e4 yksitt\u00e4isten ihmisten, sukujen ja sukupolvien ymm\u00e4rt\u00e4miseksi,\nmy\u00f6s koko meid\u00e4n historiamme ymm\u00e4rt\u00e4miseksi.<\/p>\n\n\n\n<p>Te, lapset, jotka j\u00e4itte sodan j\u00e4lkeen kaipaamaan\nisi\u00e4nne, olette t\u00e4rke\u00e4 osa t\u00e4m\u00e4n kansakunnan historiaa. Kipu ja kaipaus, jonka\nmoni teist\u00e4 on joutunut lapsena k\u00e4tkem\u00e4\u00e4n, on t\u00e4rke\u00e4 osa kudelmaa, josta meid\u00e4t\non yh\u00e4 t\u00e4n\u00e4 p\u00e4iv\u00e4n\u00e4 tehty.<\/p>\n\n\n\n<p>Teid\u00e4n tarinoidenne ymm\u00e4rt\u00e4minen ja kuuleminen on t\u00e4rke\u00e4\u00e4\nmy\u00f6s siksi, ett\u00e4 t\u00e4ll\u00e4kin hetkell\u00e4 Suomessa el\u00e4\u00e4 lapsia, jotka ovat menett\u00e4neet\nvanhempansa sodassa. Vaikka ne sodat on k\u00e4yty toisaalla, lasten kaipaus vanhempiinsa\non sama.<\/p>\n\n\n\n<p>Vierailin marraskuussa Irakissa tulevan romaanini\ntaustaty\u00f6matkalla.<\/p>\n\n\n\n<p>Sain siell\u00e4 kutsun pit\u00e4\u00e4 puhe Bagdadissa, Irakin kirjailijaliitossa.\nPuhuin romaaneistani, joista ensimm\u00e4inen, ja nyt t\u00e4m\u00e4 tuleva, k\u00e4sittelev\u00e4t\nmolemmat sotien vaikutusta lapsiin. Siell\u00e4, maassa, jossa tie sotien j\u00e4lkeiseen\nj\u00e4lleenrakennukseen on vasta alussa, kerroin my\u00f6s oman isois\u00e4ni, mummini ja\n\u00e4itini tarinan.<\/p>\n\n\n\n<p>Kirjailijaliiton tilan ulkopuolella oli useita\naseistettuja tarkastuspisteit\u00e4. Sin\u00e4 aikana, kun vierailin Bagdadissa,\nkaupungissa oli useita pommi-iskuja. Konflikti oli l\u00e4sn\u00e4 kaikkialla. Mutta\nyleis\u00f6ss\u00e4 kaikki kuuntelivat hiljaa, keskittynein\u00e4 tarinaa, jonka omasta\nsuvustani, ja Suomen historiasta kerroin. Puheen j\u00e4lkeen monet tulivat\njuttelemaan, kertoivat olevansa pahoillaan siit\u00e4, mit\u00e4 mummini ja \u00e4itini olivat\nkokeneet. Monet heist\u00e4 kertoivat my\u00f6s saavansa toivoa siit\u00e4, miten konfliktien\nj\u00e4lkeen Suomesta rakennettiin yksi maailman vakaimmista ja tasa-arvoisimmista\nmaista. <\/p>\n\n\n\n<p>Ne keskustelut avasivat isois\u00e4n, mummin ja \u00e4idin\ntarinalle uusia, my\u00f6s toivoa ja lohtua antavia merkityksi\u00e4. Ajattelin, mit\u00e4\n\u00e4itini, pieni tytt\u00f6, joka pelk\u00e4si kulkiessaan kuusiaidan l\u00e4pi yksin, olisi\najatellut, jos olisi tiennyt, ett\u00e4 jonain p\u00e4iv\u00e4n\u00e4 h\u00e4nen tarinaansa kuuntelevat\nhiljaa sek\u00e4 omat, maailman ihanimmat lapsenlapset, ett\u00e4 tuntemattomat ihmiset\nkaukana Irakissa. Ja ett\u00e4 kaikille n\u00e4ille ihmisille, tutuille ja\ntuntemattomille, sen tarinan kuuleminen on t\u00e4rke\u00e4\u00e4, jollain tavalla jokainen\nheist\u00e4 kantaa sit\u00e4 mukanaan.<\/p>\n\n\n\n<p>Ajattelin, miten kipu ja kaipaus, jonka jonakin hetken\u00e4\nkantaa yksin, saattaa toisena hetken\u00e4 olla ihmisi\u00e4, jopa maailmaa yhdist\u00e4v\u00e4\nvoima.<\/p>\n\n\n\n<p>Hyv\u00e4t sotaorvot. Kiitos, ett\u00e4 saan viett\u00e4\u00e4 osan t\u00e4t\u00e4\nmeille kaikille t\u00e4rke\u00e4\u00e4 p\u00e4iv\u00e4\u00e4 teid\u00e4n kanssanne.<\/p>\n\n\n\n<p><strong>***<\/strong><\/p>\n\n\n\n<p><strong>5).\nMartti Soikkelin kirje<\/strong>(Turun Sanomat 13.3.2019 julkaistu.)<\/p>\n\n\n\n<p><strong>Talvisota\nja lapsen y\u00f6 13.3.1940<\/strong><\/p>\n\n\n\n<p>Talvisodan p\u00e4\u00e4ttymist\u00e4 muistellaan eri tavoin. <\/p>\n\n\n\n<p>Ennen sodan alkamista perheemme oli siirtynyt rajan\npinnasta Terijoelta t\u00e4tini luokse Jaakkiman Pajasyrj\u00e4n kyl\u00e4\u00e4n. Siell\u00e4 oltiin\nKannaksen ja Laatokan Karjalan rintamien v\u00e4liss\u00e4. <\/p>\n\n\n\n<p>Sodan \u00e4\u00e4net kuuluivat, talo t\u00e4risi usein ja kerran \u00f6ljylamppu\nputosi sein\u00e4lt\u00e4. Puoleny\u00f6n j\u00e4lkeen 13.3. poliisi jyskytti ovea ja her\u00e4tti\nnukkuvat \u00e4idit. <\/p>\n\n\n\n<p>\u201dKello kolme on oltava kansakoululla. Mukaan saa ottaa\nsen, mink\u00e4 jaksaa kantaa.\u201d<\/p>\n\n\n\n<p>T\u00e4tini kertoi \u00e4idin sanoneen: \u201dA mie ko en l\u00e4he pieniin\nlapsiin kans keskel y\u00f6t\u00e4 mihink\u00e4\u00e4. Jos ryss\u00e4 tulloo, ni m\u00e4nk\u00f6\u00f6 yli.\u201d <\/p>\n\n\n\n<p>L\u00e4hdett\u00e4v\u00e4 oli. <\/p>\n\n\n\n<p><strong>Naapurin\nmies<\/strong>\nvaljasti hevosen, ja kuusi pient\u00e4 lasta peiteltiin parirekeen heinien ja\nv\u00e4llyjen alle. Nuorin lapsi oli puolivuotias.&nbsp;\nPakkasta oli 30 astetta. \u00d6inen, pime\u00e4 tie oli t\u00e4ynn\u00e4 hevosia ja ihmisi\u00e4.\n<\/p>\n\n\n\n<p>\u00c4iti ajoi. \u00c4itini kertoi, ett\u00e4 Uukuniemell\u00e4 er\u00e4s vastasyntynyt\nvauva kuoli, kun \u00e4idilt\u00e4 ei tullut maitoa. Pakomatka jatkui, ja seuraava y\u00f6\nnukuttiin Mikkeliss\u00e4 kirkon urkuparvella.<\/p>\n\n\n\n<p>Meid\u00e4t ja muita evakkoja vietiin tuhansittain Tornionjoen\nvarteen silt\u00e4 varalta, ett\u00e4 jos Neuvostoliitto valtaa Suomen, Ruotsi on l\u00e4hell\u00e4.\nKahden kuukauden kuluttua asuimme jo Parkanossa, ja el\u00e4m\u00e4 rauhoittui.<\/p>\n\n\n\n<p><strong>Olen\najatellut<\/strong>, mink\u00e4lainen olisi el\u00e4m\u00e4ni ollut, jos Stalin ei olisi\nhy\u00f6k\u00e4nnyt ja jos olisimme saaneet asua ja varttua Terijoella. <\/p>\n\n\n\n<p>Tuskin minua olisi pantu oppikouluun. Is\u00e4 oli ratavartija,\nja ehk\u00e4 olisin tehnyt el\u00e4m\u00e4nty\u00f6ni rataty\u00f6miehen\u00e4. <\/p>\n\n\n\n<p>Sotien takia el\u00e4m\u00e4 kuljetti minut ja sadat tuhannet muut\nkarjalaiset toisin kuin oli ajateltu.<\/p>\n\n\n\n<p><strong>Martti Soikkeli, <\/strong>Rukaj\u00e4rven suunnan historiikkitoimikunnan j\u00e4sen 27.4.2007 alkaen. <\/p>\n\n\n\n<p>Martti Soikkelin is\u00e4, korpraali Heikki Soikkeli, (s.\n31.12.1900) toimi Porokyl\u00e4ss\u00e4 JV:n koulutuskeskuksessa l\u00e4hettin\u00e4. Rukaj\u00e4rven\nsuunnan joukkoja koottiin ja koulutettiin Nurmeksen Porokyl\u00e4ss\u00e4 <\/p>\n\n\n\n<p>Heikki Soikkeli suoritti varusmiespalveluksensa Salmin\nRajavartiostossa.<\/p>\n\n\n\n<p>Perhe asui sodan aikana Parkanossa <\/p>\n\n\n\n<p><strong>***<\/strong><\/p>\n\n\n\n<p>N\u00e4it\u00e4 tarinoita yhdistyksemme sotahistoriaty\u00f6ss\u00e4 kokoamme\nja tallennamme. Rukaj\u00e4rven suunnalla palveli kaikkiaan t\u00e4ydennysjoukot mukaan\nlukien 35.000 miest\u00e4 ja 1000 lottaa, eli tavoitteemme on koota kaikki, v\u00e4hint\u00e4\u00e4nkin\n36.000 tarinaa.<\/p>\n\n\n<p><!--EndFragment--><\/p>\n<p><\/p>","protected":false},"excerpt":{"rendered":"<p>L\u00e4hetin yhdistyksemme j\u00e4senille kirjeen. Sain sen johdosta paljon palautetta. Julkaisen oheisena vain kahden Rukaj\u00e4rven suunnan historiikkitoimikunnan nykyisen j\u00e4senen kirjailija Antti Tuurin ja professori Martti Soikkelin l\u00e4hett\u00e4m\u00e4n palautteen sellaisenaan. Lis\u00e4ksi julkaisen <a class=\"more-link\" href=\"https:\/\/www.rukajarvensuunnanhistoriayhdistys.fi\/rukajarvikeskus\/tapahtumat\/merkkipaivaa-muistellessa-13-3-2019-lassilan-aamukahvipoydassa\/\">Lue lis\u00e4\u00e4&#8230;<span class=\"screen-reader-text\">Merkkip\u00e4iv\u00e4\u00e4 muistellessa 13.3.2019 Lassilan aamukahvip\u00f6yd\u00e4ss\u00e4<\/span><span class=\"meta-nav\">\u2192<\/span><\/a><\/p>\n","protected":false},"author":4,"featured_media":0,"comment_status":"closed","ping_status":"open","sticky":false,"template":"","format":"standard","meta":{"ngg_post_thumbnail":0,"_jetpack_newsletter_access":"","_jetpack_dont_email_post_to_subs":false,"_jetpack_newsletter_tier_id":0,"_jetpack_memberships_contains_paywalled_content":false,"_jetpack_memberships_contains_paid_content":false,"footnotes":""},"categories":[26,32,15],"tags":[],"class_list":["post-4040","post","type-post","status-publish","format-standard","hentry","category-ajankohtaista","category-historiayhdistys","category-tapahtumat"],"jetpack_featured_media_url":"","jetpack_sharing_enabled":true,"jetpack_shortlink":"https:\/\/wp.me\/p72N2f-13a","_links":{"self":[{"href":"https:\/\/www.rukajarvensuunnanhistoriayhdistys.fi\/rukajarvikeskus\/wp-json\/wp\/v2\/posts\/4040","targetHints":{"allow":["GET"]}}],"collection":[{"href":"https:\/\/www.rukajarvensuunnanhistoriayhdistys.fi\/rukajarvikeskus\/wp-json\/wp\/v2\/posts"}],"about":[{"href":"https:\/\/www.rukajarvensuunnanhistoriayhdistys.fi\/rukajarvikeskus\/wp-json\/wp\/v2\/types\/post"}],"author":[{"embeddable":true,"href":"https:\/\/www.rukajarvensuunnanhistoriayhdistys.fi\/rukajarvikeskus\/wp-json\/wp\/v2\/users\/4"}],"replies":[{"embeddable":true,"href":"https:\/\/www.rukajarvensuunnanhistoriayhdistys.fi\/rukajarvikeskus\/wp-json\/wp\/v2\/comments?post=4040"}],"version-history":[{"count":2,"href":"https:\/\/www.rukajarvensuunnanhistoriayhdistys.fi\/rukajarvikeskus\/wp-json\/wp\/v2\/posts\/4040\/revisions"}],"predecessor-version":[{"id":4042,"href":"https:\/\/www.rukajarvensuunnanhistoriayhdistys.fi\/rukajarvikeskus\/wp-json\/wp\/v2\/posts\/4040\/revisions\/4042"}],"wp:attachment":[{"href":"https:\/\/www.rukajarvensuunnanhistoriayhdistys.fi\/rukajarvikeskus\/wp-json\/wp\/v2\/media?parent=4040"}],"wp:term":[{"taxonomy":"category","embeddable":true,"href":"https:\/\/www.rukajarvensuunnanhistoriayhdistys.fi\/rukajarvikeskus\/wp-json\/wp\/v2\/categories?post=4040"},{"taxonomy":"post_tag","embeddable":true,"href":"https:\/\/www.rukajarvensuunnanhistoriayhdistys.fi\/rukajarvikeskus\/wp-json\/wp\/v2\/tags?post=4040"}],"curies":[{"name":"wp","href":"https:\/\/api.w.org\/{rel}","templated":true}]}}