{"id":4043,"date":"2019-03-15T15:59:46","date_gmt":"2019-03-15T12:59:46","guid":{"rendered":"http:\/\/www.rukajarvensuunnanhistoriayhdistys.fi\/rukajarvikeskus\/?p=4043"},"modified":"2019-03-15T15:59:54","modified_gmt":"2019-03-15T12:59:54","slug":"lieksan-rukajarvi-keskus-valmistautuu-tulevaan-kesaan","status":"publish","type":"post","link":"https:\/\/www.rukajarvensuunnanhistoriayhdistys.fi\/rukajarvikeskus\/ajankohtaista\/lieksan-rukajarvi-keskus-valmistautuu-tulevaan-kesaan\/","title":{"rendered":"Lieksan Rukaj\u00e4rvi-keskus valmistautuu tulevaan kes\u00e4\u00e4n"},"content":{"rendered":"<div class=\"fcbkbttn_buttons_block\" id=\"fcbkbttn_left\"><div class=\"fcbkbttn_like \"><fb:like href=\"https:\/\/www.rukajarvensuunnanhistoriayhdistys.fi\/rukajarvikeskus\/ajankohtaista\/lieksan-rukajarvi-keskus-valmistautuu-tulevaan-kesaan\/\" action=\"like\" colorscheme=\"light\" layout=\"button_count\"  size=\"small\"><\/fb:like><\/div><\/div>\n<p>Kaakkois-Suomen Viestikillan \u201dViestisotaa Rukaj\u00e4rvell\u00e4\u201d n\u00e4yttely palaa j\u00e4lleen Lieksan Rukaj\u00e4rvi-keskukseen entist\u00e4kin ehompana. Sen ovat varmistaneet n\u00e4yttelyn koonneet puheenjohtaja Tapio Teittinen ja Martti Susitaival. He olivat valmiiksi neuvotelleet luovutettavan kaluston ja n\u00e4in n\u00e4yttelyesineet saatettiin noutaa aivan kuin valmiista p\u00f6yd\u00e4st\u00e4 H\u00e4meenlinnan Museo Militariasta.<\/p>\n\n\n\n<p>N\u00e4yttelyesineet luovuttivat Museon johtaja Miia-Leena Tiili ja museon tieto- ja kokoelmapalveluista sek\u00e4 n\u00e4yttelyist\u00e4 vastaava tutkija Samuel Fabrin.<\/p>\n\n\n\n<figure class=\"wp-block-image\"><img loading=\"lazy\" decoding=\"async\" width=\"1024\" height=\"768\" src=\"http:\/\/www.rukajarvensuunnanhistoriayhdistys.fi\/rukajarvikeskus\/wp-content\/uploads\/2019\/03\/Miia-Leena-Tiili-1024x768.jpg\" alt=\"\" class=\"wp-image-4044\" srcset=\"https:\/\/www.rukajarvensuunnanhistoriayhdistys.fi\/rukajarvikeskus\/wp-content\/uploads\/2019\/03\/Miia-Leena-Tiili-1024x768.jpg 1024w, https:\/\/www.rukajarvensuunnanhistoriayhdistys.fi\/rukajarvikeskus\/wp-content\/uploads\/2019\/03\/Miia-Leena-Tiili-300x225.jpg 300w, https:\/\/www.rukajarvensuunnanhistoriayhdistys.fi\/rukajarvikeskus\/wp-content\/uploads\/2019\/03\/Miia-Leena-Tiili-768x576.jpg 768w\" sizes=\"auto, (max-width: 1024px) 100vw, 1024px\" \/><figcaption>Museonjohtaja Miia-Leena Tiili ja tutkija Samuel Fabrin. Tapio Teittinen, Martti Susitaival ja Tenho Tikkanen luovutti Museo Militarian kirjastoon Raappanan ritari-teoksen. Kuva Tapio Teittinen.<\/figcaption><\/figure>\n\n\n\n<figure class=\"wp-block-image\"><img loading=\"lazy\" decoding=\"async\" width=\"1024\" height=\"768\" src=\"http:\/\/www.rukajarvensuunnanhistoriayhdistys.fi\/rukajarvikeskus\/wp-content\/uploads\/2019\/03\/Arto-Heinonen-asemanhoitaja-1024x768.jpg\" alt=\"\" class=\"wp-image-4048\" srcset=\"https:\/\/www.rukajarvensuunnanhistoriayhdistys.fi\/rukajarvikeskus\/wp-content\/uploads\/2019\/03\/Arto-Heinonen-asemanhoitaja-1024x768.jpg 1024w, https:\/\/www.rukajarvensuunnanhistoriayhdistys.fi\/rukajarvikeskus\/wp-content\/uploads\/2019\/03\/Arto-Heinonen-asemanhoitaja-300x225.jpg 300w, https:\/\/www.rukajarvensuunnanhistoriayhdistys.fi\/rukajarvikeskus\/wp-content\/uploads\/2019\/03\/Arto-Heinonen-asemanhoitaja-768x576.jpg 768w\" sizes=\"auto, (max-width: 1024px) 100vw, 1024px\" \/><figcaption>Arto Heinonen Museo Militarian viestiaseman asemanvalvoja. H\u00e4nelt\u00e4 saatiin juuri kunnostettu kuvan Bertta-radio Uusittuun Lieksan n\u00e4yttelyyn. Kuva Tepio Teittinen.<\/figcaption><\/figure>\n\n\n\n<p>Tapio Teittisen ja Martti Susitaipaleen johdolla ja valvonnassa t\u00e4m\u00e4 maassamme ainutlaatuinen viestin\u00e4yttely asetetaan esille piakkoin Lieksan Rukaj\u00e4rvi-keskuksessa.<\/p>\n\n\n\n<p>Teittinen ja Susitaival ovat priimuksia jokaisella rintamalla mihin ryhtyv\u00e4t ja j\u00e4lke\u00e4 syntyy, useita Viestitoimintaa k\u00e4sittelevi\u00e4 teoksia, lukuisia n\u00e4yttelyit\u00e4.<\/p>\n\n\n\n<p>Kiitollisuuden osoituksena viestin\u00e4yttelyn palauttamisesta ja kokoamisesta yhdistys luovutti Tapio Teittiselle ja Martti Susitaipaleelle \u201dRukaj\u00e4rven luutnantti\u201d teokset.<\/p>\n\n\n\n<p>Tapio Teittinen ja Martti Susitaival ovat tarkoin tutustuneet Rukaj\u00e4rven suunnan sotahistoriankohteisiin, Rukaj\u00e4rven tiell\u00e4 sek\u00e4 Rukaj\u00e4rvi-keskuksiin, joissa he ovat pit\u00e4neet Rukaj\u00e4rven suunnan viestisotaa esitelmi\u00e4 niin Iisalmessa kuin my\u00f6s Lieksan Rukaj\u00e4rvi-keskuksessa.<\/p>\n\n\n\n<figure class=\"wp-block-image\"><img loading=\"lazy\" decoding=\"async\" width=\"1024\" height=\"681\" src=\"http:\/\/www.rukajarvensuunnanhistoriayhdistys.fi\/rukajarvikeskus\/wp-content\/uploads\/2019\/03\/Tapio-Teittinen-esitelm\u00e4-Iisalmen-Rukaj\u00e4rvi-keskuksessa-DSC06948-1024x681.jpg\" alt=\"\" class=\"wp-image-4046\" srcset=\"https:\/\/www.rukajarvensuunnanhistoriayhdistys.fi\/rukajarvikeskus\/wp-content\/uploads\/2019\/03\/Tapio-Teittinen-esitelm\u00e4-Iisalmen-Rukaj\u00e4rvi-keskuksessa-DSC06948-1024x681.jpg 1024w, https:\/\/www.rukajarvensuunnanhistoriayhdistys.fi\/rukajarvikeskus\/wp-content\/uploads\/2019\/03\/Tapio-Teittinen-esitelm\u00e4-Iisalmen-Rukaj\u00e4rvi-keskuksessa-DSC06948-300x200.jpg 300w, https:\/\/www.rukajarvensuunnanhistoriayhdistys.fi\/rukajarvikeskus\/wp-content\/uploads\/2019\/03\/Tapio-Teittinen-esitelm\u00e4-Iisalmen-Rukaj\u00e4rvi-keskuksessa-DSC06948-768x511.jpg 768w\" sizes=\"auto, (max-width: 1024px) 100vw, 1024px\" \/><figcaption>Tapio Teittinen pit\u00e4\u00e4 esitelm\u00e4\u00e4 Iisalmen Rukaj\u00e4rvi-keskuksessa 20.10.2018 , jolloin pidettiin kenraaliluutnantti Ermei Kannisen muistoseminaari.<\/figcaption><\/figure>\n\n\n\n<figure class=\"wp-block-image\"><img loading=\"lazy\" decoding=\"async\" width=\"1024\" height=\"681\" src=\"http:\/\/www.rukajarvensuunnanhistoriayhdistys.fi\/rukajarvikeskus\/wp-content\/uploads\/2019\/03\/Martti-Susitaival-esitelm\u00e4-Iisalmen-Rukaj\u00e4rvi-keskus-DSC06949-1024x681.jpg\" alt=\"\" class=\"wp-image-4049\" srcset=\"https:\/\/www.rukajarvensuunnanhistoriayhdistys.fi\/rukajarvikeskus\/wp-content\/uploads\/2019\/03\/Martti-Susitaival-esitelm\u00e4-Iisalmen-Rukaj\u00e4rvi-keskus-DSC06949-1024x681.jpg 1024w, https:\/\/www.rukajarvensuunnanhistoriayhdistys.fi\/rukajarvikeskus\/wp-content\/uploads\/2019\/03\/Martti-Susitaival-esitelm\u00e4-Iisalmen-Rukaj\u00e4rvi-keskus-DSC06949-300x200.jpg 300w, https:\/\/www.rukajarvensuunnanhistoriayhdistys.fi\/rukajarvikeskus\/wp-content\/uploads\/2019\/03\/Martti-Susitaival-esitelm\u00e4-Iisalmen-Rukaj\u00e4rvi-keskus-DSC06949-768x511.jpg 768w\" sizes=\"auto, (max-width: 1024px) 100vw, 1024px\" \/><figcaption>Martti Susitaival pit\u00e4\u00e4 esitelm\u00e4\u00e4 Iisalmen Rukaj\u00e4rvi-keskuksessa 20.10.2018 .<\/figcaption><\/figure>\n\n\n\n<figure class=\"wp-block-image\"><img loading=\"lazy\" decoding=\"async\" width=\"1024\" height=\"768\" src=\"http:\/\/www.rukajarvensuunnanhistoriayhdistys.fi\/rukajarvikeskus\/wp-content\/uploads\/2016\/09\/YUNC0004-1024x768.jpg\" alt=\"\" class=\"wp-image-2432\" srcset=\"https:\/\/www.rukajarvensuunnanhistoriayhdistys.fi\/rukajarvikeskus\/wp-content\/uploads\/2016\/09\/YUNC0004-1024x768.jpg 1024w, https:\/\/www.rukajarvensuunnanhistoriayhdistys.fi\/rukajarvikeskus\/wp-content\/uploads\/2016\/09\/YUNC0004-300x225.jpg 300w, https:\/\/www.rukajarvensuunnanhistoriayhdistys.fi\/rukajarvikeskus\/wp-content\/uploads\/2016\/09\/YUNC0004-768x576.jpg 768w\" sizes=\"auto, (max-width: 1024px) 100vw, 1024px\" \/><figcaption> <br>Tapio Teittinen ja Martti Susitaival Rukaj\u00e4rven tiell\u00e4 Jukolan motti -pirtin edustalla elokuussa 2015. Jukolan motti -pirtti on suosittu Rukaj\u00e4rven tien kohde<\/figcaption><\/figure>\n\n\n","protected":false},"excerpt":{"rendered":"<p>Kaakkois-Suomen Viestikillan \u201dViestisotaa Rukaj\u00e4rvell\u00e4\u201d n\u00e4yttely palaa j\u00e4lleen Lieksan Rukaj\u00e4rvi-keskukseen entist\u00e4kin ehompana. Sen ovat varmistaneet n\u00e4yttelyn koonneet puheenjohtaja Tapio Teittinen ja Martti Susitaival. He olivat valmiiksi neuvotelleet luovutettavan kaluston ja n\u00e4in <a class=\"more-link\" href=\"https:\/\/www.rukajarvensuunnanhistoriayhdistys.fi\/rukajarvikeskus\/ajankohtaista\/lieksan-rukajarvi-keskus-valmistautuu-tulevaan-kesaan\/\">Lue lis\u00e4\u00e4&#8230;<span class=\"screen-reader-text\">Lieksan Rukaj\u00e4rvi-keskus valmistautuu tulevaan kes\u00e4\u00e4n<\/span><span class=\"meta-nav\">\u2192<\/span><\/a><\/p>\n","protected":false},"author":4,"featured_media":0,"comment_status":"closed","ping_status":"open","sticky":false,"template":"","format":"standard","meta":{"ngg_post_thumbnail":0,"_jetpack_newsletter_access":"","_jetpack_dont_email_post_to_subs":false,"_jetpack_newsletter_tier_id":0,"_jetpack_memberships_contains_paywalled_content":false,"_jetpack_memberships_contains_paid_content":false,"footnotes":""},"categories":[26,32],"tags":[],"class_list":["post-4043","post","type-post","status-publish","format-standard","hentry","category-ajankohtaista","category-historiayhdistys"],"jetpack_featured_media_url":"","jetpack_sharing_enabled":true,"jetpack_shortlink":"https:\/\/wp.me\/p72N2f-13d","_links":{"self":[{"href":"https:\/\/www.rukajarvensuunnanhistoriayhdistys.fi\/rukajarvikeskus\/wp-json\/wp\/v2\/posts\/4043","targetHints":{"allow":["GET"]}}],"collection":[{"href":"https:\/\/www.rukajarvensuunnanhistoriayhdistys.fi\/rukajarvikeskus\/wp-json\/wp\/v2\/posts"}],"about":[{"href":"https:\/\/www.rukajarvensuunnanhistoriayhdistys.fi\/rukajarvikeskus\/wp-json\/wp\/v2\/types\/post"}],"author":[{"embeddable":true,"href":"https:\/\/www.rukajarvensuunnanhistoriayhdistys.fi\/rukajarvikeskus\/wp-json\/wp\/v2\/users\/4"}],"replies":[{"embeddable":true,"href":"https:\/\/www.rukajarvensuunnanhistoriayhdistys.fi\/rukajarvikeskus\/wp-json\/wp\/v2\/comments?post=4043"}],"version-history":[{"count":1,"href":"https:\/\/www.rukajarvensuunnanhistoriayhdistys.fi\/rukajarvikeskus\/wp-json\/wp\/v2\/posts\/4043\/revisions"}],"predecessor-version":[{"id":4050,"href":"https:\/\/www.rukajarvensuunnanhistoriayhdistys.fi\/rukajarvikeskus\/wp-json\/wp\/v2\/posts\/4043\/revisions\/4050"}],"wp:attachment":[{"href":"https:\/\/www.rukajarvensuunnanhistoriayhdistys.fi\/rukajarvikeskus\/wp-json\/wp\/v2\/media?parent=4043"}],"wp:term":[{"taxonomy":"category","embeddable":true,"href":"https:\/\/www.rukajarvensuunnanhistoriayhdistys.fi\/rukajarvikeskus\/wp-json\/wp\/v2\/categories?post=4043"},{"taxonomy":"post_tag","embeddable":true,"href":"https:\/\/www.rukajarvensuunnanhistoriayhdistys.fi\/rukajarvikeskus\/wp-json\/wp\/v2\/tags?post=4043"}],"curies":[{"name":"wp","href":"https:\/\/api.w.org\/{rel}","templated":true}]}}