{"id":713,"date":"2013-09-13T12:00:59","date_gmt":"2013-09-13T09:00:59","guid":{"rendered":"http:\/\/www.rukajarvensuunnanhistoriayhdistys.fi\/rukajarvikeskus\/?p=713"},"modified":"2013-09-26T20:46:09","modified_gmt":"2013-09-26T17:46:09","slug":"veikko-pursiainen-lipunkantaja-on-poissa","status":"publish","type":"post","link":"https:\/\/www.rukajarvensuunnanhistoriayhdistys.fi\/rukajarvikeskus\/muistokirjoitukset\/veikko-pursiainen-lipunkantaja-on-poissa\/","title":{"rendered":"Veikko Pursiainen &#8211; lipunkantaja on poissa"},"content":{"rendered":"<div class=\"fcbkbttn_buttons_block\" id=\"fcbkbttn_left\"><div class=\"fcbkbttn_like \"><fb:like href=\"https:\/\/www.rukajarvensuunnanhistoriayhdistys.fi\/rukajarvikeskus\/muistokirjoitukset\/veikko-pursiainen-lipunkantaja-on-poissa\/\" action=\"like\" colorscheme=\"light\" layout=\"button_count\"  size=\"small\"><\/fb:like><\/div><\/div><p>Veikko Pursiainen syntyi 17.7.1921 ja kuoli 2.9.2013 Pielavedell\u00e4. Muistamme h\u00e4net aina hyv\u00e4ntuulisena ja huumorintajuisena ihmisen\u00e4. Veikko halusi olla aina mukana siell\u00e4 miss\u00e4 puhuttiin veteraaniperinteest\u00e4. Veikko Pursiaista j\u00e4iv\u00e4t kaipaamaan h\u00e4nen lapsensa Sirkka, Pirkko, Tuomo, Timo, Veijo ja Pentti ja Pauli perheineen.<\/p>\n<figure id=\"attachment_676\" aria-describedby=\"caption-attachment-676\" style=\"width: 644px\" class=\"wp-caption alignnone\"><a href=\"http:\/\/www.rukajarvensuunnanhistoriayhdistys.fi\/rukajarvikeskus\/wp-content\/uploads\/2013\/09\/DSC05623.jpg\"><img loading=\"lazy\" decoding=\"async\" class=\"size-large wp-image-676\" alt=\"Veikko oli Rukaj\u00e4rven perinnety\u00f6n lipunkantaja. T\u00e4ss\u00e4 h\u00e4n on tulossa Rukaj\u00e4rvelt\u00e4.\" src=\"http:\/\/www.rukajarvensuunnanhistoriayhdistys.fi\/rukajarvikeskus\/wp-content\/uploads\/2013\/09\/DSC05623-1024x681.jpg\" width=\"644\" height=\"428\" srcset=\"https:\/\/www.rukajarvensuunnanhistoriayhdistys.fi\/rukajarvikeskus\/wp-content\/uploads\/2013\/09\/DSC05623-1024x681.jpg 1024w, https:\/\/www.rukajarvensuunnanhistoriayhdistys.fi\/rukajarvikeskus\/wp-content\/uploads\/2013\/09\/DSC05623-300x199.jpg 300w\" sizes=\"auto, (max-width: 644px) 100vw, 644px\" \/><\/a><figcaption id=\"caption-attachment-676\" class=\"wp-caption-text\">Veikko oli Rukaj\u00e4rven perinnety\u00f6n lipunkantaja. T\u00e4ss\u00e4 h\u00e4n on tulossa joukkoineen\u00a0Rukaj\u00e4rvelt\u00e4 9.6.2013.<\/figcaption><\/figure>\n<p>Veikko oli pientilallinen ja taitava kirvesmies, jolla h\u00e4n hankki p\u00e4\u00e4osin elantonsa, mutta niist\u00e4 asioista j\u00e4i aikaa v\u00e4hemm\u00e4n kerrottavaksi. Rukaj\u00e4rven suunta oli se el\u00e4m\u00e4\u00e4 suurempi asia, josta h\u00e4n puhui mielell\u00e4\u00e4n ja kuulijoita aina riitti. Rukaj\u00e4rvelle ment\u00e4ess\u00e4 pitk\u00e4t ajomatkatkin k\u00e4ytettiin hyv\u00e4ksi ja kiusattiin Veikkoa, pyydettiin h\u00e4nelt\u00e4 lis\u00e4\u00e4 juttuja. Kuulijoita ilmaantui aina Veikon ymp\u00e4rille. Toimiessaan komppanianp\u00e4\u00e4llik\u00f6n l\u00e4hettin\u00e4 Veikko liikkui asioilla, n\u00e4ki paljon ja tapasi monia ihmisi\u00e4 ja sai n\u00e4in laajan kuvan rintaman tapahtumista. Siin\u00e4 m\u00e4\u00e4rin sota oli koskettanut nuorta miest\u00e4, ett\u00e4 sotakavereitten tekemiset ja nimetkin olivat tuoreessa muistissa.<\/p>\n<figure id=\"attachment_671\" aria-describedby=\"caption-attachment-671\" style=\"width: 644px\" class=\"wp-caption alignnone\"><a href=\"http:\/\/www.rukajarvensuunnanhistoriayhdistys.fi\/rukajarvikeskus\/wp-content\/uploads\/2013\/09\/DSC01226.jpg\"><img loading=\"lazy\" decoding=\"async\" class=\"size-large wp-image-671\" alt=\"Veikko muutti Ranta-ahosta Pielaveden kirkonkyl\u00e4lle vasta pari vuotta sitten.\" src=\"http:\/\/www.rukajarvensuunnanhistoriayhdistys.fi\/rukajarvikeskus\/wp-content\/uploads\/2013\/09\/DSC01226-1024x576.jpg\" width=\"644\" height=\"362\" srcset=\"https:\/\/www.rukajarvensuunnanhistoriayhdistys.fi\/rukajarvikeskus\/wp-content\/uploads\/2013\/09\/DSC01226-1024x576.jpg 1024w, https:\/\/www.rukajarvensuunnanhistoriayhdistys.fi\/rukajarvikeskus\/wp-content\/uploads\/2013\/09\/DSC01226-300x168.jpg 300w\" sizes=\"auto, (max-width: 644px) 100vw, 644px\" \/><\/a><figcaption id=\"caption-attachment-671\" class=\"wp-caption-text\">Veikko muutti Ranta-ahosta Pielaveden kirkonkyl\u00e4lle vasta pari vuotta sitten.<\/figcaption><\/figure>\n<p>Veikko el\u00e4\u00e4 yh\u00e4 muistoissamme. H\u00e4nen vuosikymmenten aikana antamistaan lausunnoista tunnetuimpia on kertomus kotiinpaluumarssista: Veteraanien muistellessa rintamalta paluuta he puhuivat aina, ett\u00e4 jalan marssittiin rintamalta Pielavedelle asti. Veikko muisti t\u00e4m\u00e4n virheen korjata, ettei koko matkaa. Peltosalmella oli lossi satametrisen salmen yli. Sit\u00e4 matkaa ei tarvinnut k\u00e4vell\u00e4. Ja toinen yht\u00e4 tunnettu. Veikko kertoi liikkuvansa siin\u00e4 m\u00e4\u00e4rin vilkkaasti, ettei \u00e4p\u00e4re ehdi kasvamaan varpaitten v\u00e4liss\u00e4. Ja vilkas mies h\u00e4n olikin. Ensimm\u00e4isill\u00e4 retkill\u00e4 Rukaj\u00e4rvelle Veikko teki viel\u00e4 pitki\u00e4 k\u00e4velylenkkej\u00e4, Peukaloniemeen, Palloon, Sukellusveneeseen, Joen tukikohtaan &#8211; kaikkiin paikkoihin.<\/p>\n<p>T\u00e4rke\u00e4 kohde oli Peukaloniemi ja siell\u00e4 erityisesti Pokkalampi, pataljoonan komentopaikka, jossa l\u00e4hetti asioi usein. Veikko satutti matkansa sauna-aikaan ja sai n\u00e4in kylpe\u00e4 miltei p\u00e4ivitt\u00e4in.<\/p>\n<p>Pokkalammella\u00a0 er\u00e4\u00e4n\u00e4 kes\u00e4isen\u00e4 hellep\u00e4iv\u00e4n\u00e4 k\u00e4ydess\u00e4\u00e4n sauna l\u00f6ytyi. Vain kiuas oli siit\u00e4 j\u00e4ljell\u00e4, k\u00e4rryn akseli kannatti sen suuaukkoa. Paikat olivat tuttuja ja muut rakennukset raunioina. Veikko iloitsi erityisesti t\u00e4st\u00e4 Pokkalammin vierailustaan vuosikymmenten j\u00e4lkeen.<\/p>\n<p>Sota-aikana ensimm\u00e4inen tukikohta h\u00e4nell\u00e4 oli Peukaloniemess\u00e4, jonne h\u00e4n meni hetke\u00e4 my\u00f6hemmin kun siell\u00e4 oli juuri 10.10.1942 kaatunut tunnetuksi tullut Arnold Majewski. Valokuvia n\u00e4ilt\u00e4 matkoilta l\u00f6ytyy.<\/p>\n<figure id=\"attachment_674\" aria-describedby=\"caption-attachment-674\" style=\"width: 644px\" class=\"wp-caption alignnone\"><a href=\"http:\/\/www.rukajarvensuunnanhistoriayhdistys.fi\/rukajarvikeskus\/wp-content\/uploads\/2013\/09\/DSC02331.jpg\"><img loading=\"lazy\" decoding=\"async\" class=\" wp-image-674 \" alt=\"DSC02331\" src=\"http:\/\/www.rukajarvensuunnanhistoriayhdistys.fi\/rukajarvikeskus\/wp-content\/uploads\/2013\/09\/DSC02331-1024x576.jpg\" width=\"644\" height=\"362\" srcset=\"https:\/\/www.rukajarvensuunnanhistoriayhdistys.fi\/rukajarvikeskus\/wp-content\/uploads\/2013\/09\/DSC02331-1024x576.jpg 1024w, https:\/\/www.rukajarvensuunnanhistoriayhdistys.fi\/rukajarvikeskus\/wp-content\/uploads\/2013\/09\/DSC02331-300x168.jpg 300w\" sizes=\"auto, (max-width: 644px) 100vw, 644px\" \/><\/a><figcaption id=\"caption-attachment-674\" class=\"wp-caption-text\">KV. Arkussa 8.6.2013, tyt\u00e4r sirkka, Veikko ja V\u00e4in\u00f6 V\u00e4\u00e4n\u00e4nen.<\/figcaption><\/figure>\n<p>Toinen t\u00e4rke\u00e4 paikka oli tietysti Arkku, kes\u00e4n -44 tukikohta ja Tahkokosken taistelun alku. Veikko kuului joukkoon (17 miest\u00e4), joka l\u00e4hti elokuun alussa Arkusta Askoon ja juuri edellisen\u00e4 y\u00f6n\u00e4 ven\u00e4l\u00e4iset olivat ylitt\u00e4neet Tsirkka-Kemijoen eik\u00e4 Veikko joukkoineen p\u00e4\u00e4ssyt l\u00e4pi, vaan j\u00e4i taistelemaan matkalle koko p\u00e4iv\u00e4ksi.<\/p>\n<p>Veikko teki ty\u00f6ns\u00e4 loppuun niin sodassa kuin siviiliss\u00e4kin. Kuten edell\u00e4 kerrottiin h\u00e4n oli 1944 elokuussa joukossa, jonka teht\u00e4v\u00e4n\u00e4 oli menn\u00e4 kentt\u00e4vartio Arkusta Askoon, mutta vihollisen hy\u00f6kk\u00e4ysjoukot estiv\u00e4t sen. Seuraavan kerran Veikolla oli tilaisuus menn\u00e4 Askoon vasta sodan j\u00e4lkeen kev\u00e4\u00e4ll\u00e4 2001, jolloin h\u00e4n totesi kesken j\u00e4\u00e4neen teht\u00e4v\u00e4n tulleen nyt loppuun suoritetuksi. Annettu teht\u00e4v\u00e4, viesti on viety perille.<\/p>\n<p>T\u00e4st\u00e4 edell\u00e4 kerrotusta syyst\u00e4 Veikko k\u00e4vi Arkun tukikohdassa usein. Sen h\u00e4n nimesi sota-aikaiseksi &#8221;kodiksi&#8221;. Arkusta k\u00e4sin Veikko teki l\u00e4hetin teht\u00e4v\u00e4ss\u00e4\u00e4n matkoja p\u00e4ivitt\u00e4in viereisiin 5 &#8211; 6 kilometrin p\u00e4\u00e4ss\u00e4 oleviin Joen ja Askon tukikohtiin. Vaarallisia reittej\u00e4 kaikki.<\/p>\n<p>Muistissa on v. 2008\u00a0vierailu h\u00e4nen kotonaan ja saunominen h\u00e4nen j\u00e4rvenrantaan rakentamassaan savusaunassa. Veikko oli Rukaj\u00e4rven saunakulttuurin asiantuntija. Siit\u00e4kin aiheesta on pitk\u00e4t nauhoitukset, kun h\u00e4n veteraaniveljiens\u00e4 Tauno-is\u00e4ni ja Toivo Turkan kanssa muistelevat Rukaj\u00e4rven saunojen rakentamista. Kotiinsa eli Ranta-ahon savusaunansa Veikko, joka oli taitava kirvesmies, olikin rakentanut sitten kaikkien taiteen s\u00e4\u00e4nt\u00f6jen mukaisesti. Savusaunan kiuasta kiersi tulikivinen muuri, joka oli ilmava ja kiuas piti pitk\u00e4\u00e4n saunan l\u00e4mpim\u00e4n\u00e4.<\/p>\n<p>Jos olivat maukkaat l\u00f6ylyt Veikon itse omin k\u00e4sin rakentaman kodin Ranta-ahon savusaunassa, niin maukkaat olivat ateriat, joita h\u00e4nen Anna-puolisonsa ja tytt\u00e4rens\u00e4 Sirkka veteraaneille laittoi ja juttua riitti. Kaunis on my\u00f6s Ranta-ahon pihapiiri, jossa veteraanipariskunta Veikko ja Anna vanhuudenp\u00e4iv\u00e4ns\u00e4 viettiv\u00e4t lastensa huolenpidossa, paria viimeist\u00e4 vuotta lukuun ottamatta, jotka he asuivat Pielaveden kirkonkyl\u00e4ss\u00e4 yhden Suomen puhdasvetisimm\u00e4n j\u00e4rven rannalla.<\/p>\n<figure id=\"attachment_673\" aria-describedby=\"caption-attachment-673\" style=\"width: 644px\" class=\"wp-caption alignnone\"><a href=\"http:\/\/www.rukajarvensuunnanhistoriayhdistys.fi\/rukajarvikeskus\/wp-content\/uploads\/2013\/09\/DSC02330.jpg\"><img loading=\"lazy\" decoding=\"async\" class=\"size-large wp-image-673\" alt=\"Viimeisen naulan Veikko l\u00f6i Arkun tukikohdan kantoon  Sirkka tytt\u00e4ren avustamana kes\u00e4kuun alussa 2013.\" src=\"http:\/\/www.rukajarvensuunnanhistoriayhdistys.fi\/rukajarvikeskus\/wp-content\/uploads\/2013\/09\/DSC02330-1024x576.jpg\" width=\"644\" height=\"362\" srcset=\"https:\/\/www.rukajarvensuunnanhistoriayhdistys.fi\/rukajarvikeskus\/wp-content\/uploads\/2013\/09\/DSC02330-1024x576.jpg 1024w, https:\/\/www.rukajarvensuunnanhistoriayhdistys.fi\/rukajarvikeskus\/wp-content\/uploads\/2013\/09\/DSC02330-300x168.jpg 300w\" sizes=\"auto, (max-width: 644px) 100vw, 644px\" \/><\/a><figcaption id=\"caption-attachment-673\" class=\"wp-caption-text\">Viimeisen naulan Veikko l\u00f6i Arkun tukikohdan kantoon Sirkka tytt\u00e4ren avustamana kes\u00e4kuun alussa 2013.<\/figcaption><\/figure>\n<p>Viimeisen matkansa Rukaj\u00e4rvelle Veikko teki kuluvan kes\u00e4n alussa. Suomen ja Neuvostoarmeijan aselepo solmittiin 5.9.1944. Juuri tuolloin Veikko oli Arkun kentt\u00e4vartiossa sodanaikaisessa &#8221;kodissaan&#8221;. T\u00e4st\u00e4 syyst\u00e4 h\u00e4n halusi k\u00e4yd\u00e4 t\u00e4ll\u00e4kin matkalla Arkun kentt\u00e4vartiossa naulaamassa &#8221;viimeisen naulan&#8221; kuten h\u00e4n sanoi. T\u00e4nne Arkkuun en en\u00e4\u00e4 palaa t\u00e4m\u00e4n j\u00e4lkeen. Matkaseuralaisille h\u00e4n ilmoitti erotessamme: &#8221;Ensi kes\u00e4n\u00e4 tavataan Rukaj\u00e4rvell\u00e4, jos elet\u00e4\u00e4n ja tervenn\u00e4 ollaan.&#8221;<\/p>\n<figure id=\"attachment_670\" aria-describedby=\"caption-attachment-670\" style=\"width: 640px\" class=\"wp-caption alignnone\"><a href=\"http:\/\/www.rukajarvensuunnanhistoriayhdistys.fi\/rukajarvikeskus\/wp-content\/uploads\/2013\/09\/Pursiainen-Veikko-ja-Anssi-Kukkonen-Nurmes-2006.jpg\"><img loading=\"lazy\" decoding=\"async\" class=\" wp-image-670\" alt=\"Pursiainen Veikko ja Anssi Kukkonen Nurmes 2006\" src=\"http:\/\/www.rukajarvensuunnanhistoriayhdistys.fi\/rukajarvikeskus\/wp-content\/uploads\/2013\/09\/Pursiainen-Veikko-ja-Anssi-Kukkonen-Nurmes-2006.jpg\" width=\"640\" height=\"480\" srcset=\"https:\/\/www.rukajarvensuunnanhistoriayhdistys.fi\/rukajarvikeskus\/wp-content\/uploads\/2013\/09\/Pursiainen-Veikko-ja-Anssi-Kukkonen-Nurmes-2006.jpg 640w, https:\/\/www.rukajarvensuunnanhistoriayhdistys.fi\/rukajarvikeskus\/wp-content\/uploads\/2013\/09\/Pursiainen-Veikko-ja-Anssi-Kukkonen-Nurmes-2006-300x225.jpg 300w\" sizes=\"auto, (max-width: 640px) 100vw, 640px\" \/><\/a><figcaption id=\"caption-attachment-670\" class=\"wp-caption-text\">Anssi Kukkonen haastattelee Nurmeksen v. 2006 veteraanitapahtumassa Veikko Pursiasta.<\/figcaption><\/figure>\n<p>Veikon sanavalmius oli toimittajien tiedossa. Vuonna 2006 matkustimme Veikon kanssa Nurmeksen veteraanitapahtumaan. Monipuoliseen Nurmeksen ohjelmaan kuului Niinisalon perinneyksik\u00f6n tykkien asemiin ajo. Lis\u00e4ksi Anssi Kukkonen haastatteli veteraaneja ja mitenk\u00e4s sattuikaan, pian Anssi uteli mikrofonin kanssa Veikon sotakokemuksia tuhatp\u00e4isen yleis\u00f6n kuullen. T\u00e4m\u00e4kin haastattelu on tallennettu, kuten monta muuta Veikon antamaa haastattelua ja Rukaj\u00e4rven tukikohdan juttutuokiota, jotka j\u00e4lkipolvet voivat kuulla mm. Rukaj\u00e4rvikeskuksen suojissa, paikassa, jonka Lieksassa 1.7.2013 pidettyihin avajaisiin Veikko osallistui ja piti sit\u00e4kin suoranaisena velvollisuutenaan.<\/p>\n<figure id=\"attachment_714\" aria-describedby=\"caption-attachment-714\" style=\"width: 644px\" class=\"wp-caption alignnone\"><a href=\"http:\/\/www.rukajarvensuunnanhistoriayhdistys.fi\/rukajarvikeskus\/wp-content\/uploads\/2013\/09\/S2150090.jpg\"><img loading=\"lazy\" decoding=\"async\" class=\"size-large wp-image-714\" alt=\"Veikko Rukaj\u00e4rvikeskuksen avajaisissa 1.7.2013 Lieksassa. Edess\u00e4 veteraanit Jaakko Valtanen ja Ermei Kanninen, Paavo Salmensuu, Olavi Tiittanen, Kalle Sutinen, Veikko Pursiainen, Armas Tuononen ja Lieksan kaupunginvaltuuston puheenjohtaja Ari Marjeta. Heid\u00e4n takanaan Matti ja Sirkka Kekkonen eli Veikon tyt\u00e4r puolisoineen.\" src=\"http:\/\/www.rukajarvensuunnanhistoriayhdistys.fi\/rukajarvikeskus\/wp-content\/uploads\/2013\/09\/S2150090-1024x576.jpg\" width=\"644\" height=\"362\" srcset=\"https:\/\/www.rukajarvensuunnanhistoriayhdistys.fi\/rukajarvikeskus\/wp-content\/uploads\/2013\/09\/S2150090-1024x576.jpg 1024w, https:\/\/www.rukajarvensuunnanhistoriayhdistys.fi\/rukajarvikeskus\/wp-content\/uploads\/2013\/09\/S2150090-300x168.jpg 300w\" sizes=\"auto, (max-width: 644px) 100vw, 644px\" \/><\/a><figcaption id=\"caption-attachment-714\" class=\"wp-caption-text\">Veikko Rukaj\u00e4rvikeskuksen avajaisissa 1.7.2013 Lieksassa. Edess\u00e4 veteraanit Jaakko Valtanen ja Ermei Kanninen, Paavo Salmensuu, Olavi Tiittanen, Kalle Sutinen, Veikko Pursiainen, Armas Tuononen ja Lieksan kaupunginvaltuuston puheenjohtaja Ari Marjeta. Heid\u00e4n takanaan Matti ja Sirkka Kekkonen eli Veikon tyt\u00e4r puolisoineen.<\/figcaption><\/figure>\n<p>J\u00e4\u00e4mme kaipaamaan t\u00e4t\u00e4 huumorintajuista rehti\u00e4 velvollisuudentuntoista suomalaista miest\u00e4.<\/p>\n<p>Tenho Tikkanen<\/p>\n","protected":false},"excerpt":{"rendered":"<p>Veikko Pursiainen syntyi 17.7.1921 ja kuoli 2.9.2013 Pielavedell\u00e4. Muistamme h\u00e4net aina hyv\u00e4ntuulisena ja huumorintajuisena ihmisen\u00e4. Veikko halusi olla aina mukana siell\u00e4 miss\u00e4 puhuttiin veteraaniperinteest\u00e4. Veikko Pursiaista j\u00e4iv\u00e4t kaipaamaan h\u00e4nen lapsensa <a class=\"more-link\" href=\"https:\/\/www.rukajarvensuunnanhistoriayhdistys.fi\/rukajarvikeskus\/muistokirjoitukset\/veikko-pursiainen-lipunkantaja-on-poissa\/\">Lue lis\u00e4\u00e4&#8230;<span class=\"screen-reader-text\">Veikko Pursiainen &#8211; lipunkantaja on poissa<\/span><span class=\"meta-nav\">\u2192<\/span><\/a><\/p>\n","protected":false},"author":4,"featured_media":0,"comment_status":"closed","ping_status":"open","sticky":false,"template":"","format":"standard","meta":{"ngg_post_thumbnail":0,"_jetpack_newsletter_access":"","_jetpack_dont_email_post_to_subs":false,"_jetpack_newsletter_tier_id":0,"_jetpack_memberships_contains_paywalled_content":false,"_jetpack_memberships_contains_paid_content":false,"footnotes":""},"categories":[24],"tags":[],"class_list":["post-713","post","type-post","status-publish","format-standard","hentry","category-muistokirjoitukset"],"jetpack_featured_media_url":"","jetpack_sharing_enabled":true,"jetpack_shortlink":"https:\/\/wp.me\/p72N2f-bv","_links":{"self":[{"href":"https:\/\/www.rukajarvensuunnanhistoriayhdistys.fi\/rukajarvikeskus\/wp-json\/wp\/v2\/posts\/713","targetHints":{"allow":["GET"]}}],"collection":[{"href":"https:\/\/www.rukajarvensuunnanhistoriayhdistys.fi\/rukajarvikeskus\/wp-json\/wp\/v2\/posts"}],"about":[{"href":"https:\/\/www.rukajarvensuunnanhistoriayhdistys.fi\/rukajarvikeskus\/wp-json\/wp\/v2\/types\/post"}],"author":[{"embeddable":true,"href":"https:\/\/www.rukajarvensuunnanhistoriayhdistys.fi\/rukajarvikeskus\/wp-json\/wp\/v2\/users\/4"}],"replies":[{"embeddable":true,"href":"https:\/\/www.rukajarvensuunnanhistoriayhdistys.fi\/rukajarvikeskus\/wp-json\/wp\/v2\/comments?post=713"}],"version-history":[{"count":3,"href":"https:\/\/www.rukajarvensuunnanhistoriayhdistys.fi\/rukajarvikeskus\/wp-json\/wp\/v2\/posts\/713\/revisions"}],"predecessor-version":[{"id":721,"href":"https:\/\/www.rukajarvensuunnanhistoriayhdistys.fi\/rukajarvikeskus\/wp-json\/wp\/v2\/posts\/713\/revisions\/721"}],"wp:attachment":[{"href":"https:\/\/www.rukajarvensuunnanhistoriayhdistys.fi\/rukajarvikeskus\/wp-json\/wp\/v2\/media?parent=713"}],"wp:term":[{"taxonomy":"category","embeddable":true,"href":"https:\/\/www.rukajarvensuunnanhistoriayhdistys.fi\/rukajarvikeskus\/wp-json\/wp\/v2\/categories?post=713"},{"taxonomy":"post_tag","embeddable":true,"href":"https:\/\/www.rukajarvensuunnanhistoriayhdistys.fi\/rukajarvikeskus\/wp-json\/wp\/v2\/tags?post=713"}],"curies":[{"name":"wp","href":"https:\/\/api.w.org\/{rel}","templated":true}]}}