{"id":748,"date":"2013-09-23T19:12:53","date_gmt":"2013-09-23T16:12:53","guid":{"rendered":"http:\/\/www.rukajarvensuunnanhistoriayhdistys.fi\/rukajarvikeskus\/?p=748"},"modified":"2013-10-01T07:05:20","modified_gmt":"2013-10-01T04:05:20","slug":"kamarineuvos-laila-halmetta-onniteltiin-tampereella-amurin-helmessa","status":"publish","type":"post","link":"https:\/\/www.rukajarvensuunnanhistoriayhdistys.fi\/rukajarvikeskus\/ajankohtaista\/kamarineuvos-laila-halmetta-onniteltiin-tampereella-amurin-helmessa\/","title":{"rendered":"Kamarineuvos Laila Halmetta onniteltiin Tampereella Amurin  Helmess\u00e4."},"content":{"rendered":"<div class=\"fcbkbttn_buttons_block\" id=\"fcbkbttn_left\"><div class=\"fcbkbttn_like \"><fb:like href=\"https:\/\/www.rukajarvensuunnanhistoriayhdistys.fi\/rukajarvikeskus\/ajankohtaista\/kamarineuvos-laila-halmetta-onniteltiin-tampereella-amurin-helmessa\/\" action=\"like\" colorscheme=\"light\" layout=\"button_count\"  size=\"small\"><\/fb:like><\/div><\/div><h2>Parhaat onnittelut<\/h2>\n<p>Rukaj\u00e4rven suunnan historiayhdistys onnitteli kamarineuvos Laila Halmetta h\u00e4nen merkkip\u00e4iv\u00e4n\u00e4\u00e4n. Samalla h\u00e4nelle v\u00e4litettiin yhdistyksemme perustajaj\u00e4senten reservin majuri Pentti Perttulin ja kenraaliluutnantti Ermei Kannisen onnentoivotukset ja terveiset.<\/p>\n<figure id=\"attachment_751\" aria-describedby=\"caption-attachment-751\" style=\"width: 644px\" class=\"wp-caption alignnone\"><a href=\"http:\/\/www.rukajarvensuunnanhistoriayhdistys.fi\/rukajarvikeskus\/wp-content\/uploads\/2013\/09\/DSC06093-Laila-Halme.jpg\"><img loading=\"lazy\" decoding=\"async\" class=\" wp-image-751 \" alt=\"Rukaj\u00e4rven suunnan historiayhdistys onnitteli Laila Halmetta Tampereen Amurin Helmess\u00e4 pidetyss\u00e4 tilaisuudessa. Kuvassa Tapio ja Laila Halme ja yhdistyksen sihteeri Leevi Kuokkanen.\" src=\"http:\/\/www.rukajarvensuunnanhistoriayhdistys.fi\/rukajarvikeskus\/wp-content\/uploads\/2013\/09\/DSC06093-Laila-Halme-1024x681.jpg\" width=\"644\" height=\"428\" srcset=\"https:\/\/www.rukajarvensuunnanhistoriayhdistys.fi\/rukajarvikeskus\/wp-content\/uploads\/2013\/09\/DSC06093-Laila-Halme-1024x681.jpg 1024w, https:\/\/www.rukajarvensuunnanhistoriayhdistys.fi\/rukajarvikeskus\/wp-content\/uploads\/2013\/09\/DSC06093-Laila-Halme-300x199.jpg 300w\" sizes=\"auto, (max-width: 644px) 100vw, 644px\" \/><\/a><figcaption id=\"caption-attachment-751\" class=\"wp-caption-text\">Rukaj\u00e4rven suunnan historiayhdistys onnitteli Laila Halmetta Tampereen Amurin Helmess\u00e4 23.9.2013 pidetyss\u00e4 tilaisuudessa. Kuvassa Tapio ja Laila Halme ja yhdistyksen sihteeri Leevi Kuokkanen.<\/figcaption><\/figure>\n<p>Laila Halme (o.s. Pulkkinen) syntyi Kuhmossa, josta perhe muutti Kajaanin kautta Iisalmeen. Iisalmessa h\u00e4n yst\u00e4vystyi Eeva-Liisa Kumpulaisen (o.s. Sarvelan) kanssa. Heist\u00e4 tuli pikkulottia ja sit\u00e4 my\u00f6t\u00e4 he l\u00e4htiv\u00e4t lottakursseille Karkkuun \u00a0ja siirtyiv\u00e4t sielt\u00e4 Rukaj\u00e4rven rintamalle kes\u00e4ll\u00e4 1942. Radistin kurssi vei ensin Rukaj\u00e4rven kyl\u00e4n liepeille, josta tuli pian siirto ilmavalvontalotan teht\u00e4viin Tiiksj\u00e4rven lentokent\u00e4n alueelle. Tukikohdan peitenimi oli alussa &#8221;Korva&#8221; ja my\u00f6hemmin &#8221;Moottori&#8221;.<\/p>\n<figure id=\"attachment_756\" aria-describedby=\"caption-attachment-756\" style=\"width: 644px\" class=\"wp-caption alignnone\"><a href=\"http:\/\/www.rukajarvensuunnanhistoriayhdistys.fi\/rukajarvikeskus\/wp-content\/uploads\/2013\/09\/Kes\u00e443_7.jpg\"><img loading=\"lazy\" decoding=\"async\" class=\" wp-image-756  \" alt=\"Kes\u00e4 1943 Tiiksj\u00e4rvell\u00e4, Annikki Lehmus, Laila (os. Pulkkinen) Halme ja Eeva-Liisa (os. Sarvela) Kumpulainen.\" src=\"http:\/\/www.rukajarvensuunnanhistoriayhdistys.fi\/rukajarvikeskus\/wp-content\/uploads\/2013\/09\/Kes\u00e443_7-1024x858.jpg\" width=\"644\" height=\"539\" srcset=\"https:\/\/www.rukajarvensuunnanhistoriayhdistys.fi\/rukajarvikeskus\/wp-content\/uploads\/2013\/09\/Kes\u00e443_7-1024x858.jpg 1024w, https:\/\/www.rukajarvensuunnanhistoriayhdistys.fi\/rukajarvikeskus\/wp-content\/uploads\/2013\/09\/Kes\u00e443_7-300x251.jpg 300w, https:\/\/www.rukajarvensuunnanhistoriayhdistys.fi\/rukajarvikeskus\/wp-content\/uploads\/2013\/09\/Kes\u00e443_7.jpg 1384w\" sizes=\"auto, (max-width: 644px) 100vw, 644px\" \/><\/a><figcaption id=\"caption-attachment-756\" class=\"wp-caption-text\">Kes\u00e4 1943 yst\u00e4vykset Tiiksj\u00e4rvell\u00e4, Annikki Lehmus, Laila (o.s. Pulkkinen) Halme ja Eeva-Liisa (o.s. Sarvela) Kumpulainen.<\/figcaption><\/figure>\n<p>Alussa Laila asui yst\u00e4viens\u00e4 kanssa pahviparakissa, mutta my\u00f6hemmin heille rakennettiin oikein takalla l\u00e4mmitett\u00e4v\u00e4 hirsinen korsu.<\/p>\n<figure id=\"attachment_755\" aria-describedby=\"caption-attachment-755\" style=\"width: 644px\" class=\"wp-caption alignnone\"><a href=\"http:\/\/www.rukajarvensuunnanhistoriayhdistys.fi\/rukajarvikeskus\/wp-content\/uploads\/2013\/09\/KorvanKorsu.jpg\"><img loading=\"lazy\" decoding=\"async\" class=\"size-large wp-image-755\" alt=\"Rukaj\u00e4rven ilmavalvontalottien hirsinen asunto, jonka peitenimi oli &quot;Moottori&quot;. Alkuajat lotat joutuivat asumaan pahviparakissa, jossa peittokin j\u00e4\u00e4tyi sein\u00e4\u00e4n kiinni.\" src=\"http:\/\/www.rukajarvensuunnanhistoriayhdistys.fi\/rukajarvikeskus\/wp-content\/uploads\/2013\/09\/KorvanKorsu-1024x759.jpg\" width=\"644\" height=\"477\" srcset=\"https:\/\/www.rukajarvensuunnanhistoriayhdistys.fi\/rukajarvikeskus\/wp-content\/uploads\/2013\/09\/KorvanKorsu-1024x759.jpg 1024w, https:\/\/www.rukajarvensuunnanhistoriayhdistys.fi\/rukajarvikeskus\/wp-content\/uploads\/2013\/09\/KorvanKorsu-300x222.jpg 300w\" sizes=\"auto, (max-width: 644px) 100vw, 644px\" \/><\/a><figcaption id=\"caption-attachment-755\" class=\"wp-caption-text\">Rukaj\u00e4rven ilmavalvontalottien hirsinen asunto, jonka peitenimi oli &#8221;Moottori&#8221;. Alkuajat lotat joutuivat asumaan pahviparakissa, jossa peittokin j\u00e4\u00e4tyi sein\u00e4\u00e4n kiinni.<\/figcaption><\/figure>\n<p>Rukaj\u00e4velt\u00e4 Laila Halme siirtyi opiskelemaan ja vuoden 1944 puolella\u00a0Syv\u00e4rille, josta h\u00e4n palasi viimeisess\u00e4 junassa joukkojen per\u00e4\u00e4ntyess\u00e4. Ennen siviiliteht\u00e4viin siirtymist\u00e4\u00e4n h\u00e4n toimi Suomenlinnassa,\u00a0sielt\u00e4 heid\u00e4t kuljetettiin Porkkalan evakuointiteht\u00e4viin, jossa he nostivat sokerijuurikasta. Y\u00f6t nukuttiin paljaalla lattialla lottamantteli peitteen\u00e4.<\/p>\n<h2>Opinnot<\/h2>\n<p>Opintonsa Laila Halme suoritti Kajaanin ja Iisalmen yhteiskouluissa sek\u00e4 Porvoon naisopistossa ja Krogerupin kansanopistossa Tanskassa, fil. maisteri tutkinnon h\u00e4n suoritti 1973.<\/p>\n<h2>Ty\u00f6ura<\/h2>\n<p>Sodan j\u00e4lkeen h\u00e4n ty\u00f6skenteli uutistoimittajana STT:n Turun toimistossa, Kainuun Sanomissa ja Aamulehdess\u00e4, lehdist\u00f6sihteerin\u00e4 Suomen Trikoo Oy:ssa sek\u00e4 tiedotussihteerin\u00e4 Tampereen Kirjapaino Oy:ssa.<\/p>\n<h2>Luottamustoimet<\/h2>\n<p>Laila Halme toimi Tampereen kaupunginvaltuuston j\u00e4senen\u00e4 1976\u20111988, kaupunginhallituksessa kuuden vuoden ajan sek\u00e4 mm. museo\u2011, kirjasto\u2011 ja asemakaavalautakunnan j\u00e4senen\u00e4. Lis\u00e4ksi h\u00e4n toimi Tampereen taideyhdistyksen ja Kansallisten Seniorien kirjallisuuskerhon puheenjohtajana. Kamarineuvoksen arvonimi h\u00e4nelle my\u00f6nnettiin1990.<\/p>\n<h2>Kirjallinen toiminta<\/h2>\n<p>H\u00e4n on kirjoittanut 14 j\u00e4rjest\u00f6historiikki\u00e4, Aamulehden kolumnistina h\u00e4n toimi 12 vuoden ajan ja samaan aikaan h\u00e4n kirjoitti Tammerkoski\u2011lehteen. Laila Halme on julkaissut lis\u00e4ksi nelj\u00e4 omakustannekirjaa, joista vuonna 2012 kaksi.<\/p>\n<h2>Kirjoituskilpailun voitto Rukaj\u00e4rvell\u00e4<\/h2>\n<p>Kipin\u00e4n kirjoittamiseen Laila Halme sai Rukaj\u00e4rvell\u00e4, jolloin h\u00e4n osallistui Rukaj\u00e4rven suunnan lottien kirjoituskilpailuun. H\u00e4n voitti kilpailun ensimm\u00e4isen palkinnon yhdess\u00e4 kirjailija Kyllikki Villan ja Helvi Tunkkarin kanssa. H\u00e4nen kirjoittamansa runo &#8221;KORVEN RAUHA&#8221; julkaistiin Korven Kaiku lehdess\u00e4 keskiviikkona toukokuun 12. 1943.<\/p>\n<address>\n<figure id=\"attachment_749\" aria-describedby=\"caption-attachment-749\" style=\"width: 663px\" class=\"wp-caption alignnone\"><a href=\"http:\/\/www.rukajarvensuunnanhistoriayhdistys.fi\/rukajarvikeskus\/wp-content\/uploads\/2013\/09\/Runo-Laila-Halme-1943.jpg\"><img loading=\"lazy\" decoding=\"async\" class=\" wp-image-749  \" alt=\"Laila (os. Pulkkinen) Halmeen Runo v. 1943, jolla h\u00e4n voitti lottien kirjoituskilpailun.\" src=\"http:\/\/www.rukajarvensuunnanhistoriayhdistys.fi\/rukajarvikeskus\/wp-content\/uploads\/2013\/09\/Runo-Laila-Halme-1943.jpg\" width=\"663\" height=\"834\" srcset=\"https:\/\/www.rukajarvensuunnanhistoriayhdistys.fi\/rukajarvikeskus\/wp-content\/uploads\/2013\/09\/Runo-Laila-Halme-1943.jpg 663w, https:\/\/www.rukajarvensuunnanhistoriayhdistys.fi\/rukajarvikeskus\/wp-content\/uploads\/2013\/09\/Runo-Laila-Halme-1943-238x300.jpg 238w\" sizes=\"auto, (max-width: 663px) 100vw, 663px\" \/><\/a><figcaption id=\"caption-attachment-749\" class=\"wp-caption-text\">Laila (os. Pulkkinen) Halmeen kirjoituskilpailun runo v. 1943 &#8221;KORVEN RAUHA&#8221;.<\/figcaption><\/figure>\n<figure id=\"attachment_754\" aria-describedby=\"caption-attachment-754\" style=\"width: 644px\" class=\"wp-caption alignnone\"><a href=\"http:\/\/www.rukajarvensuunnanhistoriayhdistys.fi\/rukajarvikeskus\/wp-content\/uploads\/2013\/09\/DSC06115-Laila-ja-Tapio-Halme.jpg\"><img loading=\"lazy\" decoding=\"async\" class=\"size-large wp-image-754\" alt=\"Laila ja poikansa Tapio tutustuvat syntym\u00e4p\u00e4iv\u00e4lahjakirjaan &quot;Rukaj\u00e4rven luutnantti - Kentt\u00e4postia sotasensuurin takaa&quot;.\" src=\"http:\/\/www.rukajarvensuunnanhistoriayhdistys.fi\/rukajarvikeskus\/wp-content\/uploads\/2013\/09\/DSC06115-Laila-ja-Tapio-Halme-1024x681.jpg\" width=\"644\" height=\"428\" srcset=\"https:\/\/www.rukajarvensuunnanhistoriayhdistys.fi\/rukajarvikeskus\/wp-content\/uploads\/2013\/09\/DSC06115-Laila-ja-Tapio-Halme-1024x681.jpg 1024w, https:\/\/www.rukajarvensuunnanhistoriayhdistys.fi\/rukajarvikeskus\/wp-content\/uploads\/2013\/09\/DSC06115-Laila-ja-Tapio-Halme-300x199.jpg 300w\" sizes=\"auto, (max-width: 644px) 100vw, 644px\" \/><\/a><figcaption id=\"caption-attachment-754\" class=\"wp-caption-text\">Laila ja poikansa Tapio tutustuvat syntym\u00e4p\u00e4iv\u00e4lahjakirjaan &#8221;Rukaj\u00e4rven luutnantti &#8211; Kentt\u00e4postia sotasensuurin takaa&#8221;.<\/figcaption><\/figure>\n<figure id=\"attachment_753\" aria-describedby=\"caption-attachment-753\" style=\"width: 644px\" class=\"wp-caption alignnone\"><a href=\"http:\/\/www.rukajarvensuunnanhistoriayhdistys.fi\/rukajarvikeskus\/wp-content\/uploads\/2013\/09\/DSC06108-Laila-Halme-90-v.jpg\"><img loading=\"lazy\" decoding=\"async\" class=\"size-large wp-image-753\" alt=\"Rintamaoloja muisteltiin, Laila Halme, Leevi Kuokkanen ja Tenho Tikkanen.\" src=\"http:\/\/www.rukajarvensuunnanhistoriayhdistys.fi\/rukajarvikeskus\/wp-content\/uploads\/2013\/09\/DSC06108-Laila-Halme-90-v-1024x681.jpg\" width=\"644\" height=\"428\" srcset=\"https:\/\/www.rukajarvensuunnanhistoriayhdistys.fi\/rukajarvikeskus\/wp-content\/uploads\/2013\/09\/DSC06108-Laila-Halme-90-v-1024x681.jpg 1024w, https:\/\/www.rukajarvensuunnanhistoriayhdistys.fi\/rukajarvikeskus\/wp-content\/uploads\/2013\/09\/DSC06108-Laila-Halme-90-v-300x199.jpg 300w\" sizes=\"auto, (max-width: 644px) 100vw, 644px\" \/><\/a><figcaption id=\"caption-attachment-753\" class=\"wp-caption-text\">Rintamaoloja muisteltiin, Laila Halme, Leevi Kuokkanen ja Tenho Tikkanen.<\/figcaption><\/figure>\n<\/address>\n<p>Rukaj\u00e4rven suunnan historiayhdistys on haastatellut kamarineuvos Laila Halmeen \u00a0helmikuussa 2013. H\u00e4nen, samoin kuin h\u00e4nen yst\u00e4viens\u00e4, ilmavalvontalottien, Annikki Lehmuksen ja Eeva-Liisa Kumpulaisen videohaastattelut on n\u00e4ht\u00e4viss\u00e4 kokonaisuudessaan Lieksassa Rukaj\u00e4rvikeskuksessa.\u00a0Haastattelujen yhteydess\u00e4 \u00a0tallennettiin yhdistyksen digiarkistoon poikkeuksellisen arvokas, per\u00e4ti n. 500 valokuvaa k\u00e4sitt\u00e4v\u00e4 kokoelma.<\/p>\n<h2>Haastattelu &#8221;Halusimme auttaa Is\u00e4nmaata&#8221;.<\/h2>\n<p>Seuraaavassa ote (14:50 min) kamarineuvos Laila Halmeen antamasta haastattelusta &#8221;Suomi pinteess\u00e4 &#8211; Halusimme auttaa Is\u00e4nmaata&#8221;. Koko haastattelun (56 min.) voi n\u00e4hd\u00e4 Rukaj\u00e4rvikeskuksessa.<\/p>\n<p><span class=\"embed-youtube\" style=\"text-align:center; display: block;\"><iframe loading=\"lazy\" class=\"youtube-player\" width=\"530\" height=\"299\" src=\"https:\/\/www.youtube.com\/embed\/W62EJ0EzPiU?version=3&#038;rel=1&#038;showsearch=0&#038;showinfo=1&#038;iv_load_policy=1&#038;fs=1&#038;hl=fi&#038;autohide=2&#038;wmode=transparent\" allowfullscreen=\"true\" style=\"border:0;\" sandbox=\"allow-scripts allow-same-origin allow-popups allow-presentation allow-popups-to-escape-sandbox\"><\/iframe><\/span><\/p>\n<p>Rukaj\u00e4rvikeskuksessa voi katsoa my\u00f6s lottien Hilja L\u00e4ms\u00e4n (o.s) Heinosen, Helvi (o.s. Kananen) Lonkilan sek\u00e4 Salme Sulosen haastattelut.<\/p>\n","protected":false},"excerpt":{"rendered":"<p>Parhaat onnittelut Rukaj\u00e4rven suunnan historiayhdistys onnitteli kamarineuvos Laila Halmetta h\u00e4nen merkkip\u00e4iv\u00e4n\u00e4\u00e4n. Samalla h\u00e4nelle v\u00e4litettiin yhdistyksemme perustajaj\u00e4senten reservin majuri Pentti Perttulin ja kenraaliluutnantti Ermei Kannisen onnentoivotukset ja terveiset. Laila Halme (o.s. <a class=\"more-link\" href=\"https:\/\/www.rukajarvensuunnanhistoriayhdistys.fi\/rukajarvikeskus\/ajankohtaista\/kamarineuvos-laila-halmetta-onniteltiin-tampereella-amurin-helmessa\/\">Lue lis\u00e4\u00e4&#8230;<span class=\"screen-reader-text\">Kamarineuvos Laila Halmetta onniteltiin Tampereella Amurin  Helmess\u00e4.<\/span><span class=\"meta-nav\">\u2192<\/span><\/a><\/p>\n","protected":false},"author":4,"featured_media":0,"comment_status":"closed","ping_status":"open","sticky":false,"template":"","format":"standard","meta":{"ngg_post_thumbnail":0,"_jetpack_newsletter_access":"","_jetpack_dont_email_post_to_subs":false,"_jetpack_newsletter_tier_id":0,"_jetpack_memberships_contains_paywalled_content":false,"_jetpack_memberships_contains_paid_content":false,"footnotes":""},"categories":[26],"tags":[],"class_list":["post-748","post","type-post","status-publish","format-standard","hentry","category-ajankohtaista"],"jetpack_featured_media_url":"","jetpack_sharing_enabled":true,"jetpack_shortlink":"https:\/\/wp.me\/p72N2f-c4","_links":{"self":[{"href":"https:\/\/www.rukajarvensuunnanhistoriayhdistys.fi\/rukajarvikeskus\/wp-json\/wp\/v2\/posts\/748","targetHints":{"allow":["GET"]}}],"collection":[{"href":"https:\/\/www.rukajarvensuunnanhistoriayhdistys.fi\/rukajarvikeskus\/wp-json\/wp\/v2\/posts"}],"about":[{"href":"https:\/\/www.rukajarvensuunnanhistoriayhdistys.fi\/rukajarvikeskus\/wp-json\/wp\/v2\/types\/post"}],"author":[{"embeddable":true,"href":"https:\/\/www.rukajarvensuunnanhistoriayhdistys.fi\/rukajarvikeskus\/wp-json\/wp\/v2\/users\/4"}],"replies":[{"embeddable":true,"href":"https:\/\/www.rukajarvensuunnanhistoriayhdistys.fi\/rukajarvikeskus\/wp-json\/wp\/v2\/comments?post=748"}],"version-history":[{"count":12,"href":"https:\/\/www.rukajarvensuunnanhistoriayhdistys.fi\/rukajarvikeskus\/wp-json\/wp\/v2\/posts\/748\/revisions"}],"predecessor-version":[{"id":794,"href":"https:\/\/www.rukajarvensuunnanhistoriayhdistys.fi\/rukajarvikeskus\/wp-json\/wp\/v2\/posts\/748\/revisions\/794"}],"wp:attachment":[{"href":"https:\/\/www.rukajarvensuunnanhistoriayhdistys.fi\/rukajarvikeskus\/wp-json\/wp\/v2\/media?parent=748"}],"wp:term":[{"taxonomy":"category","embeddable":true,"href":"https:\/\/www.rukajarvensuunnanhistoriayhdistys.fi\/rukajarvikeskus\/wp-json\/wp\/v2\/categories?post=748"},{"taxonomy":"post_tag","embeddable":true,"href":"https:\/\/www.rukajarvensuunnanhistoriayhdistys.fi\/rukajarvikeskus\/wp-json\/wp\/v2\/tags?post=748"}],"curies":[{"name":"wp","href":"https:\/\/api.w.org\/{rel}","templated":true}]}}