{"id":770,"date":"2013-09-26T20:15:07","date_gmt":"2013-09-26T17:15:07","guid":{"rendered":"http:\/\/www.rukajarvensuunnanhistoriayhdistys.fi\/rukajarvikeskus\/?p=770"},"modified":"2013-09-27T14:27:21","modified_gmt":"2013-09-27T11:27:21","slug":"parhaat-kiitoksemme-kulttuurien-museolle-ja-sita-myota-suomen-kansallismuseolle","status":"publish","type":"post","link":"https:\/\/www.rukajarvensuunnanhistoriayhdistys.fi\/rukajarvikeskus\/ajankohtaista\/parhaat-kiitoksemme-kulttuurien-museolle-ja-sita-myota-suomen-kansallismuseolle\/","title":{"rendered":"Parhaat kiitoksemme Kulttuurien museolle ja sit\u00e4 my\u00f6t\u00e4 Suomen Kansallismuseolle"},"content":{"rendered":"<div class=\"fcbkbttn_buttons_block\" id=\"fcbkbttn_left\"><div class=\"fcbkbttn_like \"><fb:like href=\"https:\/\/www.rukajarvensuunnanhistoriayhdistys.fi\/rukajarvikeskus\/ajankohtaista\/parhaat-kiitoksemme-kulttuurien-museolle-ja-sita-myota-suomen-kansallismuseolle\/\" action=\"like\" colorscheme=\"light\" layout=\"button_count\"  size=\"small\"><\/fb:like><\/div><\/div><p>&nbsp;<\/p>\n<figure id=\"attachment_782\" aria-describedby=\"caption-attachment-782\" style=\"width: 644px\" class=\"wp-caption alignnone\"><a href=\"http:\/\/www.rukajarvensuunnanhistoriayhdistys.fi\/rukajarvikeskus\/wp-content\/uploads\/2013\/09\/WP_20130613_024-Timitran-Linna.jpg\"><img loading=\"lazy\" decoding=\"async\" class=\"size-large wp-image-782\" alt=\"Rukaj\u00e4rvikeskus toimii Lieksassa perinteikk\u00e4\u00e4ss\u00e4 Timitran linnassa. T\u00e4ss\u00e4 rakennuksessa sijaitsi Rajavartiokoulu 1935 - 1956 sek\u00e4 Lieksan Rajakomppanian ja rajavartioalueen komento- ja johtopaikka 1935 - 2004.\" src=\"http:\/\/www.rukajarvensuunnanhistoriayhdistys.fi\/rukajarvikeskus\/wp-content\/uploads\/2013\/09\/WP_20130613_024-Timitran-Linna-1024x576.jpg\" width=\"644\" height=\"362\" srcset=\"https:\/\/www.rukajarvensuunnanhistoriayhdistys.fi\/rukajarvikeskus\/wp-content\/uploads\/2013\/09\/WP_20130613_024-Timitran-Linna-1024x576.jpg 1024w, https:\/\/www.rukajarvensuunnanhistoriayhdistys.fi\/rukajarvikeskus\/wp-content\/uploads\/2013\/09\/WP_20130613_024-Timitran-Linna-300x168.jpg 300w\" sizes=\"auto, (max-width: 644px) 100vw, 644px\" \/><\/a><figcaption id=\"caption-attachment-782\" class=\"wp-caption-text\">Rukaj\u00e4rvikeskus toimii Lieksassa perinteikk\u00e4\u00e4ss\u00e4 Timitran linnassa. T\u00e4ss\u00e4 rakennuksessa sijaitsi Rajavartiokoulu 1935 &#8211; 1956 sek\u00e4 Lieksan Rajakomppanian ja rajavartioalueen komento- ja johtopaikka 1935 &#8211; 2004.<\/figcaption><\/figure>\n<p>Kulttuurien museon n\u00e4yttelyt Tennispalatsissa suljettiin kes\u00e4n alussa. Nyt se aloittaa toimintansa Kansallismuseon tiloissa Unioninkadulla. Tennispalatsista vapautui huomattava m\u00e4\u00e4r\u00e4 erilaista n\u00e4yttelylaitteistoa mm. lasivitriinej\u00e4 ja kuvakehyksi\u00e4. Rukaj\u00e4rvikeskus sai Kulttuurien museolta em. laitteet lahjoituksena. T\u00e4m\u00e4 mahdollisti Rukaj\u00e4rvikeskuksen avaamisen ennakkoon jo 1.7.2013.<\/p>\n<p>Tennispalatsin n\u00e4yttelyss\u00e4 osa koostui Marsalkka Mannerheimin Aasian matkan esineist\u00f6st\u00e4, joka oli sijoitettu nelj\u00e4\u00e4n varsin kookkaaseen vitriiniin. Marskin matkan esineist\u00f6\u00f6n voi tutustua viel\u00e4 netiss\u00e4. Silloinen Ven\u00e4j\u00e4n armeijan eversti <b>C. G. Mannerheim<\/b> vie virtuaalimatkaajan halki Keski-Aasian. Verkkon\u00e4yttely kuljettaa maailman eri kolkille nelj\u00e4ntoista suomalaisen maailmanmatkaajan mukana. &#8221;KAUKAA HAETTUA&#8221; -verkkon\u00e4yttely avautuu osoitteessa <a href=\"http:\/\/www.kaukaahaettua.fi\/\">www.kaukaahaettua.fi<\/a>.<\/p>\n<h2>Nimitimme saamamme vitriinit Marski-vitriineiksi.<\/h2>\n<figure id=\"attachment_772\" aria-describedby=\"caption-attachment-772\" style=\"width: 644px\" class=\"wp-caption alignnone\"><a href=\"http:\/\/www.rukajarvensuunnanhistoriayhdistys.fi\/rukajarvikeskus\/wp-content\/uploads\/2013\/09\/IMG_0091-Hannu-Saraluoto.jpg\"><img loading=\"lazy\" decoding=\"async\" class=\" wp-image-772  \" alt=\"Veteraanien taidokkaita puhdety\u00f6esineit\u00e4. Kuva Hannu Saraluoto.\" src=\"http:\/\/www.rukajarvensuunnanhistoriayhdistys.fi\/rukajarvikeskus\/wp-content\/uploads\/2013\/09\/IMG_0091-Hannu-Saraluoto-1024x772.jpg\" width=\"644\" height=\"485\" srcset=\"https:\/\/www.rukajarvensuunnanhistoriayhdistys.fi\/rukajarvikeskus\/wp-content\/uploads\/2013\/09\/IMG_0091-Hannu-Saraluoto-1024x772.jpg 1024w, https:\/\/www.rukajarvensuunnanhistoriayhdistys.fi\/rukajarvikeskus\/wp-content\/uploads\/2013\/09\/IMG_0091-Hannu-Saraluoto-300x226.jpg 300w\" sizes=\"auto, (max-width: 644px) 100vw, 644px\" \/><\/a><figcaption id=\"caption-attachment-772\" class=\"wp-caption-text\">Marski-vitriiniss\u00e4 veteraanien taidokkaita puhdety\u00f6esineit\u00e4. Kuva Hannu Saraluoto.<\/figcaption><\/figure>\n<p>&nbsp;<\/p>\n<figure id=\"attachment_774\" aria-describedby=\"caption-attachment-774\" style=\"width: 644px\" class=\"wp-caption alignnone\"><a href=\"http:\/\/www.rukajarvensuunnanhistoriayhdistys.fi\/rukajarvikeskus\/wp-content\/uploads\/2013\/09\/IMG_0100-Hannu-Saraluoto1.jpg\"><img loading=\"lazy\" decoding=\"async\" class=\" wp-image-774 \" alt=\"Marski-vitriinit ja ilmavalvontalottien Laila Halmeen, Eeva-Liisa Kumpulaisen sek\u00e4 Annikki Halmeen valokuva-albumit.  Kuva hannu Saraluoto.\" src=\"http:\/\/www.rukajarvensuunnanhistoriayhdistys.fi\/rukajarvikeskus\/wp-content\/uploads\/2013\/09\/IMG_0100-Hannu-Saraluoto1-1024x547.jpg\" width=\"644\" height=\"344\" srcset=\"https:\/\/www.rukajarvensuunnanhistoriayhdistys.fi\/rukajarvikeskus\/wp-content\/uploads\/2013\/09\/IMG_0100-Hannu-Saraluoto1-1024x547.jpg 1024w, https:\/\/www.rukajarvensuunnanhistoriayhdistys.fi\/rukajarvikeskus\/wp-content\/uploads\/2013\/09\/IMG_0100-Hannu-Saraluoto1-300x160.jpg 300w\" sizes=\"auto, (max-width: 644px) 100vw, 644px\" \/><\/a><figcaption id=\"caption-attachment-774\" class=\"wp-caption-text\">Marski-vitriinit ja ilmavalvontalottien Laila Halmeen, Eeva-Liisa Kumpulaisen sek\u00e4 Annikki Halmeen valokuva-albumit. Kuva Hannu Saraluoto.<\/figcaption><\/figure>\n<p>Rukaj\u00e4rvikeskuksessa asetimme niist\u00e4 yhteen Rintamalottien valokuvat, toiseen Rukaj\u00e4rven veteraani kenraaliluutnantti Erkki Set\u00e4l\u00e4n aineistoa, johon kuuluu p\u00e4tk\u00e4 Muurmannin radan kiskoa sek\u00e4 taiteilija H\u00e4iv\u00e4ojan teoksen Rukaj\u00e4rven Jotos-muistomerkin pienoismalli. Asetimme vitriiniin lis\u00e4ksi reservin majuri Pentti Perttulin sota-aikaisen valokuva-albumin. Perttulin albumissa on h\u00e4nen sota-aikana kirjoittamansa ja kuvittamansa selostukset Jatkosodan taisteluista. Perttuli johti partiota, joka kiersi Repolan Lieksaj\u00e4rven, sit\u00e4 kuvaa v. 1999 valmistunut Rukaj\u00e4rven tie elokuva. Perttulin albumista l\u00f6ytyv\u00e4t tarkat muistiinpanot tammikuussa 1942 Os.Majewskin Muurmannin radan partioretkest\u00e4, jolle h\u00e4n yhdess\u00e4 komppanianp\u00e4\u00e4llikk\u00f6ns\u00e4 Set\u00e4l\u00e4n kanssa osallistui. Kolmanteen vitriiniin sijoitimme kaukopartiomies, luutnantti Jussi Vainion aineistoa, ja nelj\u00e4nteen vitriiniin Rukaj\u00e4rven rintaman veteraanien puhdety\u00f6esineist\u00f6\u00e4.<\/p>\n<p>Mainittakoon, ett\u00e4 em. H\u00e4iv\u00e4ojan Jotos veistos k\u00e4ynnisti v. 1965 mittavan Rukaj\u00e4rven suunnan veteraanien perinnety\u00f6n. Nyt tuota perinneaineistoa on koossa n. 20.000 sivua veteraanien kerrontaa, 700 veteraanin \u00e4\u00e4ninauhat, 130 veteraanin videohaastattelut, yli 7.000 veteraaneilta saatua valokuvaa ja suuri m\u00e4\u00e4r\u00e4 puhdety\u00f6esineit\u00e4, jotka tulevat olemaan esill\u00e4 Rukaj\u00e4rvikeskuksessa tulevina vuosina.<\/p>\n<h2>Marski-vitriineiss\u00e4 esill\u00e4 harvinaisuudet<\/h2>\n<p>Kulttuurien museolta saamiimme Marski-vitriineihin sijoitimme esineist\u00f6n harvinaisuudet. Kaikki Marski-vitriinien esinekokonaisuudet liittyv\u00e4t ja kuvaavat keskeisesti Rukaj\u00e4rven suunnan er\u00e4maasodan taistelutoimintaa. Rukaj\u00e4rven suunnan joukot oli ainut yhtym\u00e4, joka oli suoraan ylip\u00e4\u00e4llik\u00f6n ja P\u00e4\u00e4majan alaisuudessa. Rukaj\u00e4rven rintama lahjoitti Mannerheimille Repolan Lieksaj\u00e4rven rannalla sijainneen mets\u00e4stysmajan, joka sodan j\u00e4lkeen siirrettiin Lopelle Puneliaj\u00e4rven rannalle.\u00a0 Er\u00e4maasotaan kuuluivat keskeisesti kaukopartiotoiminta, josta mm. tammikuussa 1942 Muurmannin radan partioretki on osoituksena. Marski-vitriineihin halusimme sijoittaa my\u00f6s sodanj\u00e4lkeen veteraanien kokoamaa perinneaineistoa, mik\u00e4 muodostaa Rukaj\u00e4rvikeskuksen tulevien n\u00e4yttelyitten perustan ja on siten koko sen tulevan toiminnan ydin.<\/p>\n<figure id=\"attachment_775\" aria-describedby=\"caption-attachment-775\" style=\"width: 644px\" class=\"wp-caption alignnone\"><a href=\"http:\/\/www.rukajarvensuunnanhistoriayhdistys.fi\/rukajarvikeskus\/wp-content\/uploads\/2013\/09\/IMG_0103-Hannu-Saraluoto.jpg\"><img loading=\"lazy\" decoding=\"async\" class=\" wp-image-775  \" alt=\"Marski-vitriinit ja taiteilija H\u00e4iv\u00e4ojan Rukaj\u00e4rven rintaman muistomerkin &quot;Jotos pienoismalli.  Kuva hannu Saraluoto.\" src=\"http:\/\/www.rukajarvensuunnanhistoriayhdistys.fi\/rukajarvikeskus\/wp-content\/uploads\/2013\/09\/IMG_0103-Hannu-Saraluoto-1024x761.jpg\" width=\"644\" height=\"478\" srcset=\"https:\/\/www.rukajarvensuunnanhistoriayhdistys.fi\/rukajarvikeskus\/wp-content\/uploads\/2013\/09\/IMG_0103-Hannu-Saraluoto-1024x761.jpg 1024w, https:\/\/www.rukajarvensuunnanhistoriayhdistys.fi\/rukajarvikeskus\/wp-content\/uploads\/2013\/09\/IMG_0103-Hannu-Saraluoto-300x222.jpg 300w\" sizes=\"auto, (max-width: 644px) 100vw, 644px\" \/><\/a><figcaption id=\"caption-attachment-775\" class=\"wp-caption-text\">Marski-vitriinit ja taiteilija H\u00e4iv\u00e4ojan Rukaj\u00e4rven rintaman muistomerkin &#8221;Jotos pienoismalli sek\u00e4 Set\u00e4l\u00e4n aseveljien lahjana Muurmannin ratakiskon p\u00e4tk\u00e4. Kuva Hannu Saraluoto.<\/figcaption><\/figure>\n<h2>Parhaat kiitoksemme<\/h2>\n<p>Esit\u00e4mme Kulttuurien museolle ja Suomen kansallismuseolle mit\u00e4 parhaimmat kiitoksemme saamastamme mittavasta tuesta ja ohjauksesta.<\/p>\n","protected":false},"excerpt":{"rendered":"<p>&nbsp; Kulttuurien museon n\u00e4yttelyt Tennispalatsissa suljettiin kes\u00e4n alussa. Nyt se aloittaa toimintansa Kansallismuseon tiloissa Unioninkadulla. Tennispalatsista vapautui huomattava m\u00e4\u00e4r\u00e4 erilaista n\u00e4yttelylaitteistoa mm. lasivitriinej\u00e4 ja kuvakehyksi\u00e4. Rukaj\u00e4rvikeskus sai Kulttuurien museolta em. <a class=\"more-link\" href=\"https:\/\/www.rukajarvensuunnanhistoriayhdistys.fi\/rukajarvikeskus\/ajankohtaista\/parhaat-kiitoksemme-kulttuurien-museolle-ja-sita-myota-suomen-kansallismuseolle\/\">Lue lis\u00e4\u00e4&#8230;<span class=\"screen-reader-text\">Parhaat kiitoksemme Kulttuurien museolle ja sit\u00e4 my\u00f6t\u00e4 Suomen Kansallismuseolle<\/span><span class=\"meta-nav\">\u2192<\/span><\/a><\/p>\n","protected":false},"author":4,"featured_media":774,"comment_status":"closed","ping_status":"open","sticky":false,"template":"","format":"standard","meta":{"ngg_post_thumbnail":0,"_jetpack_newsletter_access":"","_jetpack_dont_email_post_to_subs":false,"_jetpack_newsletter_tier_id":0,"_jetpack_memberships_contains_paywalled_content":false,"_jetpack_memberships_contains_paid_content":false,"footnotes":""},"categories":[26],"tags":[],"class_list":["post-770","post","type-post","status-publish","format-standard","has-post-thumbnail","hentry","category-ajankohtaista"],"jetpack_featured_media_url":"https:\/\/www.rukajarvensuunnanhistoriayhdistys.fi\/rukajarvikeskus\/wp-content\/uploads\/2013\/09\/IMG_0100-Hannu-Saraluoto1.jpg","jetpack_sharing_enabled":true,"jetpack_shortlink":"https:\/\/wp.me\/p72N2f-cq","_links":{"self":[{"href":"https:\/\/www.rukajarvensuunnanhistoriayhdistys.fi\/rukajarvikeskus\/wp-json\/wp\/v2\/posts\/770","targetHints":{"allow":["GET"]}}],"collection":[{"href":"https:\/\/www.rukajarvensuunnanhistoriayhdistys.fi\/rukajarvikeskus\/wp-json\/wp\/v2\/posts"}],"about":[{"href":"https:\/\/www.rukajarvensuunnanhistoriayhdistys.fi\/rukajarvikeskus\/wp-json\/wp\/v2\/types\/post"}],"author":[{"embeddable":true,"href":"https:\/\/www.rukajarvensuunnanhistoriayhdistys.fi\/rukajarvikeskus\/wp-json\/wp\/v2\/users\/4"}],"replies":[{"embeddable":true,"href":"https:\/\/www.rukajarvensuunnanhistoriayhdistys.fi\/rukajarvikeskus\/wp-json\/wp\/v2\/comments?post=770"}],"version-history":[{"count":4,"href":"https:\/\/www.rukajarvensuunnanhistoriayhdistys.fi\/rukajarvikeskus\/wp-json\/wp\/v2\/posts\/770\/revisions"}],"predecessor-version":[{"id":785,"href":"https:\/\/www.rukajarvensuunnanhistoriayhdistys.fi\/rukajarvikeskus\/wp-json\/wp\/v2\/posts\/770\/revisions\/785"}],"wp:featuredmedia":[{"embeddable":true,"href":"https:\/\/www.rukajarvensuunnanhistoriayhdistys.fi\/rukajarvikeskus\/wp-json\/wp\/v2\/media\/774"}],"wp:attachment":[{"href":"https:\/\/www.rukajarvensuunnanhistoriayhdistys.fi\/rukajarvikeskus\/wp-json\/wp\/v2\/media?parent=770"}],"wp:term":[{"taxonomy":"category","embeddable":true,"href":"https:\/\/www.rukajarvensuunnanhistoriayhdistys.fi\/rukajarvikeskus\/wp-json\/wp\/v2\/categories?post=770"},{"taxonomy":"post_tag","embeddable":true,"href":"https:\/\/www.rukajarvensuunnanhistoriayhdistys.fi\/rukajarvikeskus\/wp-json\/wp\/v2\/tags?post=770"}],"curies":[{"name":"wp","href":"https:\/\/api.w.org\/{rel}","templated":true}]}}