{"id":795,"date":"2013-10-01T07:42:01","date_gmt":"2013-10-01T04:42:01","guid":{"rendered":"http:\/\/www.rukajarvensuunnanhistoriayhdistys.fi\/rukajarvikeskus\/?p=795"},"modified":"2013-10-02T22:26:41","modified_gmt":"2013-10-02T19:26:41","slug":"laila-halme-suomi-pinteessa-halusimme-auttaa","status":"publish","type":"post","link":"https:\/\/www.rukajarvensuunnanhistoriayhdistys.fi\/rukajarvikeskus\/luokittelematon\/laila-halme-suomi-pinteessa-halusimme-auttaa\/","title":{"rendered":"Laila Halme: Suomi pinteess\u00e4 &#8211; Halusimme auttaa"},"content":{"rendered":"<div class=\"fcbkbttn_buttons_block\" id=\"fcbkbttn_left\"><div class=\"fcbkbttn_like \"><fb:like href=\"https:\/\/www.rukajarvensuunnanhistoriayhdistys.fi\/rukajarvikeskus\/luokittelematon\/laila-halme-suomi-pinteessa-halusimme-auttaa\/\" action=\"like\" colorscheme=\"light\" layout=\"button_count\"  size=\"small\"><\/fb:like><\/div><\/div><p>Tulee kuluneeksi 70 vuotta siit\u00e4, kun kamarineuvos Laila Halmeen Rukaj\u00e4rven komennus p\u00e4\u00e4ttyi. H\u00e4n toimi Rukaj\u00e4vell\u00e4 ilmavalvontalottana yst\u00e4viens\u00e4 kanssa. Yst\u00e4vyys on s\u00e4ilynyt n\u00e4ihin p\u00e4iviin saakka.<\/p>\n<p>Seuraavassa Rukaj\u00e4rven suunnan historiayhdistyksen kokoelmiin tallennetussa videodokumentissa\u00a0Laila Halme\u00a0kertoo tuosta ajasta, ensin viikon aika Rukaj\u00e4rven kyl\u00e4ss\u00e4, josta he muuttivat Tiiskj\u00e4rven lentokent\u00e4n alueelle.<\/p>\n<p>Yst\u00e4vykset Laila Halme Tampereelta, Eeva-Liisa Kumpulainen Helsingist\u00e4\u00a0ja\u00a0Annikki Lehmus H\u00e4meenlinnasta\u00a0ovat pit\u00e4neet jatkuvasti yhteytt\u00e4 toisiinsa. He olivat Rukaj\u00e4rvelle tullessaan 17 &#8211; 19 vuotiaita, josta syyst\u00e4 esimiehet kutsuivat &#8221;Korvan&#8221; IVAK:n lottia &#8221;lastentarhaksi&#8221;. Korva oli peitenimi.<\/p>\n<p>Seuraaavassa ote (14:50 min) kamarineuvos Laila Halmeen antamasta haastattelusta &#8221;Suomi pinteess\u00e4 &#8211; Halusimme auttaa Is\u00e4nmaata&#8221;. Koko haastattelun (56 min.) voi n\u00e4hd\u00e4 Rukaj\u00e4rvikeskuksessa.<\/p>\n<p><span class=\"embed-youtube\" style=\"text-align:center; display: block;\"><iframe loading=\"lazy\" class=\"youtube-player\" width=\"530\" height=\"299\" src=\"https:\/\/www.youtube.com\/embed\/W62EJ0EzPiU?version=3&#038;rel=1&#038;showsearch=0&#038;showinfo=1&#038;iv_load_policy=1&#038;fs=1&#038;hl=fi&#038;autohide=2&#038;wmode=transparent\" allowfullscreen=\"true\" style=\"border:0;\" sandbox=\"allow-scripts allow-same-origin allow-popups allow-presentation allow-popups-to-escape-sandbox\"><\/iframe><\/span><\/p>\n<p>Laila Halme oli Rukaj\u00e4rvell\u00e4 8.7.1942 &#8211; 5.9.1943 v\u00e4lisen ajan. Rukaj\u00e4rvelt\u00e4 matka jatkui koulunpenkille, josta takaisin rintamalle 1944, nyt Syv\u00e4rille, per\u00e4\u00e4ntymisvaiheessa viimeisess\u00e4 junassa kotiin Suomenlinnaan, josta h\u00e4n siirtyi Porkkalaa evakuoimaan ja vasta sielt\u00e4 lotat p\u00e4\u00e4siv\u00e4t siviilit\u00f6ihin ja nuoren sukupolven opiskelu saattoi jatkua.<\/p>\n<p>H\u00e4nen, samoin kuin h\u00e4nen yst\u00e4viens\u00e4, ilmavalvontalottien, Annikki Lehmuksen ja Eeva-Liisa Kumpulaisen videohaastattelut on n\u00e4ht\u00e4viss\u00e4 kokonaisuudessaan Lieksassa Rukaj\u00e4rvikeskuksessa.\u00a0Haastattelujen yhteydess\u00e4 \u00a0tallennettiin yhdistyksen digiarkistoon poikkeuksellisen arvokas, per\u00e4ti n. 500 valokuvaa k\u00e4sitt\u00e4v\u00e4 kokoelma.<\/p>\n<p>Rukaj\u00e4rvikeskuksessa\u00a0ovat katsottavissa my\u00f6s lottien Hilja L\u00e4ms\u00e4n, Helvi Lonkilan sek\u00e4 Salme Sulosen haastattelut.<\/p>\n","protected":false},"excerpt":{"rendered":"<p>Tulee kuluneeksi 70 vuotta siit\u00e4, kun kamarineuvos Laila Halmeen Rukaj\u00e4rven komennus p\u00e4\u00e4ttyi. H\u00e4n toimi Rukaj\u00e4vell\u00e4 ilmavalvontalottana yst\u00e4viens\u00e4 kanssa. Yst\u00e4vyys on s\u00e4ilynyt n\u00e4ihin p\u00e4iviin saakka. Seuraavassa Rukaj\u00e4rven suunnan historiayhdistyksen kokoelmiin tallennetussa <a class=\"more-link\" href=\"https:\/\/www.rukajarvensuunnanhistoriayhdistys.fi\/rukajarvikeskus\/luokittelematon\/laila-halme-suomi-pinteessa-halusimme-auttaa\/\">Lue lis\u00e4\u00e4&#8230;<span class=\"screen-reader-text\">Laila Halme: Suomi pinteess\u00e4 &#8211; Halusimme auttaa<\/span><span class=\"meta-nav\">\u2192<\/span><\/a><\/p>\n","protected":false},"author":4,"featured_media":0,"comment_status":"closed","ping_status":"open","sticky":false,"template":"","format":"standard","meta":{"ngg_post_thumbnail":0,"_jetpack_newsletter_access":"","_jetpack_dont_email_post_to_subs":false,"_jetpack_newsletter_tier_id":0,"_jetpack_memberships_contains_paywalled_content":false,"_jetpack_memberships_contains_paid_content":false,"footnotes":""},"categories":[1,30],"tags":[],"class_list":["post-795","post","type-post","status-publish","format-standard","hentry","category-luokittelematon","category-muistelmat"],"jetpack_featured_media_url":"","jetpack_sharing_enabled":true,"jetpack_shortlink":"https:\/\/wp.me\/p72N2f-cP","_links":{"self":[{"href":"https:\/\/www.rukajarvensuunnanhistoriayhdistys.fi\/rukajarvikeskus\/wp-json\/wp\/v2\/posts\/795","targetHints":{"allow":["GET"]}}],"collection":[{"href":"https:\/\/www.rukajarvensuunnanhistoriayhdistys.fi\/rukajarvikeskus\/wp-json\/wp\/v2\/posts"}],"about":[{"href":"https:\/\/www.rukajarvensuunnanhistoriayhdistys.fi\/rukajarvikeskus\/wp-json\/wp\/v2\/types\/post"}],"author":[{"embeddable":true,"href":"https:\/\/www.rukajarvensuunnanhistoriayhdistys.fi\/rukajarvikeskus\/wp-json\/wp\/v2\/users\/4"}],"replies":[{"embeddable":true,"href":"https:\/\/www.rukajarvensuunnanhistoriayhdistys.fi\/rukajarvikeskus\/wp-json\/wp\/v2\/comments?post=795"}],"version-history":[{"count":5,"href":"https:\/\/www.rukajarvensuunnanhistoriayhdistys.fi\/rukajarvikeskus\/wp-json\/wp\/v2\/posts\/795\/revisions"}],"predecessor-version":[{"id":800,"href":"https:\/\/www.rukajarvensuunnanhistoriayhdistys.fi\/rukajarvikeskus\/wp-json\/wp\/v2\/posts\/795\/revisions\/800"}],"wp:attachment":[{"href":"https:\/\/www.rukajarvensuunnanhistoriayhdistys.fi\/rukajarvikeskus\/wp-json\/wp\/v2\/media?parent=795"}],"wp:term":[{"taxonomy":"category","embeddable":true,"href":"https:\/\/www.rukajarvensuunnanhistoriayhdistys.fi\/rukajarvikeskus\/wp-json\/wp\/v2\/categories?post=795"},{"taxonomy":"post_tag","embeddable":true,"href":"https:\/\/www.rukajarvensuunnanhistoriayhdistys.fi\/rukajarvikeskus\/wp-json\/wp\/v2\/tags?post=795"}],"curies":[{"name":"wp","href":"https:\/\/api.w.org\/{rel}","templated":true}]}}